{"id":76365,"date":"2019-04-24T18:57:00","date_gmt":"2019-04-24T21:57:00","guid":{"rendered":"https:\/\/verde-amarelo.net\/verdeamarelo\/2019\/04\/portal-embarque-na-viagem-lista-5-experiencias-em-lisboa-que-sao-imperdiveis\/"},"modified":"2019-04-24T18:57:00","modified_gmt":"2019-04-24T21:57:00","slug":"portal-embarque-na-viagem-lista-5-experiencias-em-lisboa-que-sao-imperdiveis","status":"publish","type":"post","link":"https:\/\/verde-amarelo.net\/verdeamarelo\/2019\/04\/portal-embarque-na-viagem-lista-5-experiencias-em-lisboa-que-sao-imperdiveis\/","title":{"rendered":"Portal Embarque na Viagem lista 5 experi\u00eancias em Lisboa que s\u00e3o imperd\u00edveis"},"content":{"rendered":"<p><span class=\"xn-location\">RIO DE JANEIRO<\/span>, 24 de abril de 2019  &#8212; Naira Amorelli, editora do Portal <a href=\"http:\/\/www.embarquenaviagem.com\/\" rel=\"nofollow noopener noreferrer\" target=\"_blank\">Embarque na Viagem<\/a> viajou para <span class=\"xn-location\">Portugal<\/span> no final do ano passado em press trip organizada pelo <a href=\"https:\/\/portaldeportugal.com\/\" rel=\"nofollow noopener noreferrer\" target=\"_blank\">Portal de <span class=\"xn-location\">Portugal<\/span><\/a>, e ao chegar em terras portuguesas encontrou uma <span class=\"xn-location\">Lisboa<\/span> mais vers\u00e1til e din\u00e2mica. E entre in\u00fameras atividades, o Portal Embarque na Viagem compartilhou cinco experi\u00eancias imperd\u00edveis &#8211; todas testadas por ela &#8211; que a cidade pode oferecer e que confirmam que para toda a ocasi\u00e3o, h\u00e1 uma <span class=\"xn-location\">Lisboa<\/span> a se descobrir.<\/p>&nbsp;&nbsp;\n<p><strong>Um tour de el\u00e9trico<\/strong><\/p>\n<p>Uma das melhores formas de dar uma panor\u00e2mica pela cidade \u00e9 fazer um passeio de el\u00e9trico para j\u00e1 sentir o clima da cidade logo na sua chegada. Voc\u00ea pode optar por algumas rotas e n\u00e3o necessariamente ficar limitado ao Prazeres 28. O el\u00e9trico que vai at\u00e9 Bel\u00e9m, por exemplo, \u00e9 mais uma esp\u00e9cie de metr\u00f4 de superf\u00edcie, n\u00e3o tem aquele clim\u00e3o de antiguinho, mas ainda assim est\u00e1 valendo para ir at\u00e9 a famosa pastelaria comer um pastel de Bel\u00e9m, conhecer o Mosteiro dos Jer\u00f4nimos e a famosa Torre.<\/p>&nbsp;&nbsp;\n<p><strong>Passeio cl\u00e1ssico pelos bairros lisboetas<\/strong><\/p>\n<p>Muito do encanto de <span class=\"xn-location\">Lisboa<\/span> ainda reside nos seus bairros e ruas mais ic\u00f4nicas, que nos transportam para uma capital menos urbana e mais bairrista. As fachadas em azulejo, as roupas estendidas e as vizinhas a conversar entre janelas ainda fazem parte da identidade da cidade e vale a pena fazer esse conhecimento de territ\u00f3rio. Deixe-se perder por entre as ruas (umas mais estreitas e inclinadas que outras) para encontrar uma parte de <span class=\"xn-location\">Lisboa<\/span> mais aut\u00eantica.<\/p>&nbsp;&nbsp;\n<p><strong>Caminhe sem pressa<\/strong><\/p>\n<p>A p\u00e9, subindo de um dos v\u00e1rios elevadores ou de tuk-tuk \u2014 uma op\u00e7\u00e3o cada vez mais comum na cidade e que permite fazer uma visita guiada pelos lugares exteriores mais emblem\u00e1ticos de <span class=\"xn-location\">Lisboa<\/span> \u2014 leve a sua m\u00e1quina fotogr\u00e1fica, inclua o Bairro Alto, Cais do Sodr\u00e9, Alfama e Mouraria no mapa e conhe\u00e7a o lado mais genu\u00edno de <span class=\"xn-location\">Lisboa<\/span>. Para se presentear entre caminhadas e subidas \u00edngremes, deleite-se e descanse com as vistas dignas de postal de alguns dos miradouros que desembocam destes bairros: Miradouro de <span class=\"xn-person\">Santa Catarina<\/span>, Miradouro da Gra\u00e7a ou Miradouro Portas do Sol.<\/p>&nbsp;&nbsp;\n<p><strong>Noites no Observat\u00f3rio<\/strong><\/p>\n<p>Noites no Observat\u00f3rio \u00e9 o programa ideal para aqueles que vivem de olhos postos nas estrelas e procuram por uma experi\u00eancia de s\u00e1bado \u00e0 noite um pouco diferente e um tanto interessante.<\/p>&nbsp;&nbsp;\n<p>No \u00faltimo s\u00e1bado de cada m\u00eas, acontece, \u00e0 noite, no Planet\u00e1rio Calouste Gulbenkian, o projeto desenvolvido pelo Instituto de Astrof\u00edsica e Ci\u00eancias do Espa\u00e7o. O programa conta sempre com uma breve palestra, seguido de um espet\u00e1culo de m\u00fasica e efeitos na c\u00fapula do Planet\u00e1rio. Se as condi\u00e7\u00f5es exteriores assim permitirem, a noite termina com incr\u00edveis observa\u00e7\u00f5es astron\u00f4micas em telesc\u00f3pios, todas guiadas por um volunt\u00e1rio do projeto.<\/p>&nbsp;&nbsp;\n<p>O &#8220;Noites no Observat\u00f3rio&#8221; est\u00e1 desenhado para ser adequado a v\u00e1rios tipos de p\u00fablico, incluindo curiosos (como eu), acad\u00eamicos e at\u00e9 crian\u00e7as, e \u00e9 totalmente gratuito \u2014 voc\u00ea precisa apenas se inscrever.<\/p>&nbsp;&nbsp;\n<p><strong>Estufa Fria<\/strong><\/p>\n<p><span class=\"xn-location\">Lisboa<\/span> \u00e9 (tamb\u00e9m) conhecida pela sua personalidade ca\u00f3tica e urbana, mas h\u00e1 sempre uma fuga poss\u00edvel para um lugar mais ex\u00f3tico, imersivo e tranquilo. E se voc\u00ea \u00e9 um apaixonado por natureza e tamb\u00e9m curte essas imers\u00f5es diferenciadas em suas viagens, a Estufa Fria \u00e9 a dica perfeita.<\/p>&nbsp;&nbsp;\n<p>Localizada no bel\u00edssimo Parque Eduardo VII, o complexo divide-se em tr\u00eas grandes estufas: Fria \u2014 que abriga plantas de todo o planeta; Quente \u2014 para flora tropical; e Doce \u2014 perfeita para amantes de cactus. A variedade de cada uma \u00e9 de perder de vista e deixa qualquer visitante deslumbrado. Certamente voc\u00ea vai sentir que se perdeu numa floresta. Para al\u00e9m disso, os sons, os cheiros, as temperaturas e o visual de cada um dos ambientes tornam a visita \u00fanica, perfeito para relaxar e recarregar baterias num ambiente repleto de verde e paz.<\/p>&nbsp;&nbsp;\n<p><strong>Ler Devagar<\/strong><\/p>\n<p>A livraria Ler Devagar \u00e9, talvez, a Meca dos amantes de livros, em <span class=\"xn-location\">Lisboa<\/span>. Nasceu numa litografia do Bairro Alto mas acabou se mudando para a LxFactory; A Ler Devagar satisfaz qualquer apaixonado pela literatura. \u00c9 imposs\u00edvel ficar indiferente ao n\u00famero incont\u00e1vel de livros dispostos nas prateleiras que se iniciam do ch\u00e3o e chegam ao teto.<\/p>&nbsp;&nbsp;\n<p>Neste espa\u00e7o fascinante e de se perder por entre t\u00edtulos variados, n\u00e3o faltam novidades liter\u00e1rias, edi\u00e7\u00f5es recentes e volumes mais antigos. O ambiente industrial da loja mant\u00e9m uma caracter\u00edstica totalmente especial. Em uma subida aos patamares superiores, \u00e9 poss\u00edvel observar a livraria noutra perspectiva.<\/p>&nbsp;&nbsp;\n<p>Com v\u00e1rias mesinhas dispostas ao longo dos corredores e ainda dois caf\u00e9s com apetitosos lanches, a <strong>Livraria Ler Devagar<\/strong> \u00e9 o ponto ideal para uma tarde de estudo, para um encontro liter\u00e1rio ou simplesmente para ficar ali, mergulhada por entre os milhares de exemplares de hist\u00f3rias repousadas nas prateleiras.<\/p>&nbsp;&nbsp;\n<p>Contato:<\/p>\n<p><span class=\"xn-person\">Eduardo Madeira<\/span>: <a href=\"mailto:madeira@embarquenaviagem.com\" rel=\"nofollow noopener noreferrer\" target=\"_blank\">madeira@embarquenaviagem.com<\/a><\/p>\n<p>Celular\/Whatsapp: +55.21.96746-9983<\/p>\n<p><a href=\"http:\/\/www.portaldeportugal.com\/\" rel=\"nofollow noopener noreferrer\" target=\"_blank\">www.portaldeportugal.com<\/a><\/p>\n<p>FONTE Portal Embarque na Viagem<\/p>\n","protected":false},"excerpt":{"rendered":"<p>RIO DE JANEIRO, 24 de abril de 2019 &#8212; Naira Amorelli, editora do Portal Embarque&#8230;<\/p>\n","protected":false},"author":1,"featured_media":0,"comment_status":"open","ping_status":"open","sticky":false,"template":"","format":"standard","meta":{"fifu_image_url":"","fifu_image_alt":"","footnotes":""},"categories":[727],"tags":[],"class_list":["post-76365","post","type-post","status-publish","format-standard","hentry","category-noticias","wpcat-727-id"],"_links":{"self":[{"href":"https:\/\/verde-amarelo.net\/verdeamarelo\/wp-json\/wp\/v2\/posts\/76365","targetHints":{"allow":["GET"]}}],"collection":[{"href":"https:\/\/verde-amarelo.net\/verdeamarelo\/wp-json\/wp\/v2\/posts"}],"about":[{"href":"https:\/\/verde-amarelo.net\/verdeamarelo\/wp-json\/wp\/v2\/types\/post"}],"author":[{"embeddable":true,"href":"https:\/\/verde-amarelo.net\/verdeamarelo\/wp-json\/wp\/v2\/users\/1"}],"replies":[{"embeddable":true,"href":"https:\/\/verde-amarelo.net\/verdeamarelo\/wp-json\/wp\/v2\/comments?post=76365"}],"version-history":[{"count":0,"href":"https:\/\/verde-amarelo.net\/verdeamarelo\/wp-json\/wp\/v2\/posts\/76365\/revisions"}],"wp:attachment":[{"href":"https:\/\/verde-amarelo.net\/verdeamarelo\/wp-json\/wp\/v2\/media?parent=76365"}],"wp:term":[{"taxonomy":"category","embeddable":true,"href":"https:\/\/verde-amarelo.net\/verdeamarelo\/wp-json\/wp\/v2\/categories?post=76365"},{"taxonomy":"post_tag","embeddable":true,"href":"https:\/\/verde-amarelo.net\/verdeamarelo\/wp-json\/wp\/v2\/tags?post=76365"}],"curies":[{"name":"wp","href":"https:\/\/api.w.org\/{rel}","templated":true}]}}