{"id":76575,"date":"2016-05-04T17:15:04","date_gmt":"2016-05-04T20:15:04","guid":{"rendered":"https:\/\/verde-amarelo.net\/verdeamarelo\/2016\/05\/agrotins-vai-ter-promocao-para-clientes-de-caminhoes-volkswagen-e-man\/"},"modified":"2016-05-04T17:15:04","modified_gmt":"2016-05-04T20:15:04","slug":"agrotins-vai-ter-promocao-para-clientes-de-caminhoes-volkswagen-e-man","status":"publish","type":"post","link":"https:\/\/verde-amarelo.net\/verdeamarelo\/2016\/05\/agrotins-vai-ter-promocao-para-clientes-de-caminhoes-volkswagen-e-man\/","title":{"rendered":"Agrotins vai ter promo\u00e7\u00e3o para clientes de caminh\u00f5es Volkswagen e MAN"},"content":{"rendered":"<p>At\u00e9 7 de maio, a MAN Latin America e sua concession\u00e1ria TransRio estar\u00e3o na Agrotins para apresentar as vantagens dos caminh\u00f5es Volkswagen e MAN com promo\u00e7\u00f5es que ir\u00e3o surpreender os clientes. Alinhado ao conceito sob medida, taxas especiais e cons\u00f3rcio estar\u00e3o entre as ofertas para fechar bons neg\u00f3cios, com o atendimento de equipes especializadas. Para complementar o diferencial, os interessados v\u00e3o contar ainda com informa\u00e7\u00f5es sobre o p\u00f3s-vendas da montadora.<\/p>&nbsp;&nbsp;\n<p>\u201cO mercado de agroneg\u00f3cio \u00e9 um dos que mais crescem no Brasil e a MAN Latin America oferece produtos ideais para este segmento. Estaremos na Agrotins com o que de mais competitivo se pode oferecer aos pecuaristas, agricultores, empres\u00e1rios e frotistas da regi\u00e3o Norte, em rela\u00e7\u00e3o a produto, custo e servi\u00e7os\u201d, afirma Ricardo Alouche, vice-presidente de Vendas, Marketing e P\u00f3s-Vendas da MAN Latin America.<\/p>&nbsp;&nbsp;\n<p>Realizado na regi\u00e3o de Matopiba, o evento deve receber caravanas de todos os estados do Norte, atra\u00eddas pelas oportunidades. No espa\u00e7o da MAN Latin America, o p\u00fablico poder\u00e1 conhecer a oferta das marcas VW e MAN, l\u00edderes de vendas h\u00e1 13 anos consecutivos. Maior vitrine do agroneg\u00f3cio da regi\u00e3o Norte do pa\u00eds, a Agrotins contar\u00e1 com a exposi\u00e7\u00e3o de cinco caminh\u00f5es da MAN Latin America em um estande de 750 metros quadrados.<\/p>&nbsp;&nbsp;\n<p><strong>Linha campe\u00e3 na feira<\/strong><br \/>Os modelos de entrada ser\u00e3o os caminh\u00f5es leves Delivery 5.150 e 8.160 que se destacam principalmente no transporte de insumos e produtos agr\u00edcolas. O Delivery 5.150 \u00e9 refer\u00eancia ainda em virtude do \u201cPr\u00eamio Maior Valor de Revenda \u2013 Ve\u00edculos Comerciais 2015\u201d, com a menor deprecia\u00e7\u00e3o de pre\u00e7o no valor de revenda no Brasil.<\/p>&nbsp;&nbsp;\n<p>J\u00e1 o Delivery 8.160 foi o segundo caminh\u00e3o mais vendido do Brasil no ano passado, atr\u00e1s apenas do Constellation 24.280, que tamb\u00e9m estar\u00e1 em exposi\u00e7\u00e3o na Agrotins. O modelo 24.280, preferido do pa\u00eds e l\u00edder de vendas h\u00e1 oito anos, ser\u00e1 outra atra\u00e7\u00e3o da empresa na feira por proporcionar agilidade, com alta capacidade de carga.<br \/>&nbsp;<br \/>Ainda da linha Volkswagen, o p\u00fablico do evento vai conferir de perto as vantagens do Worker 15.190, cuja robustez o torna ideal para entregas urbanas e servi\u00e7os rodovi\u00e1rios de curtas dist\u00e2ncias. &nbsp;<\/p>\n<p>Outro destaque vir\u00e1 da marca MAN, o TGX 28.440 garante mais pot\u00eancia e torque nas aplica\u00e7\u00f5es agropecu\u00e1rias. Esse cavalo-mec\u00e2nico estar\u00e1 atrelado a uma carreta estande totalmente customizada da MAN Latin America para atender aos clientes com condi\u00e7\u00f5es diferenciadas.<\/p>&nbsp;&nbsp;\n<p><a href=\"https:\/\/www.vwco.com.br\/uploads\/ckeditor\/572a2e65a7236.jpeg\"><img decoding=\"async\" src=\"data:image\/gif;base64,R0lGODlhAQABAIAAAAAAAP\/\/\/ywAAAAAAQABAAACAUwAOw==\" fifu-lazy=\"1\" fifu-data-sizes=\"auto\" fifu-data-srcset=\"https:\/\/i2.wp.com\/www.vwco.com.br\/uploads\/ckeditor\/572a2e65a7236.jpeg?ssl=1&w=75&resize=75&ssl=1 75w, https:\/\/i2.wp.com\/www.vwco.com.br\/uploads\/ckeditor\/572a2e65a7236.jpeg?ssl=1&w=100&resize=100&ssl=1 100w, https:\/\/i2.wp.com\/www.vwco.com.br\/uploads\/ckeditor\/572a2e65a7236.jpeg?ssl=1&w=150&resize=150&ssl=1 150w, https:\/\/i2.wp.com\/www.vwco.com.br\/uploads\/ckeditor\/572a2e65a7236.jpeg?ssl=1&w=240&resize=240&ssl=1 240w, https:\/\/i2.wp.com\/www.vwco.com.br\/uploads\/ckeditor\/572a2e65a7236.jpeg?ssl=1&w=320&resize=320&ssl=1 320w, https:\/\/i2.wp.com\/www.vwco.com.br\/uploads\/ckeditor\/572a2e65a7236.jpeg?ssl=1&w=500&resize=500&ssl=1 500w, https:\/\/i2.wp.com\/www.vwco.com.br\/uploads\/ckeditor\/572a2e65a7236.jpeg?ssl=1&w=640&resize=640&ssl=1 640w, https:\/\/i2.wp.com\/www.vwco.com.br\/uploads\/ckeditor\/572a2e65a7236.jpeg?ssl=1&w=800&resize=800&ssl=1 800w, https:\/\/i2.wp.com\/www.vwco.com.br\/uploads\/ckeditor\/572a2e65a7236.jpeg?ssl=1&w=1024&resize=1024&ssl=1 1024w, https:\/\/i2.wp.com\/www.vwco.com.br\/uploads\/ckeditor\/572a2e65a7236.jpeg?ssl=1&w=1280&resize=1280&ssl=1 1280w, https:\/\/i2.wp.com\/www.vwco.com.br\/uploads\/ckeditor\/572a2e65a7236.jpeg?ssl=1&w=1600&resize=1600&ssl=1 1600w\" alt fifu-data-src=\"https:\/\/i2.wp.com\/www.vwco.com.br\/uploads\/ckeditor\/572a2e65a7236.jpeg?ssl=1\"><\/a><\/p>\n","protected":false},"excerpt":{"rendered":"<p>At\u00e9 7 de maio, a MAN Latin America e sua concession\u00e1ria TransRio estar\u00e3o na Agrotins&#8230;<\/p>\n","protected":false},"author":1,"featured_media":0,"comment_status":"open","ping_status":"open","sticky":false,"template":"","format":"standard","meta":{"fifu_image_url":"","fifu_image_alt":"","footnotes":""},"categories":[727],"tags":[],"class_list":["post-76575","post","type-post","status-publish","format-standard","hentry","category-noticias","wpcat-727-id"],"_links":{"self":[{"href":"https:\/\/verde-amarelo.net\/verdeamarelo\/wp-json\/wp\/v2\/posts\/76575","targetHints":{"allow":["GET"]}}],"collection":[{"href":"https:\/\/verde-amarelo.net\/verdeamarelo\/wp-json\/wp\/v2\/posts"}],"about":[{"href":"https:\/\/verde-amarelo.net\/verdeamarelo\/wp-json\/wp\/v2\/types\/post"}],"author":[{"embeddable":true,"href":"https:\/\/verde-amarelo.net\/verdeamarelo\/wp-json\/wp\/v2\/users\/1"}],"replies":[{"embeddable":true,"href":"https:\/\/verde-amarelo.net\/verdeamarelo\/wp-json\/wp\/v2\/comments?post=76575"}],"version-history":[{"count":0,"href":"https:\/\/verde-amarelo.net\/verdeamarelo\/wp-json\/wp\/v2\/posts\/76575\/revisions"}],"wp:attachment":[{"href":"https:\/\/verde-amarelo.net\/verdeamarelo\/wp-json\/wp\/v2\/media?parent=76575"}],"wp:term":[{"taxonomy":"category","embeddable":true,"href":"https:\/\/verde-amarelo.net\/verdeamarelo\/wp-json\/wp\/v2\/categories?post=76575"},{"taxonomy":"post_tag","embeddable":true,"href":"https:\/\/verde-amarelo.net\/verdeamarelo\/wp-json\/wp\/v2\/tags?post=76575"}],"curies":[{"name":"wp","href":"https:\/\/api.w.org\/{rel}","templated":true}]}}