{"id":76580,"date":"2019-11-06T14:57:53","date_gmt":"2019-11-06T17:57:53","guid":{"rendered":"https:\/\/verde-amarelo.net\/verdeamarelo\/2019\/11\/interlagos-recebe-grande-final-da-copa-truck-e-ingressos-ja-estao-a-venda\/"},"modified":"2019-11-06T14:57:53","modified_gmt":"2019-11-06T17:57:53","slug":"interlagos-recebe-grande-final-da-copa-truck-e-ingressos-ja-estao-a-venda","status":"publish","type":"post","link":"https:\/\/verde-amarelo.net\/verdeamarelo\/2019\/11\/interlagos-recebe-grande-final-da-copa-truck-e-ingressos-ja-estao-a-venda\/","title":{"rendered":"Interlagos recebe Grande Final da Copa Truck e ingressos j\u00e1 est\u00e3o \u00e0 venda"},"content":{"rendered":"<p>A cidade de S\u00e3o Paulo recebe pela terceira vez em sua hist\u00f3ria, nos dias 7 e 8 de dezembro, a Copa Truck, que realiza em Interlagos a Grande Final da temporada 2019 e traz junto consigo duas novidades: os supercarros do Mercedes-Benz Challenge e a Copa HB20, mais novo campeonato do automobilismo brasileiro, ambas tamb\u00e9m definindo t\u00edtulos na capital paulista.<\/p>&nbsp;&nbsp;\n<p>Ap\u00f3s a disputa de quatro Copas, a Copa Truck chega \u00e0 decis\u00e3o com seis finalistas (Beto Monteiro, Andr\u00e9 Marques, Felipe Giaffone, Roberval Andrade, Paulo Salustiano e Leandro Totti) e um grid de largada com nada menos que 25 caminh\u00f5es. J\u00e1 as superm\u00e1quinas do Mercedes-Benz Challenge retornam ao \u201cTemplo\u201d ap\u00f3s um ano distante com os modelos CLA 45 AMG e C250, enquanto a Copa HB20 estreia oficialmente no ber\u00e7o do automobilismo brasileiro, local onde nasceu e foi desenvolvida<\/p>\n<p>Totalizando as tr\u00eas categorias, ser\u00e3o mais de 70 carros na pista neste fim de semana e seis corridas, sendo duas da Copa Truck, tr\u00eas da Copa HB20 e uma do Mercedes-Benz Challenge \u2013 isso sem contar outras atra\u00e7\u00f5es, como o Desfile dos Pilotos, o caminh\u00e3o de manobras da Omni e a visita\u00e7\u00e3o aberta a todos os ingressos no s\u00e1bado.<\/p>&nbsp;&nbsp;\n<p><strong>Compra antecipada online at\u00e9 6\/12 rende desconto<\/strong><\/p>\n<p>Um dos diferenciais do evento \u00e9 a compra antecipada com pre\u00e7os promocionais exclusivamente por meio do site oficial da categoria (www.copatruck.com.br) e do site GOTKT (www.gotkt.com.br). Nesta venda, que vai at\u00e9 o dia 6 de dezembro (sexta anterior \u00e0 corrida), n\u00e3o \u00e9 cobrada taxa de conveni\u00eancia e os valores s\u00e3o menores que os cobrados na bilheteria do evento durante o fim de semana.<\/p>&nbsp;&nbsp;\n<p>O principal setor dispon\u00edvel, a Credencial Camarote Paddock, localizada estrategicamente acima dos boxes com vis\u00e3o privilegiada, direito a alimentos (petiscos e massa) e bebidas (\u00e1gua, refrigerante e cerveja) no domingo, sem contar o direito a visita\u00e7\u00e3o em ambos os dias, participa da venda promocional e cai de R$ 250 para R$ 225 neste per\u00edodo. Menores at\u00e9 16 anos necessitam de credencial, para estes setores e dever\u00e3o estar acompanhados pelos pais ou respons\u00e1veis, portando documento com foto.<\/p>&nbsp;&nbsp;\n<p>Os setores mais populares s\u00e3o a Arena Na\u00e7\u00e3o Truck, que tem duas op\u00e7\u00f5es de compra: a Arena Na\u00e7\u00e3o Truck Descoberta, que cai de R$ 40 para R$ 32 na venda online e d\u00e1 direito \u00e0 visita\u00e7\u00e3o os boxes na tarde do s\u00e1bado ap\u00f3s os treinos de classifica\u00e7\u00e3o do dia \u2013 o mesmo vale para a Arena Na\u00e7\u00e3o Truck Coberta, que cai de R$50 para R$40 na venda promocional. Somente nestes setores \u00e9 v\u00e1lida a meia entrada (a partir de R$ 20) e menores at\u00e9 12 anos n\u00e3o pagam ingresso (mediante apresenta\u00e7\u00e3o do documento original do menor e do respons\u00e1vel neste caso). J\u00e1 Credencial F\u00e3-Truck, que d\u00e1 direito \u00e0 visita\u00e7\u00e3o aos boxes tanto no s\u00e1bado quanto no domingo e a op\u00e7\u00e3o de ficar na Arena Descoberta ou Coberta, cai de R$ 110,00 para R$99 at\u00e9 6\/12.<\/p>&nbsp;&nbsp;\n<p>Nas compras ap\u00f3s 6\/12, que acontece somente nas bilheterias do aut\u00f3dromo durante o fim de semana, ser\u00e3o cobrados os valores cheios (Arena Na\u00e7\u00e3o Truck Descoberta\u2013 R$40, Arena Na\u00e7\u00e3o Truck Coberta\u2013 R$50, Credencial F\u00e3-Truck \u2013 R$ 110 e Camarote Paddock \u2013 R$ 250). At\u00e9 l\u00e1, as entradas est\u00e3o dispon\u00edveis para venda exclusivamente no site da categoria www.copatruck.com.br, clicando no bot\u00e3o de ingressos no menu do topo desta p\u00e1gina, sem taxa de conveni\u00eancia.<\/p>&nbsp;&nbsp;\n<p>Assim como no ano passado, Copa Truck segue com o formato de show, proporcionando ao p\u00fablico um domingo de divers\u00e3o para a fam\u00edlia \u2013 o que \u00e9 visto como um dos grandes diferenciais do evento. \u201cS\u00e3o Paulo \u00e9 a nossa principal pra\u00e7a e Interlagos o aut\u00f3dromo mais importante. A Grande Final n\u00e3o podia ser em outro lugar e, assim como nos \u00faltimos dois anos, teremos um fim de semana de gala, com seis corridas em dois dias, sem contar as outras atra\u00e7\u00f5es fora da pista\u201d, resume Vanda Camacho, diretora geral da Mais Brasil, organizadora da Copa Truck.<\/p>&nbsp;&nbsp;\n<p>Importante: n\u00e3o ser\u00e1 permitida a entrada de pessoas portanto armas de qualquer tipo, foguetes, objetos cortantes ou contundentes ou quaisquer outros que possam causar ferimentos a terceiros, bem como vasilhames de vidro.<\/p>&nbsp;&nbsp;\n","protected":false},"excerpt":{"rendered":"<p>A cidade de S\u00e3o Paulo recebe pela terceira vez em sua hist\u00f3ria, nos dias 7&#8230;<\/p>\n","protected":false},"author":1,"featured_media":0,"comment_status":"open","ping_status":"open","sticky":false,"template":"","format":"standard","meta":{"fifu_image_url":"","fifu_image_alt":"","footnotes":""},"categories":[727],"tags":[10267],"class_list":["post-76580","post","type-post","status-publish","format-standard","hentry","category-noticias","tag-copa-truckgrande-finalinterlagosnoticiastemporada-2019","wpcat-727-id"],"_links":{"self":[{"href":"https:\/\/verde-amarelo.net\/verdeamarelo\/wp-json\/wp\/v2\/posts\/76580","targetHints":{"allow":["GET"]}}],"collection":[{"href":"https:\/\/verde-amarelo.net\/verdeamarelo\/wp-json\/wp\/v2\/posts"}],"about":[{"href":"https:\/\/verde-amarelo.net\/verdeamarelo\/wp-json\/wp\/v2\/types\/post"}],"author":[{"embeddable":true,"href":"https:\/\/verde-amarelo.net\/verdeamarelo\/wp-json\/wp\/v2\/users\/1"}],"replies":[{"embeddable":true,"href":"https:\/\/verde-amarelo.net\/verdeamarelo\/wp-json\/wp\/v2\/comments?post=76580"}],"version-history":[{"count":0,"href":"https:\/\/verde-amarelo.net\/verdeamarelo\/wp-json\/wp\/v2\/posts\/76580\/revisions"}],"wp:attachment":[{"href":"https:\/\/verde-amarelo.net\/verdeamarelo\/wp-json\/wp\/v2\/media?parent=76580"}],"wp:term":[{"taxonomy":"category","embeddable":true,"href":"https:\/\/verde-amarelo.net\/verdeamarelo\/wp-json\/wp\/v2\/categories?post=76580"},{"taxonomy":"post_tag","embeddable":true,"href":"https:\/\/verde-amarelo.net\/verdeamarelo\/wp-json\/wp\/v2\/tags?post=76580"}],"curies":[{"name":"wp","href":"https:\/\/api.w.org\/{rel}","templated":true}]}}