{"id":77114,"date":"2019-12-06T21:00:03","date_gmt":"2019-12-07T00:00:03","guid":{"rendered":"https:\/\/verde-amarelo.net\/verdeamarelo\/2019\/12\/beto-lidera-tl2-mas-salu-e-o-melhor-no-geral\/"},"modified":"2019-12-06T21:00:03","modified_gmt":"2019-12-07T00:00:03","slug":"beto-lidera-tl2-mas-salu-e-o-melhor-no-geral","status":"publish","type":"post","link":"https:\/\/verde-amarelo.net\/verdeamarelo\/2019\/12\/beto-lidera-tl2-mas-salu-e-o-melhor-no-geral\/","title":{"rendered":"Beto lidera TL2, mas Salu \u00e9 o melhor no geral"},"content":{"rendered":"<p>O primeiro dia de atividades da Copa Truck em Interlagos viu Paulo Salustiano sair na frente dos rivais em Interlagos. Quarto na corrida pelo t\u00edtulo, o piloto da Volkswagen foi o \u00fanico a andar abaixo dos 2min05s, registrando a marca de 2min04s885 no primeiro dos dois treinos da sexta.<\/p>&nbsp;&nbsp;\n<p>\u201cEstou feliz e satisfeito com o dia. Demos uma mexida no caminh\u00e3o para tentar algo diferente e n\u00e3o deu certo, ent\u00e3o voltamos atr\u00e1s. Estou animado para amanh\u00e3\u201d, comentou Salu, que ficou 0s326 \u00e0 frente de Felipe Giaffone, o segundo mais r\u00e1pido, que n\u00e3o se mostrou muito feliz com o trabalho.<\/p>&nbsp;&nbsp;\n<p>\u201cN\u00e3o estou feliz. Seguimos um caminho diferente \u00e0 tarde, a pista mudou um pouco e o caminh\u00e3o desandou. A gente se perdeu um pouco\u201d, admitiu o piloto da Iveco, que foi somente 0s026 mais veloz que o atual l\u00edder do ranking, Beto Monteiro, da Volkswagen, o mais r\u00e1pido da segunda sess\u00e3o. \u201cConseguimos resolver um problema que o caminh\u00e3o tinha no fim do treino e isso foi bem legal. Seguimos trabalhando sem ficar pensando na briga do t\u00edtulo. Quando chegar a hora, n\u00f3s fazemos as contas\u201d, analisou Beto.<\/p>&nbsp;&nbsp;\n<p>Outro finalista, Leandro Totti foi o quarto, seguido de Wellington Cirino (ambos de Mercedes-Benz) e Renato Martins, da Volkswagen. Dois candidatos ao t\u00edtulo ficaram fora do \u201ctop 6\u201d: Roberval Andrade terminou o dia em s\u00e9timo, tr\u00eas posi\u00e7\u00f5es \u00e0 frente de Andr\u00e9 Marques, que teve muitos problemas mec\u00e2nicos em seu Mercedes-Benz.<\/p>&nbsp;&nbsp;\n<p>Neste s\u00e1bado acontece o terceiro treino livre \u00e0s 8h10, enquanto a tomada de tempos est\u00e1 marcada para as 12h20, com transmiss\u00e3o ao vivo das redes sociais da categoria (@copatruck).<\/p>&nbsp;&nbsp;\n<p>Confira abaixo o combinado do dia<\/p>\n<p>1. Paulo Salustiano (Volkswagen), 2min04s885<br \/>2. Felipe Giaffone (Iveco), 2min05s211<br \/>3. Beto Monteiro (Volkswagen), 2min05s237<br \/>4. Leandro Totti (Mercedes-Benz), 2min05s749<br \/>5. Wellington Cirino (Mercedes-Benz), 2min05s779<br \/>6. Renato Martins (Volkswagen), 2min05s796<br \/>7. Roberval Andrade (Mercedes-Benz), 2min06s493<br \/>8. Giuliano Losacco (Iveco), 2min06s579<br \/>9. Regis Boessio (Volvo), 2min06s663<br \/>10. Andr\u00e9 Marques (Mercedes-Benz), 2min06s781<br \/>11. Clodoaldo Monteiro (MAN), 2min08s048<br \/>12. Debora Rodrigues (Mercedes-Benz), 2min08s104<br \/>13. Luiz Carlos Zapelini (MAN), 2min08s624<br \/>14. Adalberto Jardim (Ford), 2min08s832<br \/>15. Jos\u00e9 Augusto Dias (Volkswagen), 2min09s216<br \/>16. Pedro Paulo Fernandes (Mercedes-Benz), 2min09s739<br \/>17. Luiz Lopes (Iveco), 2min10s224<br \/>18. Daniel Kelemen (Mercedes-Benz), 2min11s33<br \/>19. Danilo Alamini (Iveco), 2min12s614<br \/>20. Jaidson Zini (Scania), 2min15s823<br \/>21. Djalma Pivetta (Iveco), 2min18s413<br \/>22. Juca Bala (Ford), 2min19s850<br \/>23. Fabio Foga\u00e7a (Ford), 2min23s116<br \/>24. Duda Bana (Scania), 2min23s753<br \/>25. Djalma Foga\u00e7a (Ford), sem tempo<br \/>26. Gabriel Robe (Mercedes-Benz), sem tempo<br \/>27. Evandro Camargo (Volvo), sem tempo<\/p>\n","protected":false},"excerpt":{"rendered":"<p>O primeiro dia de atividades da Copa Truck em Interlagos viu Paulo Salustiano sair na&#8230;<\/p>\n","protected":false},"author":1,"featured_media":0,"comment_status":"open","ping_status":"open","sticky":false,"template":"","format":"standard","meta":{"fifu_image_url":"","fifu_image_alt":"","footnotes":""},"categories":[727],"tags":[10083],"class_list":["post-77114","post","type-post","status-publish","format-standard","hentry","category-noticias","tag-copa-trucknoticiastemporada-2019","wpcat-727-id"],"_links":{"self":[{"href":"https:\/\/verde-amarelo.net\/verdeamarelo\/wp-json\/wp\/v2\/posts\/77114","targetHints":{"allow":["GET"]}}],"collection":[{"href":"https:\/\/verde-amarelo.net\/verdeamarelo\/wp-json\/wp\/v2\/posts"}],"about":[{"href":"https:\/\/verde-amarelo.net\/verdeamarelo\/wp-json\/wp\/v2\/types\/post"}],"author":[{"embeddable":true,"href":"https:\/\/verde-amarelo.net\/verdeamarelo\/wp-json\/wp\/v2\/users\/1"}],"replies":[{"embeddable":true,"href":"https:\/\/verde-amarelo.net\/verdeamarelo\/wp-json\/wp\/v2\/comments?post=77114"}],"version-history":[{"count":0,"href":"https:\/\/verde-amarelo.net\/verdeamarelo\/wp-json\/wp\/v2\/posts\/77114\/revisions"}],"wp:attachment":[{"href":"https:\/\/verde-amarelo.net\/verdeamarelo\/wp-json\/wp\/v2\/media?parent=77114"}],"wp:term":[{"taxonomy":"category","embeddable":true,"href":"https:\/\/verde-amarelo.net\/verdeamarelo\/wp-json\/wp\/v2\/categories?post=77114"},{"taxonomy":"post_tag","embeddable":true,"href":"https:\/\/verde-amarelo.net\/verdeamarelo\/wp-json\/wp\/v2\/tags?post=77114"}],"curies":[{"name":"wp","href":"https:\/\/api.w.org\/{rel}","templated":true}]}}