{"id":77116,"date":"2019-12-06T21:17:09","date_gmt":"2019-12-07T00:17:09","guid":{"rendered":"https:\/\/verde-amarelo.net\/verdeamarelo\/2019\/12\/microsoft-firma-parceria-com-associacoes-de-ensino-para-capacitacao-em-inteligencia-artificial\/"},"modified":"2019-12-06T21:17:09","modified_gmt":"2019-12-07T00:17:09","slug":"microsoft-firma-parceria-com-associacoes-de-ensino-para-capacitacao-em-inteligencia-artificial","status":"publish","type":"post","link":"https:\/\/verde-amarelo.net\/verdeamarelo\/2019\/12\/microsoft-firma-parceria-com-associacoes-de-ensino-para-capacitacao-em-inteligencia-artificial\/","title":{"rendered":"Microsoft firma parceria com associa\u00e7\u00f5es de ensino para capacita\u00e7\u00e3o em Intelig\u00eancia Artificial"},"content":{"rendered":"<div><img decoding=\"async\" src=\"data:image\/gif;base64,R0lGODlhAQABAIAAAAAAAP\/\/\/ywAAAAAAQABAAACAUwAOw==\" fifu-lazy=\"1\" fifu-data-sizes=\"auto\" fifu-data-srcset=\"https:\/\/i2.wp.com\/3er1viui9wo30pkxh1v2nh4w-wpengine.netdna-ssl.com\/wp-content\/uploads\/prod\/sites\/42\/2019\/12\/20-AI-class-20171206-blog-image-1200x675-1024x576.jpg?ssl=1&w=75&resize=75&ssl=1 75w, https:\/\/i2.wp.com\/3er1viui9wo30pkxh1v2nh4w-wpengine.netdna-ssl.com\/wp-content\/uploads\/prod\/sites\/42\/2019\/12\/20-AI-class-20171206-blog-image-1200x675-1024x576.jpg?ssl=1&w=100&resize=100&ssl=1 100w, https:\/\/i2.wp.com\/3er1viui9wo30pkxh1v2nh4w-wpengine.netdna-ssl.com\/wp-content\/uploads\/prod\/sites\/42\/2019\/12\/20-AI-class-20171206-blog-image-1200x675-1024x576.jpg?ssl=1&w=150&resize=150&ssl=1 150w, https:\/\/i2.wp.com\/3er1viui9wo30pkxh1v2nh4w-wpengine.netdna-ssl.com\/wp-content\/uploads\/prod\/sites\/42\/2019\/12\/20-AI-class-20171206-blog-image-1200x675-1024x576.jpg?ssl=1&w=240&resize=240&ssl=1 240w, https:\/\/i2.wp.com\/3er1viui9wo30pkxh1v2nh4w-wpengine.netdna-ssl.com\/wp-content\/uploads\/prod\/sites\/42\/2019\/12\/20-AI-class-20171206-blog-image-1200x675-1024x576.jpg?ssl=1&w=320&resize=320&ssl=1 320w, https:\/\/i2.wp.com\/3er1viui9wo30pkxh1v2nh4w-wpengine.netdna-ssl.com\/wp-content\/uploads\/prod\/sites\/42\/2019\/12\/20-AI-class-20171206-blog-image-1200x675-1024x576.jpg?ssl=1&w=500&resize=500&ssl=1 500w, https:\/\/i2.wp.com\/3er1viui9wo30pkxh1v2nh4w-wpengine.netdna-ssl.com\/wp-content\/uploads\/prod\/sites\/42\/2019\/12\/20-AI-class-20171206-blog-image-1200x675-1024x576.jpg?ssl=1&w=640&resize=640&ssl=1 640w, https:\/\/i2.wp.com\/3er1viui9wo30pkxh1v2nh4w-wpengine.netdna-ssl.com\/wp-content\/uploads\/prod\/sites\/42\/2019\/12\/20-AI-class-20171206-blog-image-1200x675-1024x576.jpg?ssl=1&w=800&resize=800&ssl=1 800w, https:\/\/i2.wp.com\/3er1viui9wo30pkxh1v2nh4w-wpengine.netdna-ssl.com\/wp-content\/uploads\/prod\/sites\/42\/2019\/12\/20-AI-class-20171206-blog-image-1200x675-1024x576.jpg?ssl=1&w=1024&resize=1024&ssl=1 1024w, https:\/\/i2.wp.com\/3er1viui9wo30pkxh1v2nh4w-wpengine.netdna-ssl.com\/wp-content\/uploads\/prod\/sites\/42\/2019\/12\/20-AI-class-20171206-blog-image-1200x675-1024x576.jpg?ssl=1&w=1280&resize=1280&ssl=1 1280w, https:\/\/i2.wp.com\/3er1viui9wo30pkxh1v2nh4w-wpengine.netdna-ssl.com\/wp-content\/uploads\/prod\/sites\/42\/2019\/12\/20-AI-class-20171206-blog-image-1200x675-1024x576.jpg?ssl=1&w=1600&resize=1600&ssl=1 1600w\" fifu-data-src=\"https:\/\/i2.wp.com\/3er1viui9wo30pkxh1v2nh4w-wpengine.netdna-ssl.com\/wp-content\/uploads\/prod\/sites\/42\/2019\/12\/20-AI-class-20171206-blog-image-1200x675-1024x576.jpg?ssl=1\" class=\"ff-og-image-inserted\"><\/div>\n<p><em>An\u00fancio faz parte de plano da empresa visando qualificar 25 mil pessoas dentre estudantes e profissionais no Brasil em IA<\/em><\/p>\n<p><strong>S\u00e3o Paulo, 06 de dezembro de 2019 \u2013<\/strong>&nbsp;A Microsoft firmou parceria para a capacita\u00e7\u00e3o de estudantes e profissionais com conte\u00fados sobre Intelig\u00eancia Artificial (IA). O acordo foi firmado com a ABMES (Associa\u00e7\u00e3o Brasileira de Mantenedoras de Ensino Superior), a Bett Educar e o Movimento Brasil Digital. A assinatura, realizada durante o AI + Tour, evento de intelig\u00eancia artificial da Microsoft, faz parte das iniciativas da Microsoft que visam capacitar, ao todo, cerca de 25 mil pessoas em IA no Brasil.<\/p>&nbsp;&nbsp;\n<p>A parceria consiste na elabora\u00e7\u00e3o de uma agenda de atividades e divulga\u00e7\u00e3o conjunta das iniciativas de capacita\u00e7\u00e3o gratuita da Microsoft em IA, realizadas no&nbsp;<a href=\"https:\/\/www.microsoft.com\/pt-br\/academia\" target=\"_blank\" rel=\"noopener noreferrer\">portal AcademIA<\/a>, por meio de cursos e webinars que v\u00e3o desde o n\u00edvel de conhecimento b\u00e1sico a t\u00f3picos avan\u00e7ados, bem como o acesso ao&nbsp;<a href=\"https:\/\/www.microsoft.com\/en-us\/ai\/ai-business-school\" target=\"_blank\" rel=\"noopener noreferrer\">AI Business School<\/a>, voltado ao aprendizado n\u00e3o t\u00e9cnico com foco em transforma\u00e7\u00e3o digital de neg\u00f3cios.<\/p>&nbsp;&nbsp;\n<p>Al\u00e9m disso, o programa AcademIA de capacita\u00e7\u00e3o prev\u00ea o desenvolvimento conjunto de um plano de ado\u00e7\u00e3o curricular para forma\u00e7\u00e3o e certifica\u00e7\u00e3o de profissionais nas tecnologias de IA da Microsoft. A Microsoft disponibilizar\u00e1 profissionais t\u00e9cnicos especializados na tecnologia para eventos e apresenta\u00e7\u00f5es presenciais ou digitais. Apenas por meio da ABMES (Associa\u00e7\u00e3o Brasileira de Mantenedoras de Ensino Superior), 30 institui\u00e7\u00f5es de educa\u00e7\u00e3o superior ser\u00e3o selecionadas para participar do piloto do programa de capacita\u00e7\u00e3o em IA.<\/p>&nbsp;&nbsp;\n<p><strong>Sobre a Microsoft<\/strong><\/p>\n<p>A Microsoft habilita a transforma\u00e7\u00e3o digital na era da nuvem inteligente e da fronteira inteligente. Sua miss\u00e3o \u00e9 empoderar cada pessoa e cada organiza\u00e7\u00e3o no planeta a conquistar mais. A empresa est\u00e1 no Brasil h\u00e1 30 anos e \u00e9 uma das 110 subsidi\u00e1rias da Microsoft Corporation, fundada em 1975. Desde 2003, a empresa investiu mais de R$ 451 milh\u00f5es levando tecnologia gratuitamente para 5.757 ONGs no Brasil, beneficiando v\u00e1rios projetos sociais. Desde 2011, a Microsoft j\u00e1 apoiou mais de 7 mil startups no Brasil, com investimento superior a US$ 202 milh\u00f5es em cr\u00e9ditos em nuvem.<\/p>&nbsp;&nbsp;\n<p><strong>Equipe de atendimento da Microsoft na?M\u00e1quina?Cohn &amp; Wolfe:?<\/strong><br \/>M\u00e1quina Cohn &amp; Wolfe:&nbsp;<a target=\"_blank\" rel=\"noopener noreferrer\">microsoft@maquinacw.com<\/a><br \/>Michel Marechal | 11 3147 7475 |&nbsp;<a target=\"_blank\" rel=\"noopener noreferrer\">michel.marechal@maquinacohnwolfe.com<\/a><\/p>\n<p class=\"tag-list\">Tags: <a href=\"https:\/\/news.microsoft.com\/pt-br\/tag\/inteligencia-artificial\/\" rel=\"tag\" aria-label=\"Encontrar mais conte\u00fado relacionado a &quot;Intelig\u00eancia Artificial&quot;\">Intelig\u00eancia Artificial<\/a><\/p>\n","protected":false},"excerpt":{"rendered":"<p>An\u00fancio faz parte de plano da empresa visando qualificar 25 mil pessoas dentre estudantes e&#8230;<\/p>\n","protected":false},"author":1,"featured_media":0,"comment_status":"open","ping_status":"open","sticky":false,"template":"","format":"standard","meta":{"fifu_image_url":"","fifu_image_alt":"","footnotes":""},"categories":[727],"tags":[10274],"class_list":["post-77116","post","type-post","status-publish","format-standard","hentry","category-noticias","tag-inteligencia-artificialpress-releasesrecent-news","wpcat-727-id"],"_links":{"self":[{"href":"https:\/\/verde-amarelo.net\/verdeamarelo\/wp-json\/wp\/v2\/posts\/77116","targetHints":{"allow":["GET"]}}],"collection":[{"href":"https:\/\/verde-amarelo.net\/verdeamarelo\/wp-json\/wp\/v2\/posts"}],"about":[{"href":"https:\/\/verde-amarelo.net\/verdeamarelo\/wp-json\/wp\/v2\/types\/post"}],"author":[{"embeddable":true,"href":"https:\/\/verde-amarelo.net\/verdeamarelo\/wp-json\/wp\/v2\/users\/1"}],"replies":[{"embeddable":true,"href":"https:\/\/verde-amarelo.net\/verdeamarelo\/wp-json\/wp\/v2\/comments?post=77116"}],"version-history":[{"count":0,"href":"https:\/\/verde-amarelo.net\/verdeamarelo\/wp-json\/wp\/v2\/posts\/77116\/revisions"}],"wp:attachment":[{"href":"https:\/\/verde-amarelo.net\/verdeamarelo\/wp-json\/wp\/v2\/media?parent=77116"}],"wp:term":[{"taxonomy":"category","embeddable":true,"href":"https:\/\/verde-amarelo.net\/verdeamarelo\/wp-json\/wp\/v2\/categories?post=77116"},{"taxonomy":"post_tag","embeddable":true,"href":"https:\/\/verde-amarelo.net\/verdeamarelo\/wp-json\/wp\/v2\/tags?post=77116"}],"curies":[{"name":"wp","href":"https:\/\/api.w.org\/{rel}","templated":true}]}}