{"id":77117,"date":"2019-12-07T16:49:33","date_gmt":"2019-12-07T19:49:33","guid":{"rendered":"https:\/\/verde-amarelo.net\/verdeamarelo\/2019\/12\/beto-monteiro-e-pole-da-grande-final\/"},"modified":"2019-12-07T16:49:33","modified_gmt":"2019-12-07T19:49:33","slug":"beto-monteiro-e-pole-da-grande-final","status":"publish","type":"post","link":"https:\/\/verde-amarelo.net\/verdeamarelo\/2019\/12\/beto-monteiro-e-pole-da-grande-final\/","title":{"rendered":"Beto Monteiro \u00e9 pole da Grande Final"},"content":{"rendered":"<p>Mais r\u00e1pido do terceiro treino livre, Beto Monteiro manteve o ritmo forte em Interlagos e vai largar da posi\u00e7\u00e3o de honra na Grande Final da Copa Truck. \u00danico a andar na casa de 2min04 neste s\u00e1bado em Interlagos (SP), o pernambucano da Volkswagen ter\u00e1 Roberval Andrade em segundo e Paulo Salustiano logo atr\u00e1s, em terceiro.<\/p>&nbsp;&nbsp;\n<p>A pole serviu para provar que Beto Monteiro realmente n\u00e3o est\u00e1 correndo \u201ccom o regulamento debaixo do bra\u00e7o\u201d. Com um bom equil\u00edbrio em seu Volkswagen, ele podia ter poupado o equipamento, mas preferiu correr atr\u00e1s da pole, para del\u00edrio do pai Zeca, da esposa e dos filhos g\u00eameos.<\/p>&nbsp;&nbsp;\n<p>\u201cMais especial, imposs\u00edvel. Estou muito feliz com o caminh\u00e3o e a velocidade apresentada neste treino mostra isso. Largar na frente, no entanto, n\u00e3o diminui a press\u00e3o nem a responsabilidade, al\u00e9m disso teremos duas corridas dif\u00edceis e que exigir\u00e3o muito do equipamento, ent\u00e3o nada de comemorar em cima da hora\u201d, comenta o pole.<\/p>&nbsp;&nbsp;\n<p>Wellington Cirino se colocou entre os finalistas em quarto, \u00e0 frete de Felipe Giaffone, com Renato Martins, outro fora da briga, ficando \u00e0 frente de outros dois concorrentes ao t\u00edtulo: Leandro Totti e Andr\u00e9 Marques \u2013 este \u00faltimo ainda com dificuldades em seu equipamento.<\/p>&nbsp;&nbsp;\n<p>\u201cO caminh\u00e3o est\u00e1 fant\u00e1stico e, apesar de n\u00e3o ter rolado a pole, estou muito feliz com a primeira fila\u201d, destacou Roberval. \u201cTamb\u00e9m estou tranquilo, estou em um fim de semana sem problemas e vou fazer o meu melhor para brigar pelas duas vit\u00f3rias, uma vez que o t\u00edtulo n\u00e3o depende s\u00f3 de mim\u201d, completa Salu.<\/p>&nbsp;&nbsp;\n<p>A Copa Truck disputa a Grande Final neste domingo a partir das 14h com transmiss\u00e3o ao vivo do SporTV3. Confira abaixo o grid de largada completo:<\/p>\n<p>1. Beto Monteiro (Volkswagen), 2min04s406<br \/>2. Roberval Andrade (Mercedes-Benz), 2min05s089<br \/>3. Paulo Salustiano (Volkswagen), 2min05s115<br \/>4. Wellington Cirino (Mercedes-Benz), 2min05s591<br \/>5. Felipe Giaffone (Iveco), 2min05s859<br \/>6. Renato Martins (Volkswagen), 2min06s157<br \/>7. Leandro Totti (Mercedes-Benz), 2min06s465<br \/>8. Andr\u00e9 Marques (Mercedes-Benz), 2min06s624<br \/>9. Debora Rodrigues (Mercedes-Benz), 2min07s470<br \/>10. Giuliano Losacco (Iveco), 2min07s630<br \/>11. Adalberto Jardim (Ford), 2min07s675<br \/>12. Gabriel Robe (Mercedes-Benz), 2min07s817<br \/>13. Clodoaldo Monteiro (Volkswagen), 2min07s951<br \/>14. Luiz Carlos Zapelini (Volkswagen), 2min08s163<br \/>15. Regis Boessio (Volvo), 2min08s190<br \/>16. Pedro Paulo (Mercedes-Benz) 2min08s249<br \/>17. Jos\u00e9 Augusto Dias (Volkswagen), 2min09s058<br \/>18. Luiz Lopes (Iveco), 2min09s673<br \/>19. Daniel Kelemen (Mercedes-Benz), 2min11s877<br \/>20. Djalma Pivetta (Iveco), 2min11s886<br \/>21. Danilo Alamini (Iveco), 2min12s727<br \/>22. Fabio Foga\u00e7a (Ford)<br \/>23. Jaidson Zini (Iveco)<br \/>24. Juca Bala (Ford)<br \/>25. Duda Bana (Scania)<br \/>26. Evandro Camargo (Volvo)<br \/>27. Djalma Foga\u00e7a (Ford)<\/p>\n","protected":false},"excerpt":{"rendered":"<p>Mais r\u00e1pido do terceiro treino livre, Beto Monteiro manteve o ritmo forte em Interlagos e&#8230;<\/p>\n","protected":false},"author":1,"featured_media":0,"comment_status":"open","ping_status":"open","sticky":false,"template":"","format":"standard","meta":{"fifu_image_url":"","fifu_image_alt":"","footnotes":""},"categories":[727],"tags":[10267],"class_list":["post-77117","post","type-post","status-publish","format-standard","hentry","category-noticias","tag-copa-truckgrande-finalinterlagosnoticiastemporada-2019","wpcat-727-id"],"_links":{"self":[{"href":"https:\/\/verde-amarelo.net\/verdeamarelo\/wp-json\/wp\/v2\/posts\/77117","targetHints":{"allow":["GET"]}}],"collection":[{"href":"https:\/\/verde-amarelo.net\/verdeamarelo\/wp-json\/wp\/v2\/posts"}],"about":[{"href":"https:\/\/verde-amarelo.net\/verdeamarelo\/wp-json\/wp\/v2\/types\/post"}],"author":[{"embeddable":true,"href":"https:\/\/verde-amarelo.net\/verdeamarelo\/wp-json\/wp\/v2\/users\/1"}],"replies":[{"embeddable":true,"href":"https:\/\/verde-amarelo.net\/verdeamarelo\/wp-json\/wp\/v2\/comments?post=77117"}],"version-history":[{"count":0,"href":"https:\/\/verde-amarelo.net\/verdeamarelo\/wp-json\/wp\/v2\/posts\/77117\/revisions"}],"wp:attachment":[{"href":"https:\/\/verde-amarelo.net\/verdeamarelo\/wp-json\/wp\/v2\/media?parent=77117"}],"wp:term":[{"taxonomy":"category","embeddable":true,"href":"https:\/\/verde-amarelo.net\/verdeamarelo\/wp-json\/wp\/v2\/categories?post=77117"},{"taxonomy":"post_tag","embeddable":true,"href":"https:\/\/verde-amarelo.net\/verdeamarelo\/wp-json\/wp\/v2\/tags?post=77117"}],"curies":[{"name":"wp","href":"https:\/\/api.w.org\/{rel}","templated":true}]}}