{"id":77121,"date":"2019-12-09T15:33:37","date_gmt":"2019-12-09T18:33:37","guid":{"rendered":"https:\/\/verde-amarelo.net\/verdeamarelo\/2019\/12\/cop-25-pluralidade-marca-debate-sobre-ambicao-climatica-brasileira\/"},"modified":"2019-12-09T15:33:37","modified_gmt":"2019-12-09T18:33:37","slug":"cop-25-pluralidade-marca-debate-sobre-ambicao-climatica-brasileira","status":"publish","type":"post","link":"https:\/\/verde-amarelo.net\/verdeamarelo\/2019\/12\/cop-25-pluralidade-marca-debate-sobre-ambicao-climatica-brasileira\/","title":{"rendered":"COP 25: Pluralidade marca debate sobre ambi\u00e7\u00e3o clim\u00e1tica brasileira"},"content":{"rendered":"<div><img decoding=\"async\" src=\"data:image\/gif;base64,R0lGODlhAQABAIAAAAAAAP\/\/\/ywAAAAAAQABAAACAUwAOw==\" fifu-lazy=\"1\" fifu-data-sizes=\"auto\" fifu-data-srcset=\"https:\/\/i3.wp.com\/www.unica.com.br\/wp-content\/uploads\/2019\/12\/Ricardo-Salles-COP25.jpeg?ssl=1&w=75&resize=75&ssl=1 75w, https:\/\/i3.wp.com\/www.unica.com.br\/wp-content\/uploads\/2019\/12\/Ricardo-Salles-COP25.jpeg?ssl=1&w=100&resize=100&ssl=1 100w, https:\/\/i3.wp.com\/www.unica.com.br\/wp-content\/uploads\/2019\/12\/Ricardo-Salles-COP25.jpeg?ssl=1&w=150&resize=150&ssl=1 150w, https:\/\/i3.wp.com\/www.unica.com.br\/wp-content\/uploads\/2019\/12\/Ricardo-Salles-COP25.jpeg?ssl=1&w=240&resize=240&ssl=1 240w, https:\/\/i3.wp.com\/www.unica.com.br\/wp-content\/uploads\/2019\/12\/Ricardo-Salles-COP25.jpeg?ssl=1&w=320&resize=320&ssl=1 320w, https:\/\/i3.wp.com\/www.unica.com.br\/wp-content\/uploads\/2019\/12\/Ricardo-Salles-COP25.jpeg?ssl=1&w=500&resize=500&ssl=1 500w, https:\/\/i3.wp.com\/www.unica.com.br\/wp-content\/uploads\/2019\/12\/Ricardo-Salles-COP25.jpeg?ssl=1&w=640&resize=640&ssl=1 640w, https:\/\/i3.wp.com\/www.unica.com.br\/wp-content\/uploads\/2019\/12\/Ricardo-Salles-COP25.jpeg?ssl=1&w=800&resize=800&ssl=1 800w, https:\/\/i3.wp.com\/www.unica.com.br\/wp-content\/uploads\/2019\/12\/Ricardo-Salles-COP25.jpeg?ssl=1&w=1024&resize=1024&ssl=1 1024w, https:\/\/i3.wp.com\/www.unica.com.br\/wp-content\/uploads\/2019\/12\/Ricardo-Salles-COP25.jpeg?ssl=1&w=1280&resize=1280&ssl=1 1280w, https:\/\/i3.wp.com\/www.unica.com.br\/wp-content\/uploads\/2019\/12\/Ricardo-Salles-COP25.jpeg?ssl=1&w=1600&resize=1600&ssl=1 1600w\" fifu-data-src=\"https:\/\/i3.wp.com\/www.unica.com.br\/wp-content\/uploads\/2019\/12\/Ricardo-Salles-COP25.jpeg?ssl=1\" class=\"ff-og-image-inserted\"><\/div>\n<p>Setores p\u00fablico, privado e sociedade civil promoveram, na manh\u00e3 desta segunda-feira (9), durante a 25\u00aa Confer\u00eancia das Partes sobre a Mudan\u00e7a do Clima (COP 25), em Madri, um di\u00e1logo sobre a ambi\u00e7\u00e3o clim\u00e1tica brasileira e como os diversos atores pol\u00edticos podem contribuir com os desafios impostos pelas mudan\u00e7as clim\u00e1ticas.<\/p>&nbsp;&nbsp;\n<p>Promovido pelo F\u00f3rum Brasileiro de Mudan\u00e7a Clim\u00e1tica e pelo Instituto Clima e Sociedade, o debate contou com a participa\u00e7\u00e3o do ministro do Meio Ambiente, Ricardo Salles, e do Presidente do Senado, Davi Alcolumbre.<\/p>&nbsp;&nbsp;\n<p>\u201cOuvimos as autoridades aqui presentes destacarem o grande potencial de desenvolvimento sustent\u00e1vel que o Brasil tem. E esse tamb\u00e9m \u00e9 o papel da UNICA aqui na COP 25: mostrar que o Brasil j\u00e1 tem no etanol, nos biocombust\u00edveis, um grande ativo, um grande patrim\u00f4nio para o mundo. N\u00f3s promovemos desenvolvimento, renda, emprego no campo e na cidade, e, ao mesmo tempo, oferecemos um important\u00edssimo servi\u00e7o ambiental\u201d, destacou Evandro Gussi, presidente da Uni\u00e3o da Ind\u00fastria de Cana-de-A\u00e7\u00facar (UNICA).<\/p>&nbsp;&nbsp;\n<p>Para o ministro Ricardo Salles, o Brasil tem o grande desafio de transformar ideias em a\u00e7\u00f5es e, segundo ele, a monetiza\u00e7\u00e3o dos recursos ambientais, no sentido de prover, realmente, recursos para o pagamento por servi\u00e7os ambientais, \u00e9 uma solu\u00e7\u00e3o real.<\/p>&nbsp;&nbsp;\n<p>\u201cPrecisamos encontrar uma f\u00f3rmula, j\u00e1 que estamos discutindo o artigo 6 do Acordo de Paris, por meio do qual, aqueles que foram os maiores emissores da hist\u00f3ria recente da humanidade, se responsabilizem, efetivamente, por aquilo que produziram do ponto de vista de emiss\u00f5es de gases, pelas florestas que suprimiram, quase em sua integralidade, al\u00e9m das a\u00e7\u00f5es que tomaram e continuam tomando. Os combust\u00edveis f\u00f3sseis continuam sendo os principais respons\u00e1veis pelas emiss\u00f5es. Importante essa nossa a\u00e7\u00e3o conjunta porque \u00e9 dela que vir\u00e3o os recursos para a manuten\u00e7\u00e3o da floresta em p\u00e9\u201d, ressaltou o ministro.<\/p>&nbsp;&nbsp;\n<p>Durante o debate, o presidente do Senado, Davi Alcolumbre, refor\u00e7ou que n\u00e3o ser\u00e3o aceitos retrocessos na pol\u00edtica ambiental brasileira. \u201cO parlamento brasileiro votou um acordo, assumiu um compromisso com o mundo e, como presidente do Senado, cumprirei a palavra do Congresso Nacional\u201d, prometeu.<\/p>&nbsp;&nbsp;\n<p><strong>#BringBackMyBlueSky<\/strong><br \/>A UNICA lan\u00e7a durante a COP 25 a campanha \u201cBring Back My Blue Sky\u201d, com o objetivo de mostrar os resultados positivos do uso do etanol no Brasil, especialmente para a qualidade do ar nos grandes centros urbanos.<\/p>&nbsp;&nbsp;\n<p>Segundo a Ag\u00eancia Internacional de Energia (AIE), o Brasil tem a matriz energ\u00e9tica mais limpa entre os grandes consumidores globais, com a maior participa\u00e7\u00e3o de energias renov\u00e1veis.<br \/>Pouco mais de 45% da energia produzida no pa\u00eds \u00e9 renov\u00e1vel. Para se ter uma ideia, esse percentual representa mais que o triplo da m\u00e9dia mundial. E a cana-de-a\u00e7\u00facar \u00e9 a principal fonte de energia sustent\u00e1vel do Brasil, respons\u00e1vel por 17,4% da matriz energ\u00e9tica nacional.<\/p>&nbsp;&nbsp;\n<p>Em 16 anos, o uso de etanol puro nos tanques dos carros dos brasileiros, mais a mistura obrigat\u00f3ria de 27% do biocombust\u00edvel \u00e0 gasolina, transformou o c\u00e9u do pa\u00eds. Nesse per\u00edodo, 535 milh\u00f5es de toneladas de CO2 deixaram de emitidos. Esse valor representa as emiss\u00f5es anuais de CO2 da Pol\u00f4nia, ou ainda, equivalente \u00e0 soma das emiss\u00f5es totais de Argentina, Peru, Equador, Uruguai e Paraguai.<\/p>&nbsp;&nbsp;\n<p>Na semana passada, o Programa das Na\u00e7\u00f5es Unidas para o Meio Ambiente (PNUMA) lan\u00e7ou a vers\u00e3o 2019 do Relat\u00f3rio sobre a Lacuna de Emiss\u00f5es (Emissions Gap \u2013 Report 2019), que aponta que o Brasil progrediu no setor de energia. De acordo com o documento, o entre 2015 e setembro de 2019, o mercado favoreceu as energias renov\u00e1veis.<\/p>&nbsp;&nbsp;\n<p>O Relat\u00f3rio destaca tamb\u00e9m que a produ\u00e7\u00e3o de etanol no Brasil, com o lan\u00e7amento da nova Pol\u00edtica Nacional de Biocombust\u00edveis (RenovaBio), ser\u00e1 ampliada e, com isso \u201co pa\u00eds provavelmente atender\u00e1 \u00e0s metas mencionadas na NDC brasileira para o setor de transportes\u201d, diz trecho do documento.<\/p>&nbsp;&nbsp;\n","protected":false},"excerpt":{"rendered":"<p>Setores p\u00fablico, privado e sociedade civil promoveram, na manh\u00e3 desta segunda-feira (9), durante a 25\u00aa&#8230;<\/p>\n","protected":false},"author":1,"featured_media":0,"comment_status":"open","ping_status":"open","sticky":false,"template":"","format":"standard","meta":{"fifu_image_url":"","fifu_image_alt":"","footnotes":""},"categories":[727],"tags":[10318],"class_list":["post-77121","post","type-post","status-publish","format-standard","hentry","category-noticias","tag-acordo-de-parisbringbackmyblueskycop25etanolmudancas-climaticasnoticiassetorunica","wpcat-727-id"],"_links":{"self":[{"href":"https:\/\/verde-amarelo.net\/verdeamarelo\/wp-json\/wp\/v2\/posts\/77121","targetHints":{"allow":["GET"]}}],"collection":[{"href":"https:\/\/verde-amarelo.net\/verdeamarelo\/wp-json\/wp\/v2\/posts"}],"about":[{"href":"https:\/\/verde-amarelo.net\/verdeamarelo\/wp-json\/wp\/v2\/types\/post"}],"author":[{"embeddable":true,"href":"https:\/\/verde-amarelo.net\/verdeamarelo\/wp-json\/wp\/v2\/users\/1"}],"replies":[{"embeddable":true,"href":"https:\/\/verde-amarelo.net\/verdeamarelo\/wp-json\/wp\/v2\/comments?post=77121"}],"version-history":[{"count":0,"href":"https:\/\/verde-amarelo.net\/verdeamarelo\/wp-json\/wp\/v2\/posts\/77121\/revisions"}],"wp:attachment":[{"href":"https:\/\/verde-amarelo.net\/verdeamarelo\/wp-json\/wp\/v2\/media?parent=77121"}],"wp:term":[{"taxonomy":"category","embeddable":true,"href":"https:\/\/verde-amarelo.net\/verdeamarelo\/wp-json\/wp\/v2\/categories?post=77121"},{"taxonomy":"post_tag","embeddable":true,"href":"https:\/\/verde-amarelo.net\/verdeamarelo\/wp-json\/wp\/v2\/tags?post=77121"}],"curies":[{"name":"wp","href":"https:\/\/api.w.org\/{rel}","templated":true}]}}