{"id":77123,"date":"2019-12-09T19:39:00","date_gmt":"2019-12-09T22:39:00","guid":{"rendered":"https:\/\/verde-amarelo.net\/verdeamarelo\/2019\/12\/rogerio-penna-fala-sobre-os-desgastes-para-lentes-de-contato-dental\/"},"modified":"2019-12-09T19:39:00","modified_gmt":"2019-12-09T22:39:00","slug":"rogerio-penna-fala-sobre-os-desgastes-para-lentes-de-contato-dental","status":"publish","type":"post","link":"https:\/\/verde-amarelo.net\/verdeamarelo\/2019\/12\/rogerio-penna-fala-sobre-os-desgastes-para-lentes-de-contato-dental\/","title":{"rendered":"Rog\u00e9rio Penna fala sobre os \u201ddesgastes\u201d para lentes de contato dental"},"content":{"rendered":"<div><img decoding=\"async\" src=\"data:image\/gif;base64,R0lGODlhAQABAIAAAAAAAP\/\/\/ywAAAAAAQABAAACAUwAOw==\" fifu-lazy=\"1\" fifu-data-sizes=\"auto\" fifu-data-srcset=\"https:\/\/i2.wp.com\/prnewswire.com.br\/wp-content\/uploads\/2019\/12\/Rogerio_penna.jpg?ssl=1&w=75&resize=75&ssl=1 75w, https:\/\/i2.wp.com\/prnewswire.com.br\/wp-content\/uploads\/2019\/12\/Rogerio_penna.jpg?ssl=1&w=100&resize=100&ssl=1 100w, https:\/\/i2.wp.com\/prnewswire.com.br\/wp-content\/uploads\/2019\/12\/Rogerio_penna.jpg?ssl=1&w=150&resize=150&ssl=1 150w, https:\/\/i2.wp.com\/prnewswire.com.br\/wp-content\/uploads\/2019\/12\/Rogerio_penna.jpg?ssl=1&w=240&resize=240&ssl=1 240w, https:\/\/i2.wp.com\/prnewswire.com.br\/wp-content\/uploads\/2019\/12\/Rogerio_penna.jpg?ssl=1&w=320&resize=320&ssl=1 320w, https:\/\/i2.wp.com\/prnewswire.com.br\/wp-content\/uploads\/2019\/12\/Rogerio_penna.jpg?ssl=1&w=500&resize=500&ssl=1 500w, https:\/\/i2.wp.com\/prnewswire.com.br\/wp-content\/uploads\/2019\/12\/Rogerio_penna.jpg?ssl=1&w=640&resize=640&ssl=1 640w, https:\/\/i2.wp.com\/prnewswire.com.br\/wp-content\/uploads\/2019\/12\/Rogerio_penna.jpg?ssl=1&w=800&resize=800&ssl=1 800w, https:\/\/i2.wp.com\/prnewswire.com.br\/wp-content\/uploads\/2019\/12\/Rogerio_penna.jpg?ssl=1&w=1024&resize=1024&ssl=1 1024w, https:\/\/i2.wp.com\/prnewswire.com.br\/wp-content\/uploads\/2019\/12\/Rogerio_penna.jpg?ssl=1&w=1280&resize=1280&ssl=1 1280w, https:\/\/i2.wp.com\/prnewswire.com.br\/wp-content\/uploads\/2019\/12\/Rogerio_penna.jpg?ssl=1&w=1600&resize=1600&ssl=1 1600w\" fifu-data-src=\"https:\/\/i2.wp.com\/prnewswire.com.br\/wp-content\/uploads\/2019\/12\/Rogerio_penna.jpg?ssl=1\" class=\"ff-og-image-inserted\"><\/div>\n<p>S\u00c3O PAULO, 9 de dezembro de 2019  &#8212;&nbsp;A procura pelas lentes de contato dentais n\u00e3o para de crescer. Na era das selfies, a preocupa\u00e7\u00e3o com a est\u00e9tica facial e do sorriso ocasionou uma alta demanda pelo procedimento. Tudo come\u00e7ou com as celebridades, sorrisos perfeitos, alinhados e sem manchas se tornaram frequentes na TV e nas redes sociais, isso fez com que o procedimento nos dentes ultrapassasse as cirurgias pl\u00e1sticas que, at\u00e9 ent\u00e3o, eram as favoritas dos brasileiros.<\/p>&nbsp;&nbsp;\n<p>Por\u00e9m, nas ultimas semanas, uma imagem chocou a web, os dentes de Carlinhos Maia sem as lentes de contato dental. O humorista se divertiu com seus seguidores ao mostrar os dentes naturais ap\u00f3s realizar a troca das lentes de contato. O humorista explicou que seus dentes s\u00e3o naturalmente pequenos e que ficaram ainda menores ap\u00f3s serem lixados para encaixar as lentes.<\/p>&nbsp;&nbsp;\n<p>Fomos atr\u00e1s de um dos mais renomados especialista na \u00e1rea, Dr. Rog\u00e9rio Penna, para explicar um pouco mais sobre como funciona o procedimento.<\/p>&nbsp;&nbsp;\n<p><strong>Dr., o que&nbsp;s\u00e3o as lentes de contato dentais e como funcionam?<\/strong><\/p>\n<p>S\u00e3o finas l\u00e2minas de porcelana que revestem toda a superf\u00edcie do dente, alteram forma, comprimento e cor, deixam o sorriso alinhado e mais branco. S\u00e3o coladas sobre o dente atrav\u00e9s de um sistema adesivo muito forte que acaba criando um corpo \u00fanico com durabilidade de no m\u00ednimo 10 anos.<\/p>&nbsp;&nbsp;\n<p><strong>Como \u00e9 feito a prepara\u00e7\u00e3o dos dentes para receber as lentes, \u00e9 necess\u00e1rio desgastar os dentes?<\/strong><\/p>\n<p>Em todos os casos s\u00e3o necess\u00e1rios ajustes nos dentes para receber as lentes, como, por exemplo, arredondar bordas, aparar arestas e criar linhas de t\u00e9rmino, por\u00e9m, esses desgastes geralmente s\u00e3o m\u00ednimos ou quase impercept\u00edveis ao olho nu, desde que o dentista trabalhe com microscopia ou lupas de aumento, tenha em m\u00e3os excelentes materiais, seja especialista na \u00e1rea e com vasta experi\u00eancia.<\/p>&nbsp;&nbsp;\n<p><strong>No caso do Carlinhos Maia, tem situa\u00e7\u00f5es que o dente precisa ficar daquele jeito para receber as lentes?<\/strong><\/p>\n<p>Os dentes precisam de desgastes maiores apenas em casos extremos de reabilita\u00e7\u00e3o, ou seja, na maioria dos casos, dentes com restaura\u00e7\u00f5es extensas ou j\u00e1 muito destru\u00eddos. Infelizmente, existem muitos profissionais que n\u00e3o dominam a t\u00e9cnica e se aventuram a fazer, n\u00e3o s\u00e3o especialistas, n\u00e3o possuem tecnologias ideais e bons materiais, por isso acabam fazendo desgastes agressivos desnecess\u00e1rios sem nenhum estudo e planejamento, ci\u00eancia ou t\u00e9cnica.<\/p>&nbsp;&nbsp;\n<p><strong>Qual o conselho que voc\u00ea d\u00e1 para quem quiser colocar as lentes?<\/strong><\/p>\n<p>Sempre busque um profissional que seja especialista, trabalhe com tecnologias de ponta, materiais de primeira linha e que tenha know-how, e nunca pelo pre\u00e7o mais barato. Hoje, estamos vivendo uma era do retrabalho, que \u00e9 quando o paciente coloca lentes e por motivo est\u00e9tico (fora do padr\u00e3o ideal) ou funcional (m\u00e1 adapta\u00e7\u00f5es\/infiltra\u00e7\u00f5es) temos que remover tudo e fazer de novo. Em meu consult\u00f3rio recebo pelo menos 3 pacientes por semana nessa situa\u00e7\u00e3o, e que na maioria das vezes, foram colocadas h\u00e1 poucas semanas por outro profissional, isso al\u00e9m de causar um grande preju\u00edzo financeiro ao paciente, ainda causa graves sequelas ao dente e psicol\u00f3gicas ao paciente.<\/p>&nbsp;&nbsp;\n<p>Foto: <a href=\"https:\/\/mma.prnewswire.com\/media\/1042201\/Rogerio_penna.jpg?p=original\" rel=\"nofollow noopener noreferrer\" target=\"_blank\">https:\/\/mma.prnewswire.com\/media\/1042201\/Rogerio_penna.jpg?p=original<\/a><\/p>\n<p>FONTE Rog\u00e9rio Penna<\/p>\n","protected":false},"excerpt":{"rendered":"<p>S\u00c3O PAULO, 9 de dezembro de 2019 &#8212;&nbsp;A procura pelas lentes de contato dentais n\u00e3o&#8230;<\/p>\n","protected":false},"author":1,"featured_media":0,"comment_status":"open","ping_status":"open","sticky":false,"template":"","format":"standard","meta":{"fifu_image_url":"","fifu_image_alt":"","footnotes":""},"categories":[727],"tags":[],"class_list":["post-77123","post","type-post","status-publish","format-standard","hentry","category-noticias","wpcat-727-id"],"_links":{"self":[{"href":"https:\/\/verde-amarelo.net\/verdeamarelo\/wp-json\/wp\/v2\/posts\/77123","targetHints":{"allow":["GET"]}}],"collection":[{"href":"https:\/\/verde-amarelo.net\/verdeamarelo\/wp-json\/wp\/v2\/posts"}],"about":[{"href":"https:\/\/verde-amarelo.net\/verdeamarelo\/wp-json\/wp\/v2\/types\/post"}],"author":[{"embeddable":true,"href":"https:\/\/verde-amarelo.net\/verdeamarelo\/wp-json\/wp\/v2\/users\/1"}],"replies":[{"embeddable":true,"href":"https:\/\/verde-amarelo.net\/verdeamarelo\/wp-json\/wp\/v2\/comments?post=77123"}],"version-history":[{"count":0,"href":"https:\/\/verde-amarelo.net\/verdeamarelo\/wp-json\/wp\/v2\/posts\/77123\/revisions"}],"wp:attachment":[{"href":"https:\/\/verde-amarelo.net\/verdeamarelo\/wp-json\/wp\/v2\/media?parent=77123"}],"wp:term":[{"taxonomy":"category","embeddable":true,"href":"https:\/\/verde-amarelo.net\/verdeamarelo\/wp-json\/wp\/v2\/categories?post=77123"},{"taxonomy":"post_tag","embeddable":true,"href":"https:\/\/verde-amarelo.net\/verdeamarelo\/wp-json\/wp\/v2\/tags?post=77123"}],"curies":[{"name":"wp","href":"https:\/\/api.w.org\/{rel}","templated":true}]}}