{"id":77126,"date":"2019-12-09T21:11:58","date_gmt":"2019-12-10T00:11:58","guid":{"rendered":"https:\/\/verde-amarelo.net\/verdeamarelo\/2019\/12\/beto-monteiro-e-confirmado-como-campeao-de-2019\/"},"modified":"2019-12-09T21:11:58","modified_gmt":"2019-12-10T00:11:58","slug":"beto-monteiro-e-confirmado-como-campeao-de-2019","status":"publish","type":"post","link":"https:\/\/verde-amarelo.net\/verdeamarelo\/2019\/12\/beto-monteiro-e-confirmado-como-campeao-de-2019\/","title":{"rendered":"Beto Monteiro \u00e9 confirmado como campe\u00e3o de 2019"},"content":{"rendered":"<p>O pernambucano Beto Monteiro concluiu uma temporada perfeita neste fim de semana em Interlagos com o t\u00edtulo de 2019 da Copa Truck. Com o caminh\u00e3o #88 da Volkswagen, Beto confirmou a conquista de forma extra-oficial j\u00e1 na primeira corrida, quando foi o segundo colocado ap\u00f3s liderar a maior parte da disputa e ceder a vit\u00f3ria ao companheiro Paulo Salustiano, que brigava com Andr\u00e9 Marques pelo vice-campeonato, nas curvas finais.<\/p>&nbsp;&nbsp;\n<p>Salustiano tamb\u00e9m ficou com a vit\u00f3ria na corrida 2 ap\u00f3s a CBA fazer uma vistoria minunciosa em cinco caminh\u00f5es ap\u00f3s reclama\u00e7\u00f5es (que envolveu os caminh\u00f5es de Beto, Salustiano, Marques, Roberval Andrade e Renato Martins) e resultou na desclassifica\u00e7\u00e3o de Roberval das duas corridas por conta de irregularidades t\u00e9cnicas. Mesmo com a vit\u00f3ria, Salu n\u00e3o conseguiu tirar Marques do vice-campeonato.<\/p>&nbsp;&nbsp;\n<p>J\u00e1 Beto Monteiro conquista seu primeiro t\u00edtulo nacional desde 2013 em uma temporada de reden\u00e7\u00e3o ap\u00f3s passar o ano inteiro de 2018 em jejum. \u201cEstou sem palavras para descrever tanta felicidade. A gente teve um ano fant\u00e1stico e, para mim, foi um dos melhores da minha vida nas pistas. E eu preciso agradecer a muita gente: Deus, fam\u00edlia, equipe, patrocinadores, engenharia da Volkswagen e o Renato Martins, que apostou no time. Ainda tenho alguns compromissos, mas n\u00e3o vejo a hora de comemorar com o resto da familia em Recife.\u201d<\/p>\n<p>Salustiano, por sua vez, n\u00e3o se conteve de felicidade ao saber que fechou o fim de semana com duas vit\u00f3rias e o m\u00e1ximo de pontos. \u201cEstou muito feliz, com duas vit\u00f3rias em casa, um total de seis neste ano incr\u00edvel. O vice n\u00e3o veio, mas cumprimos a meta de ter o Beto campe\u00e3o e a Volkswagen campe\u00e3. Obrigado ao Beto pela ajuda na primeira corrida, pois ele poderia ter selado o t\u00edtulo com uma vit\u00f3ria, mas decidiu trabalhar em equipe e isso n\u00e3o vou esquecer\u201d, comentou Salustiano.<\/p>&nbsp;&nbsp;\n<p>Mas a prova n\u00e3o ficou exclusivamente focada na disputa pelo t\u00edtulo, pois muitas outras surpresas e acontecimentos arrepiaram os presentes. Destaque inicial para Pedro Paulo Fernandes, que deu um show de ultrapassagens e liderava a corrida 2 at\u00e9 sua turbina explodir de forma espetacular e cobrir toda a reta dos boxes de fuma\u00e7a. Outro nome que chamou a aten\u00e7\u00e3o foi o retorno de Giuliano Losacco com direito a trof\u00e9u pela quinta posi\u00e7\u00e3o na corrida 2.<\/p>&nbsp;&nbsp;\n<p>Al\u00e9m do estouro da turbina de Pedro Paulo, outro momento de tens\u00e3o e emo\u00e7\u00e3o marcou a prova final: em plena freada no fim da reta oposta, o Iveco de Felipe Giaffone quebrou, enlameou todo o setor e, al\u00e9m de provocar a rodada do pr\u00f3prio Felipe, tamb\u00e9m vitimou todo mundo que veio atr\u00e1s, como Andr\u00e9 Marques, Clodoaldo Monteiro, Luiz Carlos Zapelini, Leandro Totti e Wellington Cirino. Por sorte, Marques conseguiu sair da caixa de brita e terminar em quarto para selar o vice.<\/p>&nbsp;&nbsp;\n<p>O fim de semana em Interlagos contou com agenda cheia: corridas da Copa Truck, do Mercedes-Benz Challenge, da Copa HB20, show de motocross da Equipe Jorge Negretti, a\u00e7\u00e3o de Natal com Show da Turma da M\u00f4nica para mais de 500 crian\u00e7as, a reuni\u00e3o de caminh\u00f5es da Diesell\u00e2ndia, desfile de todos os carros e pilotos, exposi\u00e7\u00e3o de truckmodelismo e visita\u00e7\u00e3o dupla aos boxes, entre outras a\u00e7\u00f5es que mantiveram o p\u00fablico que encheu Interlagos e encerrou a temporada com chave de ouro.<\/p>&nbsp;&nbsp;\n<p>O calend\u00e1rio de 2020 da Copa Truck ser\u00e1 divulgado em breve. Confira abaixo o resultado das duas corridas e a classifica\u00e7\u00e3o final da Grande Final e das montadoras:<\/p>\n<p><strong>Corrida 1<\/strong><br \/>1. Paulo Salustiano (Volkswagen), 11 voltas em 25min29s267<br \/>2. Beto Monteiro (Volkswagen), a 0s756<br \/>3. Leandro Totti (Mercedes-Benz), a 13s421<br \/>4. Felipe Giaffone (Iveco), a 19s012<br \/>5. Andr\u00e9 Marques (Mercedes-Benz), a 19s815<br \/>6. Renato Martins (Volkswagen), a 20s266<br \/>7. Pedro Paulo Fernandes (Mercedes-Benz), a 22s366<br \/>8. Wellington Cirino (Mercedes-Benz), a 22s686<br \/>9. Clodoaldo Monteiro (MAN), a 26s090<br \/>10. Adalberto Jardim (Ford), a 31s325<br \/>11. Luiz Carlos Zapelini (MAN), a 34s960<br \/>12. Gabriel Robe (Mercedes-Benz), a 40s854<br \/>13. Jos\u00e9 Augusto Dias (Volkswagen), a 43s859<br \/>14. Giuliano Losacco (Iveco), a 45s106<br \/>15. Regis Boessio (Volvo), a 45s633<br \/>16. Debora Rodrigues (Mercedes-Benz), a 54s389<br \/>17. Jaidson Zini (Scania), a 1min02s084<br \/>18. Djalma Pivetta (Iveco), a 1min02s486<br \/>19. Luiz Lopes (Iveco), a 1min03s211<br \/>20. Danilo Alamini (Iveco), a 1min13s536<br \/>21. Daniel Kelemen (Mercedes-Benz), a 1min19s221<br \/>22. Fabio Foga\u00e7a (Ford), a 2min03s459<br \/>23. Juca Bala (Ford), a 2min05s427<br \/>24. Evandro Camargo (Volvo), a 3 voltas<\/p>\n<p>N\u00e3o classificados<br \/>Duda Bana (Scania), n\u00e3o largou<br \/>Roberval Andrade (Mercedes-Benz), desclassificado<\/p>\n<p>Melhor volta: Paulo Salustiano, 2min05s762<\/p>\n<p><strong>Corrida 2<\/strong><br \/>1. Paulo Salustiano (Volkswagen), 9 voltas em 26min08s685<br \/>2. Renato Martins (Volkswagen), a 4s253<br \/>3. Beto Monteiro (Volkswagen), a 4s995<br \/>4. Andr\u00e9 Marques (Mercedes-Benz), a 6s996<br \/>5. Giuliano Losacco (Iveco), a 8s440<br \/>6. Adalberto Jardim (Ford), a 9s855<br \/>7. Jos\u00e9 Augusto Dias (Volkswagen), a 12s948<br \/>8. Jaidson Zini (Scania), a 17s517<br \/>9. Gabriel Robe (Mercedes-Benz), a 17s670<br \/>10. Fabio Foga\u00e7a (Ford), a 18s711<br \/>11. Regis Boessio (Volvo), a 19s070<br \/>12. Luiz Lopes (Iveco), a 21s320<br \/>13. Daniel Kelemen (Mercedes-Benz), a 21s355<br \/>14. Djalma Pivetta (Iveco), a 22s988<br \/>15. Juca Bala (Ford), a 32s918<br \/>16. Evandro Camargo (Volvo), a 1min02s576<br \/>17. Luiz Carlos Zapelini (MAN), a 1 volta<br \/>18. Leandro Totti (Mercedes-Benz), a 2 voltas<\/p>\n<p>N\u00e3o classificados<br \/>Danilo Alamini (Iveco), a 4 voltas<br \/>Clodoaldo Monteiro (MAN), a 5 voltas<br \/>Felipe Giaffone (Iveco), a 6 voltas<br \/>Wellington Cirino (Mercedes-Benz), a 6 voltas<br \/>Pedro Paulo Fernandes (Mercedes-Benz), a 6 voltas<br \/>Debora Rodrigues (Mercedes-Benz), a 8 voltas<br \/>Roberval Andrade (Mercedes-Benz), desclassificado<\/p>\n<p>Melhor volta: Paulo Salustiano, 2min06s687<\/p>\n<p><strong>Classifica\u00e7\u00e3o da Grande Final<\/strong><\/p>\n<p>1. Beto Monteiro, 176<br \/>2. Andr\u00e9 Marques, 155<br \/>3. Paulo Salustiano, 152<br \/>4. Felipe Giaffone, 134<br \/>5. Leandro Totti, 128<br \/>6. Roberval Andrade, 110<br \/>7. Renato Martins, 30<br \/>8. Adalberto Jardim, 20<br \/>9. Giuliano Losacco, 17<br \/>10. Jos\u00e9 Augusto Dias, 16<br \/>11. Gabriel Robe, 15<br \/>12. Pedro Paulo Fernandes, 13<br \/>13. Wellington Cirino, 12<br \/>14. Clodoaldo Monteiro, 11<br \/>15. Regis Boessio, 10<br \/>16. Luiz Carlos Zapelini, 9<br \/>17. Jaidson Zini, 8<br \/>18. Fabio Foga\u00e7a, 6<br \/>19. Luiz Lopes, 4<br \/>20. Daniel Kelemen, 3<br \/>21. Djalma Pivetta, 2<br \/>22. Juca Bala, 1<br \/>23. Debora Rodrigeus, 0<br \/>24. Danilo Alamini, 0<br \/>25. Duda Bana, 0<br \/>26. Evandro Camargo, 0<br \/>27. Djalma Foga\u00e7a, 0<\/p>\n","protected":false},"excerpt":{"rendered":"<p>O pernambucano Beto Monteiro concluiu uma temporada perfeita neste fim de semana em Interlagos com&#8230;<\/p>\n","protected":false},"author":1,"featured_media":0,"comment_status":"open","ping_status":"open","sticky":false,"template":"","format":"standard","meta":{"fifu_image_url":"","fifu_image_alt":"","footnotes":""},"categories":[727],"tags":[10319],"class_list":["post-77126","post","type-post","status-publish","format-standard","hentry","category-noticias","tag-beto-monteirocopa-truckgrande-finalinterlagosnoticiastemporada-2019","wpcat-727-id"],"_links":{"self":[{"href":"https:\/\/verde-amarelo.net\/verdeamarelo\/wp-json\/wp\/v2\/posts\/77126","targetHints":{"allow":["GET"]}}],"collection":[{"href":"https:\/\/verde-amarelo.net\/verdeamarelo\/wp-json\/wp\/v2\/posts"}],"about":[{"href":"https:\/\/verde-amarelo.net\/verdeamarelo\/wp-json\/wp\/v2\/types\/post"}],"author":[{"embeddable":true,"href":"https:\/\/verde-amarelo.net\/verdeamarelo\/wp-json\/wp\/v2\/users\/1"}],"replies":[{"embeddable":true,"href":"https:\/\/verde-amarelo.net\/verdeamarelo\/wp-json\/wp\/v2\/comments?post=77126"}],"version-history":[{"count":0,"href":"https:\/\/verde-amarelo.net\/verdeamarelo\/wp-json\/wp\/v2\/posts\/77126\/revisions"}],"wp:attachment":[{"href":"https:\/\/verde-amarelo.net\/verdeamarelo\/wp-json\/wp\/v2\/media?parent=77126"}],"wp:term":[{"taxonomy":"category","embeddable":true,"href":"https:\/\/verde-amarelo.net\/verdeamarelo\/wp-json\/wp\/v2\/categories?post=77126"},{"taxonomy":"post_tag","embeddable":true,"href":"https:\/\/verde-amarelo.net\/verdeamarelo\/wp-json\/wp\/v2\/tags?post=77126"}],"curies":[{"name":"wp","href":"https:\/\/api.w.org\/{rel}","templated":true}]}}