{"id":77130,"date":"2019-12-09T19:52:00","date_gmt":"2019-12-09T22:52:00","guid":{"rendered":"https:\/\/verde-amarelo.net\/verdeamarelo\/2019\/12\/instituto-nissan-seleciona-projetos-vencedores-do-inova-san\/"},"modified":"2019-12-09T19:52:00","modified_gmt":"2019-12-09T22:52:00","slug":"instituto-nissan-seleciona-projetos-vencedores-do-inova-san","status":"publish","type":"post","link":"https:\/\/verde-amarelo.net\/verdeamarelo\/2019\/12\/instituto-nissan-seleciona-projetos-vencedores-do-inova-san\/","title":{"rendered":"Instituto Nissan seleciona projetos vencedores do Inova-san"},"content":{"rendered":"<div><img decoding=\"async\" src=\"data:image\/gif;base64,R0lGODlhAQABAIAAAAAAAP\/\/\/ywAAAAAAQABAAACAUwAOw==\" fifu-lazy=\"1\" fifu-data-sizes=\"auto\" fifu-data-srcset=\"https:\/\/i0.wp.com\/wieck-nissanao-production.s3.amazonaws.com\/photos\/4814d4eb52aedd968faea3942f51e0f04ec09f15\/thumbnail-364x204.jpg?ssl=1&w=75&resize=75&ssl=1 75w, https:\/\/i0.wp.com\/wieck-nissanao-production.s3.amazonaws.com\/photos\/4814d4eb52aedd968faea3942f51e0f04ec09f15\/thumbnail-364x204.jpg?ssl=1&w=100&resize=100&ssl=1 100w, https:\/\/i0.wp.com\/wieck-nissanao-production.s3.amazonaws.com\/photos\/4814d4eb52aedd968faea3942f51e0f04ec09f15\/thumbnail-364x204.jpg?ssl=1&w=150&resize=150&ssl=1 150w, https:\/\/i0.wp.com\/wieck-nissanao-production.s3.amazonaws.com\/photos\/4814d4eb52aedd968faea3942f51e0f04ec09f15\/thumbnail-364x204.jpg?ssl=1&w=240&resize=240&ssl=1 240w, https:\/\/i0.wp.com\/wieck-nissanao-production.s3.amazonaws.com\/photos\/4814d4eb52aedd968faea3942f51e0f04ec09f15\/thumbnail-364x204.jpg?ssl=1&w=320&resize=320&ssl=1 320w, https:\/\/i0.wp.com\/wieck-nissanao-production.s3.amazonaws.com\/photos\/4814d4eb52aedd968faea3942f51e0f04ec09f15\/thumbnail-364x204.jpg?ssl=1&w=500&resize=500&ssl=1 500w, https:\/\/i0.wp.com\/wieck-nissanao-production.s3.amazonaws.com\/photos\/4814d4eb52aedd968faea3942f51e0f04ec09f15\/thumbnail-364x204.jpg?ssl=1&w=640&resize=640&ssl=1 640w, https:\/\/i0.wp.com\/wieck-nissanao-production.s3.amazonaws.com\/photos\/4814d4eb52aedd968faea3942f51e0f04ec09f15\/thumbnail-364x204.jpg?ssl=1&w=800&resize=800&ssl=1 800w, https:\/\/i0.wp.com\/wieck-nissanao-production.s3.amazonaws.com\/photos\/4814d4eb52aedd968faea3942f51e0f04ec09f15\/thumbnail-364x204.jpg?ssl=1&w=1024&resize=1024&ssl=1 1024w, https:\/\/i0.wp.com\/wieck-nissanao-production.s3.amazonaws.com\/photos\/4814d4eb52aedd968faea3942f51e0f04ec09f15\/thumbnail-364x204.jpg?ssl=1&w=1280&resize=1280&ssl=1 1280w, https:\/\/i0.wp.com\/wieck-nissanao-production.s3.amazonaws.com\/photos\/4814d4eb52aedd968faea3942f51e0f04ec09f15\/thumbnail-364x204.jpg?ssl=1&w=1600&resize=1600&ssl=1 1600w\" fifu-data-src=\"https:\/\/i0.wp.com\/wieck-nissanao-production.s3.amazonaws.com\/photos\/4814d4eb52aedd968faea3942f51e0f04ec09f15\/thumbnail-364x204.jpg?ssl=1\" class=\"ff-og-image-inserted\"><\/div>\n<p class=\"publication\"><time class=\"pub-date\" datetime=\"2019-12-09T19:52:00Z\">Dezembro 9, 2019<\/time><\/p>\n<p><strong>RIO DE JANEIRO, Brasil &#8211;<\/strong> O Instituto Nissan, em parceria com as comunidades locais e com a Rio Sul Valley, elegeu os tr\u00eas melhores projetos do Inova-san, programa que tem como objetivo impulsionar a educa\u00e7\u00e3o, a inova\u00e7\u00e3o e o empreendedorismo na regi\u00e3o Sul Fluminense.<\/p>&nbsp;&nbsp;\n<p>Ap\u00f3s cinco meses de fomenta\u00e7\u00e3o e suporte aos grupos, o evento de apresenta\u00e7\u00e3o final dos projetos aconteceu no Complexo Industrial da Nissan em Resende, na \u00faltima sexta-feira, 6 de dezembro, quando a banca de jurados definiu os campe\u00f5es.<\/p>&nbsp;&nbsp;\n<p>Cada um dos grupos escolhidos est\u00e1 relacionado \u00e0 uma das tr\u00eas tem\u00e1ticas que estruturaram o programa do Instituto Nissan, e s\u00e3o elas: Meio Ambiente, Mobilidade Inteligente e Neg\u00f3cios Sociais.<\/p>&nbsp;&nbsp;\n<p>Conhe\u00e7a abaixo os tr\u00eas projetos vencedores:<\/p>\n<p><strong>Neg\u00f3cios Sociais &#8211;<\/strong> a equipe <em>AllZero,<\/em> doUBM (Centro Universit\u00e1rio de Barra Mansa), foi a vencedora com o desenvolvimento de um Marketplace para pessoas com restri\u00e7\u00f5es alimentares. A plataforma, esp\u00e9cie de shopping center virtual, tem como objetivo conectar diretamente os consumidores com necessidades especiais de alimenta\u00e7\u00e3o aos fornecedores, proporcionando a diversifica\u00e7\u00e3o dos produtos, al\u00e9m de descontos e benef\u00edcios.<\/p>&nbsp;&nbsp;\n<p><strong>Mobilidade Inteligente &#8211;<\/strong> o grupo <em>Smart Logout,<\/em> do UGB\/FERP (Centro Universit\u00e1rio Geraldo Di Biase), foi a campe\u00e3o com o projeto de um prot\u00f3tipo de mobilidade para o p\u00fablico PcD (pessoas com defici\u00eancia). Tendo como base os <em>hoverboards<\/em> (esp\u00e9cie de skate el\u00e9trico que se move de acordo com a inclina\u00e7\u00e3o do corpo), a equipe desenvolveu uma plataforma motorizada com alavancas direcionais, que proporciona ao cadeirante um deslocamento mais \u00e1gil e c\u00f4modo.<\/p>&nbsp;&nbsp;\n<p><strong>Meio Ambiente<\/strong> &#8211; o grupo&nbsp;<em>Ecobilge<\/em>, do CEFET\/RJ Angra dos Reis (Centro Federal de Educa\u00e7\u00e3o Tecnol\u00f3gica de Angras dos Reis), foi o vencedor da disputa com um projeto desenvolvido para controlar a polui\u00e7\u00e3o mar\u00edtima. Utilizando as leis da f\u00edsica e a tecnologia, o grupo desenvolveu um separador de \u00e1gua e \u00f3leo. Sem consumo de energia, a solu\u00e7\u00e3o permite a separa\u00e7\u00e3o dos \u00f3leos presentes nas \u00e1guas de por\u00e3o dos navios, antes do despejo ao mar.<\/p>&nbsp;&nbsp;\n<p><em>&#8220;\u00c9 muito gratificante chegar ao momento final dessa edi\u00e7\u00e3o do programa Inova-san.<\/em> <em>Quando idealizamos o programa t\u00ednhamos em mente um objetivo que sab\u00edamos ser audacioso, que era construir uma forma relevante de promo\u00e7\u00e3o de impacto social na regi\u00e3o Sul Fluminense, muito importante para nossa empresa aqui no Brasil. Identificamos na comunidade universit\u00e1ria um parceiro fundamental, e chegamos a esse programa, que se prop\u00f5e a, juntos, empresa e comunidade, identificar e construir solu\u00e7\u00f5es de problemas locais&#8221;,<\/em> comenta Rosane Santos, gerente s\u00eanior de Sustentabilidade da Nissan para a Am\u00e9rica Latina e presidente do Instituto Nissan.<\/p>&nbsp;&nbsp;\n<p><em>&#8220;Encerramos est\u00e1 1\u00aa edi\u00e7\u00e3o com mais de 950 inscritos, mais de 230 equipes, 8 mil horas de conte\u00fado aplicado, 26 institui\u00e7\u00f5es de ensino envolvidas em 13 cidades da regi\u00e3o Sul Fluminense. Quando volto a momentos importantes do programa, vejo que alcan\u00e7amos nosso objetivo; mais do que isso, cumprimos nossa miss\u00e3o, que \u00e9 enriquecer a vida das pessoas<\/em><em>&#8220;<\/em>, complementa Rosane.<\/p>&nbsp;&nbsp;\n<p>Os grupos vencedores ser\u00e3o premiados com uma viagem de imers\u00e3o em tecnologia, inova\u00e7\u00e3o e empreendedorismo na cidade de S\u00e3o Paulo. Al\u00e9m disso, os campe\u00f5es tamb\u00e9m ter\u00e3o acesso a cursos oferecidos pelo programa em parceria com Firjan e Sebrae.<\/p>&nbsp;&nbsp;\n<p><strong>Instituto Nissan<\/strong><br \/><em>O Instituto Nissan foi criado em 2013 com o objetivo coordenar todas as a\u00e7\u00f5es de responsabilidade social da empresa no Brasil. Desde ent\u00e3o, as a\u00e7\u00f5es sociais beneficiaram diretamente cerca de 120 mil pessoas nas cidades do Rio de Janeiro, onde fica a nossa sede, Resende, S\u00e3o Paulo e S\u00e3o Jos\u00e9 dos Pinhais. As atividades s\u00e3o baseadas em quatro eixos principais: educa\u00e7\u00e3o profissionalizante, tecnologia e inova\u00e7\u00e3o, meio ambiente e mobilidade. S\u00e3o desenvolvidas tanto em parceria com associa\u00e7\u00f5es da sociedade civil, poder p\u00fablico e empresas, quanto atrav\u00e9s do grupo de voluntariado. Para mais informa\u00e7\u00f5es sobre o Instituto Nissan acesse:<\/em> <a href=\"http:\/\/www.institutonissan.org.br\/atuacao\" target=\"_blank\" rel=\"noopener noreferrer\">http:\/\/www.institutonissan.org.br\/atuacao<\/a><\/p>\n<p align=\"center\">&nbsp;<\/p>\n<p align=\"center\"># # #<\/p>\n","protected":false},"excerpt":{"rendered":"<p>Dezembro 9, 2019 RIO DE JANEIRO, Brasil &#8211; O Instituto Nissan, em parceria com as&#8230;<\/p>\n","protected":false},"author":1,"featured_media":0,"comment_status":"open","ping_status":"open","sticky":false,"template":"","format":"standard","meta":{"fifu_image_url":"","fifu_image_alt":"","footnotes":""},"categories":[727],"tags":[],"class_list":["post-77130","post","type-post","status-publish","format-standard","hentry","category-noticias","wpcat-727-id"],"_links":{"self":[{"href":"https:\/\/verde-amarelo.net\/verdeamarelo\/wp-json\/wp\/v2\/posts\/77130","targetHints":{"allow":["GET"]}}],"collection":[{"href":"https:\/\/verde-amarelo.net\/verdeamarelo\/wp-json\/wp\/v2\/posts"}],"about":[{"href":"https:\/\/verde-amarelo.net\/verdeamarelo\/wp-json\/wp\/v2\/types\/post"}],"author":[{"embeddable":true,"href":"https:\/\/verde-amarelo.net\/verdeamarelo\/wp-json\/wp\/v2\/users\/1"}],"replies":[{"embeddable":true,"href":"https:\/\/verde-amarelo.net\/verdeamarelo\/wp-json\/wp\/v2\/comments?post=77130"}],"version-history":[{"count":0,"href":"https:\/\/verde-amarelo.net\/verdeamarelo\/wp-json\/wp\/v2\/posts\/77130\/revisions"}],"wp:attachment":[{"href":"https:\/\/verde-amarelo.net\/verdeamarelo\/wp-json\/wp\/v2\/media?parent=77130"}],"wp:term":[{"taxonomy":"category","embeddable":true,"href":"https:\/\/verde-amarelo.net\/verdeamarelo\/wp-json\/wp\/v2\/categories?post=77130"},{"taxonomy":"post_tag","embeddable":true,"href":"https:\/\/verde-amarelo.net\/verdeamarelo\/wp-json\/wp\/v2\/tags?post=77130"}],"curies":[{"name":"wp","href":"https:\/\/api.w.org\/{rel}","templated":true}]}}