{"id":77131,"date":"2019-12-09T20:27:01","date_gmt":"2019-12-09T23:27:01","guid":{"rendered":"https:\/\/verde-amarelo.net\/verdeamarelo\/2019\/12\/ministerio-realiza-workshop-para-discutir-modalidade-de-pedagio-free-flow\/"},"modified":"2019-12-09T20:27:01","modified_gmt":"2019-12-09T23:27:01","slug":"ministerio-realiza-workshop-para-discutir-modalidade-de-pedagio-free-flow","status":"publish","type":"post","link":"https:\/\/verde-amarelo.net\/verdeamarelo\/2019\/12\/ministerio-realiza-workshop-para-discutir-modalidade-de-pedagio-free-flow\/","title":{"rendered":"Minist\u00e9rio realiza workshop para discutir modalidade de ped\u00e1gio \u201cfree flow\u201d"},"content":{"rendered":"<p><em>Realizado no Minist\u00e9rio da Infraestrutura, encontro reuniu autoridades e servidores da Pasta e entidades vinculadas, al\u00e9m de institui\u00e7\u00f5es do setor&nbsp;<\/em><\/p>\n<p><img decoding=\"async\" src=\"data:image\/gif;base64,R0lGODlhAQABAIAAAAAAAP\/\/\/ywAAAAAAQABAAACAUwAOw==\" fifu-lazy=\"1\" fifu-data-sizes=\"auto\" fifu-data-srcset=\"https:\/\/i0.wp.com\/transportes.gov.br\/images\/2019_canal_servidor\/12\/freeflow1.jpeg?ssl=1&w=75&resize=75&ssl=1 75w, https:\/\/i0.wp.com\/transportes.gov.br\/images\/2019_canal_servidor\/12\/freeflow1.jpeg?ssl=1&w=100&resize=100&ssl=1 100w, https:\/\/i0.wp.com\/transportes.gov.br\/images\/2019_canal_servidor\/12\/freeflow1.jpeg?ssl=1&w=150&resize=150&ssl=1 150w, https:\/\/i0.wp.com\/transportes.gov.br\/images\/2019_canal_servidor\/12\/freeflow1.jpeg?ssl=1&w=240&resize=240&ssl=1 240w, https:\/\/i0.wp.com\/transportes.gov.br\/images\/2019_canal_servidor\/12\/freeflow1.jpeg?ssl=1&w=320&resize=320&ssl=1 320w, https:\/\/i0.wp.com\/transportes.gov.br\/images\/2019_canal_servidor\/12\/freeflow1.jpeg?ssl=1&w=500&resize=500&ssl=1 500w, https:\/\/i0.wp.com\/transportes.gov.br\/images\/2019_canal_servidor\/12\/freeflow1.jpeg?ssl=1&w=640&resize=640&ssl=1 640w, https:\/\/i0.wp.com\/transportes.gov.br\/images\/2019_canal_servidor\/12\/freeflow1.jpeg?ssl=1&w=800&resize=800&ssl=1 800w, https:\/\/i0.wp.com\/transportes.gov.br\/images\/2019_canal_servidor\/12\/freeflow1.jpeg?ssl=1&w=1024&resize=1024&ssl=1 1024w, https:\/\/i0.wp.com\/transportes.gov.br\/images\/2019_canal_servidor\/12\/freeflow1.jpeg?ssl=1&w=1280&resize=1280&ssl=1 1280w, https:\/\/i0.wp.com\/transportes.gov.br\/images\/2019_canal_servidor\/12\/freeflow1.jpeg?ssl=1&w=1600&resize=1600&ssl=1 1600w\" fifu-data-src=\"https:\/\/i0.wp.com\/transportes.gov.br\/images\/2019_canal_servidor\/12\/freeflow1.jpeg?ssl=1\" alt=\"freeflow1\" width=\"380\" height=\"254\">Com o objetivo de abordar e discutir a viabilidade de implementa\u00e7\u00e3o do sistema&nbsp;<em>free flow<\/em>&nbsp;(fluxo livre, em ingl\u00eas) \u2013 modalidade de cobran\u00e7a de ped\u00e1gio operado por meio de sistemas de livre passagem, sem necessidade de pra\u00e7as de ped\u00e1gio \u2013 o Minist\u00e9rio da Infraestrutura, por meio da Secretaria de Planejamento, Desenvolvimento e Parcerias (SFPP), realizou, nesta segunda-feira (9), o workshop&nbsp;<em>Free Flow<\/em>. Al\u00e9m de abordar modelos j\u00e1 implementados em S\u00e3o Paulo e no Chile, foram discutidos os desafios e as condi\u00e7\u00f5es legais para a implementa\u00e7\u00e3o do sistema nas rodovias do pa\u00eds.&nbsp;<\/p>\n<p>A secret\u00e1ria de Planejamento, Desenvolvimento e Parcerias do Minist\u00e9rio da Infraestrutura,&nbsp;Nat\u00e1lia Marcassa, explicou que um dos principais objetivos do encontro \u00e9 abordar os benef\u00edcios sociais que a implementa\u00e7\u00e3o do sistema pode proporcionar ao pa\u00eds. \u201cQuando em funcionamento, o <em>free flow<\/em>&nbsp;traz benef\u00edcios, principalmente, aos usu\u00e1rios. Al\u00e9m de prover mais fluidez \u00e0s rodovias, o sistema gera tarifas mais baratas e menor custos de investimento\u201d, destacou. Marcassa salientou que o workshop \u00e9 um encontro inicial para tratar da viabilidade do sistema e que ainda n\u00e3o h\u00e1 uma data definida para uma potencial implementa\u00e7\u00e3o.&nbsp;<\/p>\n<p>Durante a programa\u00e7\u00e3o do evento, foram abordadas as seguinte apresenta\u00e7\u00f5es: \u201cProjeto de Lei do Senado\u201d, pelo Minist\u00e9rio da Infraestrutura; \u201cExperi\u00eancia do Chile na migra\u00e7\u00e3o do ped\u00e1gio tradicional para solu\u00e7\u00e3o MLFF\u201d, pela Grupo Kapsch; \u201cProjeto Ponto a Ponto em S\u00e3o Paulo\u201d, pela Ag\u00eancia de Transporte do Estado de S\u00e3o Paulo (ARTESP); \u201cDesafios para o <em>Free Flow<\/em> no Brasil\u201d, pelo&nbsp; Banco Nacional de Desenvolvimento Econ\u00f4mico e Social (BNDES); e \u201c<em>Enforcement<\/em>: uso da via como rela\u00e7\u00e3o de consumo\u201d, pela&nbsp;Associa\u00e7\u00e3o Brasileira de Captadores de Recursos (ABCR).&nbsp;<\/p>\n<p>Al\u00e9m de gestores do Minist\u00e9rio da Infraestrutura, entre eles, da SFPP, da Secretaria Nacional de Transportes Terrestres (SNTT) e do Departamento Nacional de Tr\u00e2nsito (Denatran), participaram do encontro representantes da Empresa de Planejamento e Log\u00edstica (EPL) e de institui\u00e7\u00f5es privadas relacionadas ao setor.&nbsp;<\/p>\n<p><strong><img decoding=\"async\" src=\"data:image\/gif;base64,R0lGODlhAQABAIAAAAAAAP\/\/\/ywAAAAAAQABAAACAUwAOw==\" fifu-lazy=\"1\" fifu-data-sizes=\"auto\" fifu-data-srcset=\"https:\/\/i2.wp.com\/transportes.gov.br\/images\/2019_canal_servidor\/12\/freeflow2.jpeg?ssl=1&w=75&resize=75&ssl=1 75w, https:\/\/i2.wp.com\/transportes.gov.br\/images\/2019_canal_servidor\/12\/freeflow2.jpeg?ssl=1&w=100&resize=100&ssl=1 100w, https:\/\/i2.wp.com\/transportes.gov.br\/images\/2019_canal_servidor\/12\/freeflow2.jpeg?ssl=1&w=150&resize=150&ssl=1 150w, https:\/\/i2.wp.com\/transportes.gov.br\/images\/2019_canal_servidor\/12\/freeflow2.jpeg?ssl=1&w=240&resize=240&ssl=1 240w, https:\/\/i2.wp.com\/transportes.gov.br\/images\/2019_canal_servidor\/12\/freeflow2.jpeg?ssl=1&w=320&resize=320&ssl=1 320w, https:\/\/i2.wp.com\/transportes.gov.br\/images\/2019_canal_servidor\/12\/freeflow2.jpeg?ssl=1&w=500&resize=500&ssl=1 500w, https:\/\/i2.wp.com\/transportes.gov.br\/images\/2019_canal_servidor\/12\/freeflow2.jpeg?ssl=1&w=640&resize=640&ssl=1 640w, https:\/\/i2.wp.com\/transportes.gov.br\/images\/2019_canal_servidor\/12\/freeflow2.jpeg?ssl=1&w=800&resize=800&ssl=1 800w, https:\/\/i2.wp.com\/transportes.gov.br\/images\/2019_canal_servidor\/12\/freeflow2.jpeg?ssl=1&w=1024&resize=1024&ssl=1 1024w, https:\/\/i2.wp.com\/transportes.gov.br\/images\/2019_canal_servidor\/12\/freeflow2.jpeg?ssl=1&w=1280&resize=1280&ssl=1 1280w, https:\/\/i2.wp.com\/transportes.gov.br\/images\/2019_canal_servidor\/12\/freeflow2.jpeg?ssl=1&w=1600&resize=1600&ssl=1 1600w\" fifu-data-src=\"https:\/\/i2.wp.com\/transportes.gov.br\/images\/2019_canal_servidor\/12\/freeflow2.jpeg?ssl=1\" alt=\"freeflow2\" width=\"380\" height=\"254\">SISTEMA FREE FLOW<\/strong>&nbsp;\u2013 J\u00e1 implementada em mais de 20 pa\u00edses, a tecnologia do sistema substitui as pra\u00e7as de ped\u00e1gio tradicionais, combinando o uso de etiquetas de identifica\u00e7\u00e3o por r\u00e1dio frequ\u00eancia (TAG) instalada nos ve\u00edculos e antenas fixadas em p\u00f3rticos ao decorrer das rodovias. Na medida em que os ve\u00edculos passam pelos p\u00f3rticos \u00e9 poss\u00edvel realizar a sua identifica\u00e7\u00e3o e registro, al\u00e9m de gerar a tarifa automaticamente.<\/p>&nbsp;&nbsp;\n<p>FOTO: Ricardo Botelho\/Aescom MInfra<\/p>\n<p><strong>Assessoria Especial de Comunica\u00e7\u00e3o<\/strong><br \/><strong>Minist\u00e9rio da Infraestrutura<\/strong><\/p>\n<p><a href=\"http:\/\/transportes.gov.br\/ultimas-noticias\/9352-minist%C3%A9rio-realiza-workshop-para-discutir-modalidade-de-ped%C3%A1gio-%E2%80%9Cfree-flow%E2%80%9D.html\" target=\"_blank\" rel=\"noopener noreferrer\">Mais em http:\/\/transportes.gov.br\/ultimas-noticias\/9352-minist%C3%A9rio-realiza-workshop-para-discutir-modalidade-de-ped%C3%A1gio-%E2%80%9Cfree-flow%E2%80%9D.html<\/a><\/p>\n","protected":false},"excerpt":{"rendered":"<p>Realizado no Minist\u00e9rio da Infraestrutura, encontro reuniu autoridades e servidores da Pasta e entidades vinculadas,&#8230;<\/p>\n","protected":false},"author":1,"featured_media":0,"comment_status":"open","ping_status":"open","sticky":false,"template":"","format":"standard","meta":{"fifu_image_url":"","fifu_image_alt":"","footnotes":""},"categories":[727],"tags":[7760],"class_list":["post-77131","post","type-post","status-publish","format-standard","hentry","category-noticias","tag-ultimas-noticias","wpcat-727-id"],"_links":{"self":[{"href":"https:\/\/verde-amarelo.net\/verdeamarelo\/wp-json\/wp\/v2\/posts\/77131","targetHints":{"allow":["GET"]}}],"collection":[{"href":"https:\/\/verde-amarelo.net\/verdeamarelo\/wp-json\/wp\/v2\/posts"}],"about":[{"href":"https:\/\/verde-amarelo.net\/verdeamarelo\/wp-json\/wp\/v2\/types\/post"}],"author":[{"embeddable":true,"href":"https:\/\/verde-amarelo.net\/verdeamarelo\/wp-json\/wp\/v2\/users\/1"}],"replies":[{"embeddable":true,"href":"https:\/\/verde-amarelo.net\/verdeamarelo\/wp-json\/wp\/v2\/comments?post=77131"}],"version-history":[{"count":0,"href":"https:\/\/verde-amarelo.net\/verdeamarelo\/wp-json\/wp\/v2\/posts\/77131\/revisions"}],"wp:attachment":[{"href":"https:\/\/verde-amarelo.net\/verdeamarelo\/wp-json\/wp\/v2\/media?parent=77131"}],"wp:term":[{"taxonomy":"category","embeddable":true,"href":"https:\/\/verde-amarelo.net\/verdeamarelo\/wp-json\/wp\/v2\/categories?post=77131"},{"taxonomy":"post_tag","embeddable":true,"href":"https:\/\/verde-amarelo.net\/verdeamarelo\/wp-json\/wp\/v2\/tags?post=77131"}],"curies":[{"name":"wp","href":"https:\/\/api.w.org\/{rel}","templated":true}]}}