{"id":77140,"date":"2019-12-10T21:42:00","date_gmt":"2019-12-11T00:42:00","guid":{"rendered":"https:\/\/verde-amarelo.net\/verdeamarelo\/2019\/12\/empresaria-baiana-paula-frank-se-destaca-por-tornar-o-mercado-de-luxo-mais-acessivel\/"},"modified":"2019-12-10T21:42:00","modified_gmt":"2019-12-11T00:42:00","slug":"empresaria-baiana-paula-frank-se-destaca-por-tornar-o-mercado-de-luxo-mais-acessivel","status":"publish","type":"post","link":"https:\/\/verde-amarelo.net\/verdeamarelo\/2019\/12\/empresaria-baiana-paula-frank-se-destaca-por-tornar-o-mercado-de-luxo-mais-acessivel\/","title":{"rendered":"Empres\u00e1ria baiana, Paula Frank se destaca por tornar o mercado de luxo mais acess\u00edvel"},"content":{"rendered":"<div><img decoding=\"async\" src=\"data:image\/gif;base64,R0lGODlhAQABAIAAAAAAAP\/\/\/ywAAAAAAQABAAACAUwAOw==\" fifu-lazy=\"1\" fifu-data-sizes=\"auto\" fifu-data-srcset=\"https:\/\/i0.wp.com\/prnewswire.com.br\/wp-content\/uploads\/2019\/12\/frank.jpg?ssl=1&w=75&resize=75&ssl=1 75w, https:\/\/i0.wp.com\/prnewswire.com.br\/wp-content\/uploads\/2019\/12\/frank.jpg?ssl=1&w=100&resize=100&ssl=1 100w, https:\/\/i0.wp.com\/prnewswire.com.br\/wp-content\/uploads\/2019\/12\/frank.jpg?ssl=1&w=150&resize=150&ssl=1 150w, https:\/\/i0.wp.com\/prnewswire.com.br\/wp-content\/uploads\/2019\/12\/frank.jpg?ssl=1&w=240&resize=240&ssl=1 240w, https:\/\/i0.wp.com\/prnewswire.com.br\/wp-content\/uploads\/2019\/12\/frank.jpg?ssl=1&w=320&resize=320&ssl=1 320w, https:\/\/i0.wp.com\/prnewswire.com.br\/wp-content\/uploads\/2019\/12\/frank.jpg?ssl=1&w=500&resize=500&ssl=1 500w, https:\/\/i0.wp.com\/prnewswire.com.br\/wp-content\/uploads\/2019\/12\/frank.jpg?ssl=1&w=640&resize=640&ssl=1 640w, https:\/\/i0.wp.com\/prnewswire.com.br\/wp-content\/uploads\/2019\/12\/frank.jpg?ssl=1&w=800&resize=800&ssl=1 800w, https:\/\/i0.wp.com\/prnewswire.com.br\/wp-content\/uploads\/2019\/12\/frank.jpg?ssl=1&w=1024&resize=1024&ssl=1 1024w, https:\/\/i0.wp.com\/prnewswire.com.br\/wp-content\/uploads\/2019\/12\/frank.jpg?ssl=1&w=1280&resize=1280&ssl=1 1280w, https:\/\/i0.wp.com\/prnewswire.com.br\/wp-content\/uploads\/2019\/12\/frank.jpg?ssl=1&w=1600&resize=1600&ssl=1 1600w\" fifu-data-src=\"https:\/\/i0.wp.com\/prnewswire.com.br\/wp-content\/uploads\/2019\/12\/frank.jpg?ssl=1\" class=\"ff-og-image-inserted\"><\/div>\n<p><em><strong>Aos 35 anos, ela \u00e9 dona de uma importadora de bolsas e assess\u00f3rios, al\u00e9m de assinar sua pr\u00f3pria linha vendida na Europa<\/strong><\/em><\/p>\n<div readability=\"90.040502793296\">\n<p><span class=\"xn-location\">SALVADOR<\/span>, Brasil, 10 de dezembro de 2019  &#8212; Trabalhando h\u00e1 mais de 10 anos com o mercado de luxo, a empreendedora <span class=\"xn-person\">Paula Frank<\/span> vem se destacando no segmento com a importadora que leva o seu nome, a Paula Frank Import. Pioneira em <span class=\"xn-location\">Salvador<\/span> no conceito de consumo inteligente, a loja oferece itens seminovos de marcas famosas como Chanel, Gucci e Prada, al\u00e9m de apresentar as principais novidades da Coach, marca que \u00e9 exclusivamente representada pela empres\u00e1ria na cidade. Com pre\u00e7os abaixo do mercado, seu objetivo \u00e9 facilitar a compra de itens premium por um maior n\u00famero de pessoas poss\u00edvel.<\/p>&nbsp;&nbsp;\n<p>Em seu neg\u00f3cio, Paula n\u00e3o enaltece a futilidade e se sente inspirada em realizar os sonhos daqueles que almejam produtos de marca, por isso ela preza pelo atendimento e a experi\u00eancia da compra. Apesar de n\u00e3o ser uma designer de bolsas, a empres\u00e1ria j\u00e1 est\u00e1 no setor de itens luxuosos a tempo suficiente para entender as necessidades dos clientes desse segmento.<\/p>&nbsp;&nbsp;\n<p>Observando um comportamento recorrente das consumidoras de estarem sempre em busca de novidade, a empres\u00e1ria criou a iniciativa &#8220;Chance to Change&#8221; que consiste em trocar uma bolsa que est\u00e1 sem uso por uma outra no mesmo estado, avaliada no mesmo valor, estimulando o consumo consciente e a compra inteligente.<\/p>&nbsp;&nbsp;\n<p>Outro projeto da importadora \u00e9 intitulado de &#8220;PFK All Mine&#8221;, um clube de assinatura que oferece a possibilidade de desfrutar das melhores bolsas de luxo por meio do compartilhamento. Ao assinar o clube, o cliente recebe em casa uma bolsa de acordo com seu perfil para passar um tempo preestabelecido. O plano permite que o assinante experimente a pe\u00e7a antes de compra-la, evitando assim o arrependimento e a acumula\u00e7\u00e3o de itens sem uso.<\/p>&nbsp;&nbsp;\n<p>Ap\u00f3s sua trajet\u00f3ria bem-sucedida no setor multimarcas, <span class=\"xn-person\">Paula Frank<\/span> lan\u00e7ou em abril deste ano a primeira linha de bolsas e acess\u00f3rios assinada pela mesma. Na Fran\u00e7a, ela apresentou suas pe\u00e7as feitas com peles de diversos animais ex\u00f3ticos, com certificado ambiental, e um design contempor\u00e2neo e totalmente exclusivo. Algumas das pe\u00e7as tamb\u00e9m contam com pinturas artesanais inspiradas nas tem\u00e1ticas brasileira e tropical, feitas pelo artista baiano <span class=\"xn-person\">Fagner Bispo<\/span>.<\/p>&nbsp;&nbsp;\n<p>Para quem quiser conhecer o conceito da loja <span class=\"xn-person\">Paula Frank<\/span>, ela est\u00e1 situada no Shopping Barra &#8211; Av. Centen\u00e1rio, 2992 &#8211; Loja 412, L4 Norte, com hor\u00e1rios de funcionamento de segunda a s\u00e1bado das 9h \u00e0s 22h e aos domingos das 13h \u00e0s 21h. Al\u00e9m disso, estar\u00e1 dispon\u00edvel at\u00e9 o fim do ver\u00e3o um ponto de venda na <span class=\"xn-person\">Bahia Marina<\/span> \u2013 Av. Lafayete Coutinho, 1010 funcionado nas ter\u00e7as e quartas das 13h30 \u00e0s 19h; quinta a s\u00e1bado das 10h \u00e0s 20h; e nos domingos das 10h as 19h. Caso prefira, pode entrar em contato no n\u00famero exclusivo para vendas da loja: (71) 98108-7131.<\/p>&nbsp;&nbsp;\n<p>Foto: <a href=\"https:\/\/mma.prnewswire.com\/media\/1043071\/frank.jpg?p=original\" rel=\"nofollow noopener noreferrer\" target=\"_blank\">https:\/\/mma.prnewswire.com\/media\/1043071\/frank.jpg?p=original<\/a><\/p>\n<p>FONTE Paula Frank<\/p>\n<\/div>\n","protected":false},"excerpt":{"rendered":"<p>Aos 35 anos, ela \u00e9 dona de uma importadora de bolsas e assess\u00f3rios, al\u00e9m de&#8230;<\/p>\n","protected":false},"author":1,"featured_media":0,"comment_status":"open","ping_status":"open","sticky":false,"template":"","format":"standard","meta":{"fifu_image_url":"","fifu_image_alt":"","footnotes":""},"categories":[727],"tags":[],"class_list":["post-77140","post","type-post","status-publish","format-standard","hentry","category-noticias","wpcat-727-id"],"_links":{"self":[{"href":"https:\/\/verde-amarelo.net\/verdeamarelo\/wp-json\/wp\/v2\/posts\/77140","targetHints":{"allow":["GET"]}}],"collection":[{"href":"https:\/\/verde-amarelo.net\/verdeamarelo\/wp-json\/wp\/v2\/posts"}],"about":[{"href":"https:\/\/verde-amarelo.net\/verdeamarelo\/wp-json\/wp\/v2\/types\/post"}],"author":[{"embeddable":true,"href":"https:\/\/verde-amarelo.net\/verdeamarelo\/wp-json\/wp\/v2\/users\/1"}],"replies":[{"embeddable":true,"href":"https:\/\/verde-amarelo.net\/verdeamarelo\/wp-json\/wp\/v2\/comments?post=77140"}],"version-history":[{"count":0,"href":"https:\/\/verde-amarelo.net\/verdeamarelo\/wp-json\/wp\/v2\/posts\/77140\/revisions"}],"wp:attachment":[{"href":"https:\/\/verde-amarelo.net\/verdeamarelo\/wp-json\/wp\/v2\/media?parent=77140"}],"wp:term":[{"taxonomy":"category","embeddable":true,"href":"https:\/\/verde-amarelo.net\/verdeamarelo\/wp-json\/wp\/v2\/categories?post=77140"},{"taxonomy":"post_tag","embeddable":true,"href":"https:\/\/verde-amarelo.net\/verdeamarelo\/wp-json\/wp\/v2\/tags?post=77140"}],"curies":[{"name":"wp","href":"https:\/\/api.w.org\/{rel}","templated":true}]}}