{"id":77141,"date":"2019-12-10T20:53:00","date_gmt":"2019-12-10T23:53:00","guid":{"rendered":"https:\/\/verde-amarelo.net\/verdeamarelo\/2019\/12\/premio-lideres-do-brasil-2019-reconhece-competencia-de-empresas-e-talento-de-executivos-no-pais\/"},"modified":"2019-12-10T20:53:00","modified_gmt":"2019-12-10T23:53:00","slug":"premio-lideres-do-brasil-2019-reconhece-competencia-de-empresas-e-talento-de-executivos-no-pais","status":"publish","type":"post","link":"https:\/\/verde-amarelo.net\/verdeamarelo\/2019\/12\/premio-lideres-do-brasil-2019-reconhece-competencia-de-empresas-e-talento-de-executivos-no-pais\/","title":{"rendered":"Pr\u00eamio L\u00edderes do Brasil 2019 reconhece compet\u00eancia de empresas e talento de executivos no Pa\u00eds"},"content":{"rendered":"<p>S\u00c3O PAULO, 10 de dezembro de 2019  &#8212; O Pal\u00e1cio dos Bandeirantes, em S\u00e3o Paulo, recebeu na noite de segunda-feira (9), empres\u00e1rios, CEOs, presidentes e outras lideran\u00e7as corporativas para a cerim\u00f4nia de entrega da 9\u00aa edi\u00e7\u00e3o do <strong>Pr\u00eamio L\u00edderes do Brasil<\/strong>. Promovido pelo LIDE &#8211; Grupo de L\u00edderes Empresariais, a premia\u00e7\u00e3o \u00e9 o maior reconhecimento nacional do talento, da compet\u00eancia e do comprometimento das empresas e respectivos executivos. O evento teve a presen\u00e7a do governador paulista Jo\u00e3o Doria, seu vice <span class=\"xn-person\">Rodrigo Garcia<\/span>, os governadores sergipano <span class=\"xn-person\">Albano Franco<\/span> e goiano Marconi Perillo e secret\u00e1rios estaduais, entre outras autoridades. Em uma emocionante interpreta\u00e7\u00e3o, o <span class=\"xn-person\">Hino Nacional Brasileiro<\/span> foi cantado por <span class=\"xn-person\">Luciana Mello<\/span>.<\/p>&nbsp;&nbsp;\n<p>&#8220;O Pr\u00eamio L\u00edderes do Brasil destaca anualmente a import\u00e2ncia de empresas e gestores que, no dia a dia, buscam superar desafios e atingir bons resultados em seus neg\u00f3cios, tornando-se merecidamente refer\u00eancias dos setores em que atuam e fontes de inspira\u00e7\u00e3o para toda a sociedade&#8221;, disse <span class=\"xn-person\">Luiz Fernando Furlan<\/span>, chairman do LIDE. Ex-ministro do Desenvolvimento, Ind\u00fastria e Com\u00e9rcio, Furlan foi o Homenageado Especial, devido sua trajet\u00f3ria como exemplar empres\u00e1rio, administrador e cidad\u00e3o brasileiro, que nunca se esquivou de enfrentar \u2013 e vencer \u2013 desafios.<\/p>&nbsp;&nbsp;\n<p>O ministro Tarc\u00edsio Gomes de Freitas recebeu o pr\u00eamio pelo Minist\u00e9rio da Infraestrutura. A pasta foi reconhecida pelo j\u00fari oficial na categoria &#8220;Gest\u00e3o P\u00fablica&#8221;. &#8220;A homenagem tem tudo a ver com confian\u00e7a. Vale a pena confiar no Brasil. Ao longo de 2019, j\u00e1 fizemos 27 leil\u00f5es de concess\u00e3o e ano pr\u00f3ximo ser\u00e3o 44. O Brasil est\u00e1 retomando o crescimento e em 2020 teremos ainda mais. E os empres\u00e1rios reunidos nesta premia\u00e7\u00e3o s\u00e3o os grandes protagonistas deste crescimento&#8221;, disse.<\/p>&nbsp;&nbsp;\n<p>O governador Jo\u00e3o Doria tamb\u00e9m cumprimentou os premiados. &#8220;Pelo Brasil, n\u00e3o h\u00e1 partido. Torcemos pelo bem comum do Pa\u00eds, fazendo dele mais competitivo e menos desigual. Temos uma vis\u00e3o liberal, de centro, a favor da iniciativa privada. Estamos terminando o ano muito melhor que come\u00e7amos. O Estado de S\u00e3o Paulo cresce 2%, o dobro do PIB brasileiro. Queremos colocar tamb\u00e9m todo o Brasil no ritmo econ\u00f4mico de S\u00e3o Paulo&#8221;, afirmou. &nbsp;&nbsp;<\/p>\n<p><strong>Premiados<\/strong> \u2013 Indicados pelo j\u00fari oficial, foram homenageados os protagonistas nos principais setores da economia do pa\u00eds: Agroneg\u00f3cios; Alimenta\u00e7\u00e3o; Bioenergia; Comunica\u00e7\u00e3o; Constru\u00e7\u00e3o Civil; Eletroeletr\u00f4nicos; Energia; Farmac\u00eautico; Gest\u00e3o Inovadora; Gest\u00e3o P\u00fablica; Grupo Econ\u00f4mico; Ind\u00fastria Digital; Infraestrutura; Inova\u00e7\u00e3o em Produto; Inova\u00e7\u00e3o em Servi\u00e7o; Institui\u00e7\u00e3o Financeira; Log\u00edstica e Transporte; M\u00e1quinas e Equipamentos; Metalurgia e Minera\u00e7\u00e3o; Papel, Celulose e Papel\u00e3o, Responsabilidade Social; Sa\u00fade; Seguros; Servi\u00e7os; Siderurgia; Startup; Tecnologia; Telecom; Turismo; e Varejo.<\/p>&nbsp;&nbsp;\n<p>Para destacar a forte atua\u00e7\u00e3o das unidades regionais do LIDE, a premia\u00e7\u00e3o tamb\u00e9m reconheceu o l\u00edder de cada regi\u00e3o ou estado onde o grupo atua: Bahia, Bras\u00edlia (DF), Campinas (SP), Cear\u00e1, <span class=\"xn-location\">Mato Grosso<\/span> do Sul, Minas Gerais, Paran\u00e1, Ribeir\u00e3o Preto (SP), <span class=\"xn-location\">Rio de Janeiro<\/span>, Rio Grande do Sul, S\u00e3o Jos\u00e9 do <span class=\"xn-person\">Rio Preto<\/span> (SP), <span class=\"xn-person\">Santa Catarina<\/span>, Santos (SP), Sergipe e Vale do Para\u00edba (SP).<\/p>&nbsp;&nbsp;\n<p>O evento teve patroc\u00ednio de COMGAS, CSN, EMS, GOCIL e UNITEDHEALTH GROUP, apoio da DASA e colabora\u00e7\u00e3o da M.J. ALVES E BURLE ADV e MWM. 3 CORA\u00c7\u00d5ES, CDN COMUNICA\u00c7\u00c3O, CHANDON, <span class=\"xn-person\">GRUPO BEM<\/span>, <span class=\"xn-person\">MAIS PURA<\/span>, PROGRAMASSOM, TALENT MARCEL, THE LED, TRACK, e UPS foram fornecedores oficiais. PR NEWSWIRE, R\u00c1DIO JOVEM PAN, REVISTA LIDE e TV LIDE, m\u00eddia partners.<\/p>&nbsp;&nbsp;\n<p><span class=\"xn-person\">FONTE LIDE<\/span><\/p>\n","protected":false},"excerpt":{"rendered":"<p>S\u00c3O PAULO, 10 de dezembro de 2019 &#8212; O Pal\u00e1cio dos Bandeirantes, em S\u00e3o Paulo,&#8230;<\/p>\n","protected":false},"author":1,"featured_media":0,"comment_status":"open","ping_status":"open","sticky":false,"template":"","format":"standard","meta":{"fifu_image_url":"","fifu_image_alt":"","footnotes":""},"categories":[727],"tags":[],"class_list":["post-77141","post","type-post","status-publish","format-standard","hentry","category-noticias","wpcat-727-id"],"_links":{"self":[{"href":"https:\/\/verde-amarelo.net\/verdeamarelo\/wp-json\/wp\/v2\/posts\/77141","targetHints":{"allow":["GET"]}}],"collection":[{"href":"https:\/\/verde-amarelo.net\/verdeamarelo\/wp-json\/wp\/v2\/posts"}],"about":[{"href":"https:\/\/verde-amarelo.net\/verdeamarelo\/wp-json\/wp\/v2\/types\/post"}],"author":[{"embeddable":true,"href":"https:\/\/verde-amarelo.net\/verdeamarelo\/wp-json\/wp\/v2\/users\/1"}],"replies":[{"embeddable":true,"href":"https:\/\/verde-amarelo.net\/verdeamarelo\/wp-json\/wp\/v2\/comments?post=77141"}],"version-history":[{"count":0,"href":"https:\/\/verde-amarelo.net\/verdeamarelo\/wp-json\/wp\/v2\/posts\/77141\/revisions"}],"wp:attachment":[{"href":"https:\/\/verde-amarelo.net\/verdeamarelo\/wp-json\/wp\/v2\/media?parent=77141"}],"wp:term":[{"taxonomy":"category","embeddable":true,"href":"https:\/\/verde-amarelo.net\/verdeamarelo\/wp-json\/wp\/v2\/categories?post=77141"},{"taxonomy":"post_tag","embeddable":true,"href":"https:\/\/verde-amarelo.net\/verdeamarelo\/wp-json\/wp\/v2\/tags?post=77141"}],"curies":[{"name":"wp","href":"https:\/\/api.w.org\/{rel}","templated":true}]}}