{"id":77142,"date":"2019-12-10T19:59:00","date_gmt":"2019-12-10T22:59:00","guid":{"rendered":"https:\/\/verde-amarelo.net\/verdeamarelo\/2019\/12\/empresario-jose-roberto-colnaghi-da-greenplac-recebe-premio-no-mato-grosso-do-sul\/"},"modified":"2019-12-10T19:59:00","modified_gmt":"2019-12-10T22:59:00","slug":"empresario-jose-roberto-colnaghi-da-greenplac-recebe-premio-no-mato-grosso-do-sul","status":"publish","type":"post","link":"https:\/\/verde-amarelo.net\/verdeamarelo\/2019\/12\/empresario-jose-roberto-colnaghi-da-greenplac-recebe-premio-no-mato-grosso-do-sul\/","title":{"rendered":"Empres\u00e1rio Jos\u00e9 Roberto Colnaghi, da GreenPlac, recebe pr\u00eamio no Mato Grosso do Sul"},"content":{"rendered":"<p>S\u00c3O PAULO, 10 de dezembro de 2019  &#8212; O presidente do Conselho de Administra\u00e7\u00e3o da Asperbras,<strong>&nbsp;Jos\u00e9 <span class=\"xn-person\">Roberto Colnaghi<\/span><\/strong>, vai receber o pr\u00eamio&nbsp;<strong>Gran Colar do M\u00e9rito Industrial<\/strong>, concedido pela&nbsp;<strong>Fiems<\/strong>&nbsp;(Federa\u00e7\u00e3o das Ind\u00fastrias do Estado de <span class=\"xn-location\">Mato Grosso<\/span> do Sul). A premia\u00e7\u00e3o foi motivada pela instala\u00e7\u00e3o da&nbsp;<strong>GreenPlac<\/strong>&nbsp;no munic\u00edpio de&nbsp;<strong>\u00c1gua Clara<\/strong>, que trouxe grande desenvolvimento para a regi\u00e3o.<\/p>&nbsp;&nbsp;\n<p>O pr\u00eamio ser\u00e1 entregue no dia 16 de dezembro, \u00e0s 19h30 na sede da&nbsp;<strong>Federa\u00e7\u00e3o das Ind\u00fastrias,&nbsp;<\/strong>em Campo Grande (MS),&nbsp;no mesmo evento em que a Fiems completa 40 anos.<\/p>&nbsp;&nbsp;\n<p>J\u00e1 faz um ano que a&nbsp;<strong>GreenPlac<\/strong>&nbsp;abriu oficialmente as portas. Instalada no munic\u00edpio de&nbsp;<strong>\u00c1gua Clara<\/strong>&nbsp;(MS), de apenas 15 mil habitantes, a empresa mudou a vida da cidade e se tornou o mais novo player brasileiro do segmento.<\/p>&nbsp;&nbsp;\n<p>Neste in\u00edcio de atividades, a empresa j\u00e1 concluiu a meta de produzir&nbsp;<strong>250 mil metros c\u00fabicos de MDF<\/strong>&nbsp;por ano. Nas etapas seguintes, a companhia pretende instalar uma nova linha de produ\u00e7\u00e3o, que agregar\u00e1 entre 600 mil e 700 mil metros c\u00fabicos do produto.<\/p>&nbsp;&nbsp;\n<p>A nova linha ser\u00e1 incorporada \u00e0 f\u00e1brica sem necessidade de obras de amplia\u00e7\u00e3o. A constru\u00e7\u00e3o da unidade j\u00e1 contemplava a introdu\u00e7\u00e3o de mais duas linhas produtivas, distribu\u00eddas entre a aquisi\u00e7\u00e3o de&nbsp;<strong>maquin\u00e1rio importado da Alemanha<\/strong>, plantio de 12 mil hectares de eucalipto, contrata\u00e7\u00e3o e forma\u00e7\u00e3o de equipes altamente especializadas.<\/p>&nbsp;&nbsp;\n<p>A empresa est\u00e1 implantando uma unidade de produ\u00e7\u00e3o de resina, uma das principais mat\u00e9rias primas do MDF que vai aprimorar ainda mais a qualidade e produtividade da Greenplac.<\/p>&nbsp;&nbsp;\n<p><strong>GreenPlac investe na forma\u00e7\u00e3o de pessoas<\/strong><\/p>\n<p>Atualmente, a&nbsp;<strong>GreenPlac<\/strong>&nbsp;emprega 400 colaboradores diretos, mas seu impacto na cadeia produtiva envolve tamb\u00e9m cerca de 500 empregos indiretos. A empresa atingiu rapidamente uma performance de produ\u00e7\u00e3o com boa aceita\u00e7\u00e3o no mercado devido a qualidade do produto atual al\u00e9m de um planejamento criterioso.<\/p>&nbsp;&nbsp;\n<p>Destacam-se no processo a contrata\u00e7\u00e3o, t\u00e9cnicos e engenheiros de diversas especialidades com muita experi\u00eancia no segmento. Al\u00e9m disso, a companhia promoveu, em parceria com o&nbsp;<strong>Senai<\/strong>&nbsp;(Servi\u00e7o Nacional de Aprendizagem Industrial) o curso &#8220;<strong>Operador de Produ\u00e7\u00e3o<\/strong>&#8220;, que contemplou cinco meses de aulas te\u00f3ricas e dois meses de pr\u00e1tica no ambiente industrial.<\/p>&nbsp;&nbsp;\n<p><strong>Sustentabilidade na produ\u00e7\u00e3o de energia<\/strong><\/p>\n<p>A&nbsp;<strong>GreenPlac<\/strong>&nbsp;foi idealizada para funcionar a partir do uso do eucalipto de florestas plantadas pelo pr\u00f3prio grupo, em uma iniciativa que preserva o ambiente. A energia utilizada em seu processo produtivo tamb\u00e9m passou pelas preocupa\u00e7\u00f5es da empresa. Simultaneamente ao in\u00edcio das atividades da f\u00e1brica, a Asperbras instalou uma&nbsp;<strong>usina termel\u00e9trica de biomassa em Guarapuava<\/strong>&nbsp;(PR). A unidade funciona a partir da queima de rejeitos da ind\u00fastria madeireira da regi\u00e3o. A energia limpa obtida nesse processo equivale ao que \u00e9 utilizado na produ\u00e7\u00e3o de MDF. A venda da eletricidade, no Paran\u00e1, permite \u00e0 empresa contratar, no <span class=\"xn-location\">Mato Grosso<\/span> do Sul, energia suficiente para o funcionamento da ind\u00fastria.<\/p>&nbsp;&nbsp;\n<p>Vale ressaltar que a empresa est\u00e1 em vias de obter a&nbsp;<strong>certifica\u00e7\u00e3o FSC<\/strong>, selo verde mais reconhecido no mundo e emitido pelo&nbsp;<strong>Forest Stewardship Council<\/strong>. Ele garante que a madeira utilizada \u00e9 oriunda de um processo produtivo manejado de forma ecologicamente adequada.<\/p>&nbsp;&nbsp;\n<p>Al\u00e9m disso, a GreenPlac tamb\u00e9m j\u00e1 adiantou as tratativas para emiss\u00e3o do&nbsp;<strong>certificado CARB<\/strong>&nbsp;(California Air Resources Board), uma exig\u00eancia para exporta\u00e7\u00e3o para os Estados Unidos, que \u00e9 concedido \u00e0s empresas que atendem aos padr\u00f5es de sustentabilidade durante o processo produtivo de pain\u00e9is de madeira. Seu objetivo \u00e9 comprovar a baixa emiss\u00e3o de formalde\u00eddo.<\/p>&nbsp;&nbsp;\n<p><strong><em>Grupo Asperbras<\/em><\/strong><\/p>\n<p><em>O Grupo, dos irm\u00e3os Francisco e Jos\u00e9 <span class=\"xn-person\">Roberto Colnaghi<\/span>, come\u00e7ou sua hist\u00f3ria com o talento e a perseveran\u00e7a do pai <span class=\"xn-person\">Francisco Colnaghi<\/span> que, em 1966, ao fundar uma empresa de implementos agr\u00edcolas em Pen\u00e1polis, cidade do interior de S\u00e3o Paulo, deu a largada para o desenvolvimento de um grupo empresarial baseado no compromisso com a qualidade, dedica\u00e7\u00e3o em tempo integral e responsabilidade na presta\u00e7\u00e3o de servi\u00e7os. Menos de vinte anos depois, a empresa j\u00e1 era reconhecida em todo o Brasil com a estrat\u00e9gia de investir na fabrica\u00e7\u00e3o de tubos e conex\u00f5es de PVC para irriga\u00e7\u00e3o agr\u00edcola, e de l\u00e1 para os dias de hoje, a Asperbras se transformou em um dos mais importantes grupos empresariais brasileiros. Hoje, a Asperbras \u00e9 reconhecida tamb\u00e9m por atuar nas \u00e1reas de engenharia industrial, gerenciamento e montagem de projetos industriais em diversos segmentos, na constru\u00e7\u00e3o e incorpora\u00e7\u00e3o imobili\u00e1ria, e nos setores de alimentos, agroneg\u00f3cio, minera\u00e7\u00e3o e gera\u00e7\u00e3o de energia. O Grupo mant\u00e9m suas estruturas societ\u00e1rias nacionais e internacionais desvinculadas e independentes, atuando em quase todo Brasil e em tr\u00eas continentes, \u00c1frica, Europa e Am\u00e9rica do Sul. S\u00e3o mais de cinco mil profissionais que trabalham em programas, projetos e obras nos principais segmentos da economia mundial. Para o atendimento dos projetos de adu\u00e7\u00e3o de \u00e1gua e esgoto no Norte e Nordeste, a Asperbras tem duas plantas industriais, sendo uma na Bahia e outra no Rio Grande do Norte. Nos estados de S\u00e3o Paulo, <span class=\"xn-location\">Mato Grosso<\/span> e <span class=\"xn-location\">Mato Grosso<\/span> do Sul atua no segmento de Agroneg\u00f3cio.<\/em><\/p>\n<p>FONTE Grupo Asperbras<\/p>\n","protected":false},"excerpt":{"rendered":"<p>S\u00c3O PAULO, 10 de dezembro de 2019 &#8212; O presidente do Conselho de Administra\u00e7\u00e3o da&#8230;<\/p>\n","protected":false},"author":1,"featured_media":0,"comment_status":"open","ping_status":"open","sticky":false,"template":"","format":"standard","meta":{"fifu_image_url":"","fifu_image_alt":"","footnotes":""},"categories":[727],"tags":[],"class_list":["post-77142","post","type-post","status-publish","format-standard","hentry","category-noticias","wpcat-727-id"],"_links":{"self":[{"href":"https:\/\/verde-amarelo.net\/verdeamarelo\/wp-json\/wp\/v2\/posts\/77142","targetHints":{"allow":["GET"]}}],"collection":[{"href":"https:\/\/verde-amarelo.net\/verdeamarelo\/wp-json\/wp\/v2\/posts"}],"about":[{"href":"https:\/\/verde-amarelo.net\/verdeamarelo\/wp-json\/wp\/v2\/types\/post"}],"author":[{"embeddable":true,"href":"https:\/\/verde-amarelo.net\/verdeamarelo\/wp-json\/wp\/v2\/users\/1"}],"replies":[{"embeddable":true,"href":"https:\/\/verde-amarelo.net\/verdeamarelo\/wp-json\/wp\/v2\/comments?post=77142"}],"version-history":[{"count":0,"href":"https:\/\/verde-amarelo.net\/verdeamarelo\/wp-json\/wp\/v2\/posts\/77142\/revisions"}],"wp:attachment":[{"href":"https:\/\/verde-amarelo.net\/verdeamarelo\/wp-json\/wp\/v2\/media?parent=77142"}],"wp:term":[{"taxonomy":"category","embeddable":true,"href":"https:\/\/verde-amarelo.net\/verdeamarelo\/wp-json\/wp\/v2\/categories?post=77142"},{"taxonomy":"post_tag","embeddable":true,"href":"https:\/\/verde-amarelo.net\/verdeamarelo\/wp-json\/wp\/v2\/tags?post=77142"}],"curies":[{"name":"wp","href":"https:\/\/api.w.org\/{rel}","templated":true}]}}