{"id":77146,"date":"2019-12-10T19:47:31","date_gmt":"2019-12-10T22:47:31","guid":{"rendered":"https:\/\/verde-amarelo.net\/verdeamarelo\/2019\/12\/minas-gerais-e-bahia-aderem-ao-crlv-digital\/"},"modified":"2019-12-10T19:47:31","modified_gmt":"2019-12-10T22:47:31","slug":"minas-gerais-e-bahia-aderem-ao-crlv-digital","status":"publish","type":"post","link":"https:\/\/verde-amarelo.net\/verdeamarelo\/2019\/12\/minas-gerais-e-bahia-aderem-ao-crlv-digital\/","title":{"rendered":"Minas Gerais e Bahia aderem ao CRLV digital"},"content":{"rendered":"<p><em>Ao todo, 21 estados j\u00e1 disponibilizam ao condutor a vers\u00e3o eletr\u00f4nica do documento do ve\u00edculo<\/em>&nbsp;<\/p>\n<p>Os Departamentos de Tr\u00e2nsito de Minas Gerais e da Bahia aderiram, nesta segunda e ter\u00e7a-feira (9 e 10\/12), respectivamente, ao sistema que possibilita a vers\u00e3o digital do Certificado de Registro e Licenciamento de Ve\u00edculo (CRLV). Agora, propriet\u00e1rios de autom\u00f3veis registrados nesses estados poder\u00e3o acessar, por meio do aplicativo Carteira Digital de Tr\u00e2nsito (CDT), o CLRV na vers\u00e3o eletr\u00f4nica. A ferramenta \u00e9 fruto de uma parceria entre o Departamento Nacional de Tr\u00e2nsito (Denatran) e o Servi\u00e7o Federal de Processamento de Dados (Serpro).<\/p>&nbsp;&nbsp;\n<p>&nbsp;Atualmente, 21 estados j\u00e1 aderiram ao&nbsp;CRLV eletr\u00f4nico: Acre, Alagoas, Amap\u00e1, Amazonas, Bahia, Cear\u00e1, Esp\u00edrito Santo, Goi\u00e1s, Maranh\u00e3o, Mato Grosso, Mato Grosso do Sul, Minas Gerais, Paran\u00e1, Pernambuco, Rio de Janeiro, Rio Grande do Sul, Rond\u00f4nia, Roraima, Santa Catarina, Sergipe, al\u00e9m do Distrito Federal. Ao todo, s\u00e3o aproximadamente 881 mil ve\u00edculos com cadastro ativo no aplicativo. A tend\u00eancia \u00e9 que esse n\u00famero aumente na medida em que os Detrans dos estados se vinculem \u00e0 ferramenta digital.&nbsp;&nbsp;<\/p>\n<p><strong>CARTEIRA DIGITAL<\/strong> \u2013&nbsp;Em vigor desde julho de 2017, o aplicativo Carteira Digital de Tr\u00e2nsito (CDT), que funciona como uma carteira virtual do condutor, emite tanto o CRLV quanto a vers\u00e3o eletr\u00f4nica da Carteira Nacional de Habilita\u00e7\u00e3o (CNH). Mas, diferentemente do documento do carro, que ainda est\u00e1 contando com a ades\u00e3o dos estados, a CNH j\u00e1 est\u00e1 dispon\u00edvel para todo o pa\u00eds.&nbsp;<\/p>\n<p>Para a libera\u00e7\u00e3o da vers\u00e3o digital da CNH, \u00e9 necess\u00e1rio que o documento tenha sido emitido a partir de 1\u00ba de maio de 2017. Isso porque o usu\u00e1rio, al\u00e9m de ter que preencher o cadastro, deve escanear o&nbsp;QR Code&nbsp;localizado no verso da CNH de papel. Por outro lado, para o documento CRLV digital \u00e9 necess\u00e1rio apenas informar o n\u00famero do Registro Nacional de Ve\u00edculo (Renavam) e o n\u00famero de seguran\u00e7a do Certificado de Registro do Ve\u00edculo (CRV).&nbsp;<\/p>\n<p>O aplicativo \u00e9 disponibilizado gratuitamente para&nbsp;smartphones&nbsp;compat\u00edveis com os sistemas Android e iOS (iPhones), localizados nas lojas virtuais Play Store e Apple Store, respectivamente.&nbsp;<\/p>\n<p><strong>Assessoria Especial de Comunica\u00e7\u00e3o<\/strong><br \/><strong>Minist\u00e9rio da Infraestrutura<\/strong><\/p>\n<p><a href=\"http:\/\/transportes.gov.br\/ultimas-noticias\/9360-minas-gerais-e-bahia-aderem-ao-crlv-digital.html\" target=\"_blank\" rel=\"noopener noreferrer\">Mais em http:\/\/transportes.gov.br\/ultimas-noticias\/9360-minas-gerais-e-bahia-aderem-ao-crlv-digital.html<\/a><\/p>\n","protected":false},"excerpt":{"rendered":"<p>Ao todo, 21 estados j\u00e1 disponibilizam ao condutor a vers\u00e3o eletr\u00f4nica do documento do ve\u00edculo&nbsp;&#8230;<\/p>\n","protected":false},"author":1,"featured_media":0,"comment_status":"open","ping_status":"open","sticky":false,"template":"","format":"standard","meta":{"fifu_image_url":"","fifu_image_alt":"","footnotes":""},"categories":[727],"tags":[7760],"class_list":["post-77146","post","type-post","status-publish","format-standard","hentry","category-noticias","tag-ultimas-noticias","wpcat-727-id"],"_links":{"self":[{"href":"https:\/\/verde-amarelo.net\/verdeamarelo\/wp-json\/wp\/v2\/posts\/77146","targetHints":{"allow":["GET"]}}],"collection":[{"href":"https:\/\/verde-amarelo.net\/verdeamarelo\/wp-json\/wp\/v2\/posts"}],"about":[{"href":"https:\/\/verde-amarelo.net\/verdeamarelo\/wp-json\/wp\/v2\/types\/post"}],"author":[{"embeddable":true,"href":"https:\/\/verde-amarelo.net\/verdeamarelo\/wp-json\/wp\/v2\/users\/1"}],"replies":[{"embeddable":true,"href":"https:\/\/verde-amarelo.net\/verdeamarelo\/wp-json\/wp\/v2\/comments?post=77146"}],"version-history":[{"count":0,"href":"https:\/\/verde-amarelo.net\/verdeamarelo\/wp-json\/wp\/v2\/posts\/77146\/revisions"}],"wp:attachment":[{"href":"https:\/\/verde-amarelo.net\/verdeamarelo\/wp-json\/wp\/v2\/media?parent=77146"}],"wp:term":[{"taxonomy":"category","embeddable":true,"href":"https:\/\/verde-amarelo.net\/verdeamarelo\/wp-json\/wp\/v2\/categories?post=77146"},{"taxonomy":"post_tag","embeddable":true,"href":"https:\/\/verde-amarelo.net\/verdeamarelo\/wp-json\/wp\/v2\/tags?post=77146"}],"curies":[{"name":"wp","href":"https:\/\/api.w.org\/{rel}","templated":true}]}}