{"id":77151,"date":"2019-12-11T00:53:00","date_gmt":"2019-12-11T03:53:00","guid":{"rendered":"https:\/\/verde-amarelo.net\/verdeamarelo\/2019\/12\/vision-impact-institute-novos-relatorios-sobre-o-estado-da-visao-renovarao-o-foco-global-sobre-o-impacto-social-da-visao-deficiente\/"},"modified":"2019-12-11T00:53:00","modified_gmt":"2019-12-11T03:53:00","slug":"vision-impact-institute-novos-relatorios-sobre-o-estado-da-visao-renovarao-o-foco-global-sobre-o-impacto-social-da-visao-deficiente","status":"publish","type":"post","link":"https:\/\/verde-amarelo.net\/verdeamarelo\/2019\/12\/vision-impact-institute-novos-relatorios-sobre-o-estado-da-visao-renovarao-o-foco-global-sobre-o-impacto-social-da-visao-deficiente\/","title":{"rendered":"Vision Impact Institute: Novos relat\u00f3rios sobre o estado da vis\u00e3o renovar\u00e3o o foco global sobre o impacto social da vis\u00e3o deficiente"},"content":{"rendered":"<div><img decoding=\"async\" src=\"data:image\/gif;base64,R0lGODlhAQABAIAAAAAAAP\/\/\/ywAAAAAAQABAAACAUwAOw==\" fifu-lazy=\"1\" fifu-data-sizes=\"auto\" fifu-data-srcset=\"https:\/\/i1.wp.com\/prnewswire.com.br\/wp-content\/uploads\/2019\/03\/Vision_Impact_Institute_Logo.jpg?ssl=1&w=75&resize=75&ssl=1 75w, https:\/\/i1.wp.com\/prnewswire.com.br\/wp-content\/uploads\/2019\/03\/Vision_Impact_Institute_Logo.jpg?ssl=1&w=100&resize=100&ssl=1 100w, https:\/\/i1.wp.com\/prnewswire.com.br\/wp-content\/uploads\/2019\/03\/Vision_Impact_Institute_Logo.jpg?ssl=1&w=150&resize=150&ssl=1 150w, https:\/\/i1.wp.com\/prnewswire.com.br\/wp-content\/uploads\/2019\/03\/Vision_Impact_Institute_Logo.jpg?ssl=1&w=240&resize=240&ssl=1 240w, https:\/\/i1.wp.com\/prnewswire.com.br\/wp-content\/uploads\/2019\/03\/Vision_Impact_Institute_Logo.jpg?ssl=1&w=320&resize=320&ssl=1 320w, https:\/\/i1.wp.com\/prnewswire.com.br\/wp-content\/uploads\/2019\/03\/Vision_Impact_Institute_Logo.jpg?ssl=1&w=500&resize=500&ssl=1 500w, https:\/\/i1.wp.com\/prnewswire.com.br\/wp-content\/uploads\/2019\/03\/Vision_Impact_Institute_Logo.jpg?ssl=1&w=640&resize=640&ssl=1 640w, https:\/\/i1.wp.com\/prnewswire.com.br\/wp-content\/uploads\/2019\/03\/Vision_Impact_Institute_Logo.jpg?ssl=1&w=800&resize=800&ssl=1 800w, https:\/\/i1.wp.com\/prnewswire.com.br\/wp-content\/uploads\/2019\/03\/Vision_Impact_Institute_Logo.jpg?ssl=1&w=1024&resize=1024&ssl=1 1024w, https:\/\/i1.wp.com\/prnewswire.com.br\/wp-content\/uploads\/2019\/03\/Vision_Impact_Institute_Logo.jpg?ssl=1&w=1280&resize=1280&ssl=1 1280w, https:\/\/i1.wp.com\/prnewswire.com.br\/wp-content\/uploads\/2019\/03\/Vision_Impact_Institute_Logo.jpg?ssl=1&w=1600&resize=1600&ssl=1 1600w\" fifu-data-src=\"https:\/\/i1.wp.com\/prnewswire.com.br\/wp-content\/uploads\/2019\/03\/Vision_Impact_Institute_Logo.jpg?ssl=1\" class=\"ff-og-image-inserted\"><\/div>\n<p><strong><em>Primeiro Relat\u00f3rio Mundial de Sa\u00fade da OMS sobre Vis\u00e3o e Relat\u00f3rio Essilor sobre como eliminar a Vis\u00e3o Deficiente enfatizam a necessidade de incluir a sa\u00fade da vis\u00e3o na agenda global de sa\u00fade p\u00fablica<\/em><\/strong><\/p>\n<p><span class=\"xn-location\">DALLAS<\/span>, 10 de dezembro de 2019  &#8212; O Vision Impact Institute aprecia o lan\u00e7amento de dois novos relat\u00f3rios complementares e alinhados sobre o estado da vis\u00e3o que aumentam a conscientiza\u00e7\u00e3o sobre a necessidade de servi\u00e7os de sa\u00fade ocular centrados nas pessoas globalmente e destacam estrat\u00e9gias de resposta eficazes .<\/p>&nbsp;&nbsp;\n<p>O primeiro <a href=\"https:\/\/c212.net\/c\/link\/?t=0&amp;l=pt&amp;o=2666454-1&amp;h=1174984571&amp;u=https%3A%2F%2Fc212.net%2Fc%2Flink%2F%3Ft%3D0%26l%3Den%26o%3D2666454-1%26h%3D3918119505%26u%3Dhttps%253A%252F%252Fvisionimpactinstitute.org%252Fresearch%252Fworld-report-on-vision%252F%26a%3DWHO%2BWorld%2BReport%2Bon%2BVision&amp;a=Relat%C3%B3rio+Mundial+da+OMS+sobre+Vis%C3%A3o\" rel=\"nofollow noopener noreferrer\" target=\"_blank\">Relat\u00f3rio Mundial da OMS sobre Vis\u00e3o<\/a> da hist\u00f3ria aumenta a conscientiza\u00e7\u00e3o sobre a magnitude global das condi\u00e7\u00f5es oculares e seu impacto na vida das pessoas. O relat\u00f3rio afirma que pelo menos 2,2 bilh\u00f5es precisam de corre\u00e7\u00e3o da vis\u00e3o e n\u00e3o a possuem. Esse \u00f4nus pesa muito sobre pa\u00edses de renda baixa e m\u00e9dia, idosos e comunidades rurais. O <a href=\"https:\/\/c212.net\/c\/link\/?t=0&amp;l=pt&amp;o=2666454-1&amp;h=182672299&amp;u=https%3A%2F%2Fc212.net%2Fc%2Flink%2F%3Ft%3D0%26l%3Den%26o%3D2666454-1%26h%3D1123045081%26u%3Dhttps%253A%252F%252Fvisionimpactinstitute.org%252Fresearch%252Feliminating-poor-vision-in-a-generation-what-will-it-take-to-eliminate-uncorrected-refractive-errors-by-2050%252F%26a%3DEssilor%2BReport&amp;a=Relat%C3%B3rio+Essilor\" rel=\"nofollow noopener noreferrer\" target=\"_blank\">Relat\u00f3rio Essilor<\/a>: <em>Eliminar a vis\u00e3o deficiente em uma gera\u00e7\u00e3o<\/em> descreve solu\u00e7\u00f5es para enfrentar o desafio em uma gera\u00e7\u00e3o.<\/p>&nbsp;&nbsp;\n<p>De acordo com esses relat\u00f3rios, essas a\u00e7\u00f5es s\u00e3o recomendadas:<\/p>\n<ul readability=\"13.860182370821\">\n<li>Tornar o cuidado ocular parte integrante da cobertura universal da sa\u00fade<\/li>\n<li>Implementar atendimento oftalmol\u00f3gico integrado e centrado nas pessoas nos sistemas de sa\u00fade<\/li>\n<li>Promover a implementa\u00e7\u00e3o de alta qualidade e a pesquisa em sistemas de sa\u00fade, complementando as evid\u00eancias existentes para interven\u00e7\u00f5es eficazes no tratamento oftalmol\u00f3gico<\/li>\n<li>Monitorar tend\u00eancias e avaliar o progresso na implementa\u00e7\u00e3o de um atendimento oftalmol\u00f3gico integrado e centrado nas pessoas<\/li>\n<li>Aumentar a conscientiza\u00e7\u00e3o e capacitar pessoas e comunidades para as necessidades de cuidados com os olhos<\/li>\n<li readability=\"29.431146359048\">\n<p>&#8220;Os dois relat\u00f3rios s\u00e3o cruciais para o futuro da sa\u00fade da vis\u00e3o, pois nos encontramos \u00e0 beira do ano 2020&#8221;, diz <a href=\"https:\/\/c212.net\/c\/link\/?t=0&amp;l=pt&amp;o=2666454-1&amp;h=663633044&amp;u=https%3A%2F%2Fc212.net%2Fc%2Flink%2F%3Ft%3D0%26l%3Den%26o%3D2666454-1%26h%3D864209005%26u%3Dhttps%253A%252F%252Fvisionimpactinstitute.org%252Fabout%252F%26a%3DKristan%2BGross&amp;a=Kristan+Gross\" rel=\"nofollow noopener noreferrer\" target=\"_blank\"><span class=\"xn-person\">Kristan Gross<\/span><\/a>, diretor executivo global. &#8220;Essas informa\u00e7\u00f5es podem equipar e capacitar os defensores com uma compreens\u00e3o mais ampla das necessidades de sa\u00fade globais da vis\u00e3o e delinear a\u00e7\u00f5es concretas para eliminar a vis\u00e3o deficiente at\u00e9 2050&#8221;.<\/p>&nbsp;&nbsp;\n<p><strong>Sobre o Vision Impact Institute<\/strong><\/p>\n<p><em>A miss\u00e3o do Vision Impact Institute \u00e9 aumentar a consci\u00eancia sobre a import\u00e2ncia da corre\u00e7\u00e3o e prote\u00e7\u00e3o da vis\u00e3o para tornar a boa vis\u00e3o uma prioridade global. Seu Conselho Consultivo \u00e9 composto por seis especialistas internacionais independentes: Pr. <span class=\"xn-person\">Kevin Frick<\/span> (Estados Unidos), Pr. <span class=\"xn-person\">Clare Gilbert<\/span> (Reino Unido),<\/em> <em>Sr. Allyala Nandakumar (Estados Unidos),<\/em> <em>Sr. Arun Bharat Ram (\u00cdndia),<\/em> <em>Dr. <span class=\"xn-person\">Serge Resnikoff<\/span> (Su\u00ed\u00e7a),<\/em> <em>e Dr. <span class=\"xn-person\">Wang Wei<\/span> (<span class=\"xn-location\">China<\/span>).<\/em><\/p>\n<p><em>O Vision Impact Institute \u00e9 uma organiza\u00e7\u00e3o sem fins lucrativos registrada 501(c)(3), que recebe apoio do Vision for Life Fund da Essilor, l\u00edder mundial em \u00f3ptica oftalmol\u00f3gica. O Vision Impact Institute hospeda uma plataforma web interativa, um banco de dados exclusivo de pesquisa em<\/em> <a href=\"https:\/\/c212.net\/c\/link\/?t=0&amp;l=pt&amp;o=2666454-1&amp;h=3795521389&amp;u=https%3A%2F%2Fc212.net%2Fc%2Flink%2F%3Ft%3D0%26l%3Den%26o%3D2666454-1%26h%3D2548617281%26u%3Dhttp%253A%252F%252Fvisionimpactinstitute.org%252F%26a%3Dvisionimpactinstitute.org&amp;a=visionimpactinstitute.org\" rel=\"nofollow noopener noreferrer\" target=\"_blank\"><em>visionimpactinstitute.org<\/em><\/a><em>.<\/em><\/p>\n<p><strong>Contato:<\/strong><\/p>\n<p><span class=\"xn-person\">Andrea Kirsten-Coleman<\/span><\/p>\n<p>Gerente de Comunica\u00e7\u00f5es Globais<\/p>\n<p><a href=\"mailto:andrea.kirsten@visionimpactinstitute.org\" rel=\"nofollow noopener noreferrer\" target=\"_blank\">andrea.kirsten@visionimpactinstitute.org<\/a><\/p>\n<p>Logo &#8211; <a href=\"https:\/\/c212.net\/c\/link\/?t=0&amp;l=pt&amp;o=2666454-1&amp;h=586964785&amp;u=https%3A%2F%2Fc212.net%2Fc%2Flink%2F%3Ft%3D0%26l%3Den%26o%3D2666454-1%26h%3D891751120%26u%3Dhttps%253A%252F%252Fmma.prnewswire.com%252Fmedia%252F832635%252FVision_Impact_Institute_Logo.jpg%26a%3Dhttps%253A%252F%252Fmma.prnewswire.com%252Fmedia%252F832635%252FVision_Impact_Institute_Logo.jpg&amp;a=https%3A%2F%2Fmma.prnewswire.com%2Fmedia%2F832635%2FVision_Impact_Institute_Logo.jpg\" rel=\"nofollow noopener noreferrer\" target=\"_blank\">https:\/\/mma.prnewswire.com\/media\/832635\/Vision_Impact_Institute_Logo.jpg<\/a><\/p>\n<p>FONTE Vision Impact Institute<\/p>\n<\/li>\n<\/ul>\n","protected":false},"excerpt":{"rendered":"<p>Primeiro Relat\u00f3rio Mundial de Sa\u00fade da OMS sobre Vis\u00e3o e Relat\u00f3rio Essilor sobre como eliminar&#8230;<\/p>\n","protected":false},"author":1,"featured_media":0,"comment_status":"open","ping_status":"open","sticky":false,"template":"","format":"standard","meta":{"fifu_image_url":"","fifu_image_alt":"","footnotes":""},"categories":[727],"tags":[],"class_list":["post-77151","post","type-post","status-publish","format-standard","hentry","category-noticias","wpcat-727-id"],"_links":{"self":[{"href":"https:\/\/verde-amarelo.net\/verdeamarelo\/wp-json\/wp\/v2\/posts\/77151","targetHints":{"allow":["GET"]}}],"collection":[{"href":"https:\/\/verde-amarelo.net\/verdeamarelo\/wp-json\/wp\/v2\/posts"}],"about":[{"href":"https:\/\/verde-amarelo.net\/verdeamarelo\/wp-json\/wp\/v2\/types\/post"}],"author":[{"embeddable":true,"href":"https:\/\/verde-amarelo.net\/verdeamarelo\/wp-json\/wp\/v2\/users\/1"}],"replies":[{"embeddable":true,"href":"https:\/\/verde-amarelo.net\/verdeamarelo\/wp-json\/wp\/v2\/comments?post=77151"}],"version-history":[{"count":0,"href":"https:\/\/verde-amarelo.net\/verdeamarelo\/wp-json\/wp\/v2\/posts\/77151\/revisions"}],"wp:attachment":[{"href":"https:\/\/verde-amarelo.net\/verdeamarelo\/wp-json\/wp\/v2\/media?parent=77151"}],"wp:term":[{"taxonomy":"category","embeddable":true,"href":"https:\/\/verde-amarelo.net\/verdeamarelo\/wp-json\/wp\/v2\/categories?post=77151"},{"taxonomy":"post_tag","embeddable":true,"href":"https:\/\/verde-amarelo.net\/verdeamarelo\/wp-json\/wp\/v2\/tags?post=77151"}],"curies":[{"name":"wp","href":"https:\/\/api.w.org\/{rel}","templated":true}]}}