{"id":77154,"date":"2019-12-11T18:30:04","date_gmt":"2019-12-11T21:30:04","guid":{"rendered":"https:\/\/verde-amarelo.net\/verdeamarelo\/2019\/12\/hamburg-sud-espera-que-os-volumes-na-importacao-e-exportacao-crescam-cerca-de-5-em-2020\/"},"modified":"2019-12-11T18:30:04","modified_gmt":"2019-12-11T21:30:04","slug":"hamburg-sud-espera-que-os-volumes-na-importacao-e-exportacao-crescam-cerca-de-5-em-2020","status":"publish","type":"post","link":"https:\/\/verde-amarelo.net\/verdeamarelo\/2019\/12\/hamburg-sud-espera-que-os-volumes-na-importacao-e-exportacao-crescam-cerca-de-5-em-2020\/","title":{"rendered":"Hamburg S\u00fcd espera que os volumes na importa\u00e7\u00e3o e exporta\u00e7\u00e3o cres\u00e7am cerca de 5% em 2020"},"content":{"rendered":"<p><em>Expectativa \u00e9 tamb\u00e9m ampliar as opera\u00e7\u00f5es multimodais no longo curso, que este ano tiveram um incremento de 70%, impulsionado pelo aumento da carteira de clientes<\/em><\/p>\n<p><strong>\u00a0<\/strong><\/p>\n<p><strong>S\u00e3o Paulo, dezembro de 2019<\/strong> \u2013 Apesar de a economia n\u00e3o ter crescido no ritmo esperado, a Hamburg S\u00fcd, empresa do Grupo Maersk, acredita que as importa\u00e7\u00f5es e exporta\u00e7\u00f5es ser\u00e3o estimuladas em 2020. A expectativa \u00e9 que haja um incremento em torno de 5% no longo curso ao longo do pr\u00f3ximo ano.<\/p>&nbsp;&nbsp;\n<p>&nbsp;<\/p>\n<p>\u201cPara 2020, esperamos um desempenho similar ou superior, puxado pelos mesmos mercados, especialmente a China\u201d, afirma Julian Thomas, CEO da companhia, durante festa de confraterniza\u00e7\u00e3o com clientes.<\/p>&nbsp;&nbsp;\n<p>&nbsp;<\/p>\n<p>Segundo o executivo, o crescimento de 2019 &#8211; em torno de 3% &#8211; foi impulsionado pelos volumes crescentes de prote\u00edna para a China e Oriente M\u00e9dio. O desempenho do mercado <em>dry<\/em> tamb\u00e9m foi positivo, com destaque para a exporta\u00e7\u00e3o de algod\u00e3o, que este ano bateu mais um recorde, superando 70% de crescimento.<\/p>&nbsp;&nbsp;\n<p>E nesta linha de otimismo com a retomada da economia, o executivo ressalta que o atendimento ao cliente \u00e9 a prioridade nas empresas do grupo. \u201cCom o poder nas m\u00e3os do consumidor, cada vez mais conectado e exigente, queremos entregar um servi\u00e7o de qualidade, que realmente fa\u00e7a a diferen\u00e7a nas opera\u00e7\u00f5es de cada um dos nossos clientes\u201d, enfatiza.<\/p>&nbsp;&nbsp;\n<p>Acompanhando as tend\u00eancias de transforma\u00e7\u00e3o digital no mercado log\u00edstico, as empresas do grupo est\u00e3o investindo na ado\u00e7\u00e3o de novas tecnologias para garantir mais agilidade nas negocia\u00e7\u00f5es e efici\u00eancia nas entregas. Recentemente, a Hamburg S\u00fcd anunciou o lan\u00e7amento do INSTANT, um aplicativo que facilita e agiliza a reserva de cont\u00eaineres. Em apenas alguns segundos, os usu\u00e1rios podem fazer a reserva de sua carga \u2013 tudo on-line, de maneira instant\u00e2nea. Este planejamento pode ocorrer at\u00e9 seis semanas antes do embarque planejado.<\/p>&nbsp;&nbsp;\n<p>De acordo com Mariana Lara, diretora de Vendas e Marketing da Hamburg S\u00fcd, quanto mais cedo o booking for feito, menor ser\u00e1 o pre\u00e7o total para o cliente. O principal benef\u00edcio \u00e9 o acesso instant\u00e2neo aos fretes, que n\u00e3o sofrer\u00e3o altera\u00e7\u00f5es e contar\u00e3o com garantia de espa\u00e7o e embarque, assegurando, assim, a previsibilidade de sua cadeia de transporte.<\/p>&nbsp;&nbsp;\n<p>\u201cCom o INSTANT, reservar um cont\u00eainer ser\u00e1 t\u00e3o f\u00e1cil e r\u00e1pido quanto reservar um voo on-line. Trata-se de uma alternativa para obten\u00e7\u00e3o de tarifas de maneira \u00e1gil e trazendo n\u00edveis de frete alinhados ao mercado, mantendo o mesmo atendimento personalizado, que nossos clientes merecem e que fazemos quest\u00e3o de oferecer\u201d, destaca a executiva. Atualmente, o INSTANT est\u00e1 dispon\u00edvel para os servi\u00e7os da Hamburg S\u00fcd entre a Costa Leste da Am\u00e9rica do Sul para Europa, \u00c1sia, Caribe e Costa Oeste da Am\u00e9rica do Sul, bem como entre a \u00c1sia, Oceania e Am\u00e9ricas, e ser\u00e1 gradualmente estendido para as demais rotas no mundo.<\/p>&nbsp;&nbsp;\n<p><strong>Sucesso no multimodal<\/p>\n<p><\/strong>\u00a0\u00a0\u00a0\u00a0\u00a0\u00a0\u00a0\u00a0\u00a0 O<strong> servi\u00e7o multimodal no longo curso<\/strong> registrou avan\u00e7os importantes. Na <strong>Hamburg S\u00fcd<\/strong>, as opera\u00e7\u00f5es cresceram mais de <strong>70%<\/strong> em 2019, se comparadas ao ano anterior. Segundo Julian Thomas, CEO da companhia, o resultado foi impulsionado pelos volumes crescentes de clientes j\u00e1 tradicionais do ramo automotivo, pneus, madeira e qu\u00edmicos, bem como pelo aumento de clientes interessados na contrata\u00e7\u00e3o de servi\u00e7os multimodais com a nossa empresa. \u201cEsperamos que o ritmo se mantenha e que possamos incrementar ainda mais o servi\u00e7o multimodal no longo curso em 2020\u201d.<\/p>&nbsp;&nbsp;\n<p><strong>Sobre a Hamburg S\u00fcd<br \/>\n<\/strong>Hamburg S\u00fcdamerikanische Dampfschifffahrts-Gesellschaft A \/ S &amp; Co KG &#8211; A Hamburg S\u00fcd \u00e9 uma das dez maiores marcas de transporte de cont\u00eaineres do mundo e faz parte da Maersk Line, a maior empresa de transporte mar\u00edtimo de cont\u00eaineres do mundo. Funcion\u00e1rios bem treinados em 250 escrit\u00f3rios espalhados por mais de 100 pa\u00edses garantem que os clientes recebam solu\u00e7\u00f5es de log\u00edstica adaptadas \u00e0s suas necessidades individuais. Fundada em 1871, a Hamburg S\u00fcd desfruta de uma presen\u00e7a global como uma marca de qualidade com sua subsidi\u00e1ria brasileira Alian\u00e7a. A Hamburg S\u00fcd \u00e9 uma das cinco maiores marcas reefer do mundo, est\u00e1 entre as l\u00edderes de mercado nos neg\u00f3cios Norte-Sul e atende a todas as rotas significativas do Oriente-Ocidente. Padr\u00f5es de alta qualidade, servi\u00e7o confi\u00e1vel, toque pessoal e sustentabilidade fazem parte dos valores da marca da Hamburg S\u00fcd.<\/p>&nbsp;&nbsp;\n<p>Mais informa\u00e7\u00f5es na Internet em: <a href=\"http:\/\/www.hamburgsud.com\">www.hamburgsud.com<\/a>.<\/p>&nbsp;&nbsp;\n<p>&nbsp;<\/p>\n<p><strong><em><u>Informa\u00e7\u00f5es \u00e0 Imprensa<br \/>\n<\/u><\/em><\/strong><em>DFREIRE Comunica\u00e7\u00e3o e Neg\u00f3cios<\/em><\/p>\n<p><a href=\"http:\/\/www.dfreire.com.br\">www.dfreire.com.br<\/a>\u00a0 (11) 5105-7171<\/p>\n<p>\u00c9lida Gon\u00e7alves \u2013 <a href=\"mailto:elida@dfreire.com.br\">elida@dfreire.com.br<\/a><br \/>\nLuciana Abritta \u2013 <a href=\"mailto:lucianaabritta@dfreire.com.br\">lucianaabritta@dfreire.com.br<\/a><br \/>\nD\u00e9bora Freire \u2013 <a href=\"mailto:debora@dfreire.com.br\">debora@dfreire.com.br<\/a><\/p>\n","protected":false},"excerpt":{"rendered":"<p>Expectativa \u00e9 tamb\u00e9m ampliar as opera\u00e7\u00f5es multimodais no longo curso, que este ano tiveram um&#8230;<\/p>\n","protected":false},"author":1,"featured_media":0,"comment_status":"open","ping_status":"open","sticky":false,"template":"","format":"standard","meta":{"fifu_image_url":"","fifu_image_alt":"","footnotes":""},"categories":[8703],"tags":[10323],"class_list":["post-77154","post","type-post","status-publish","format-standard","hentry","category-economia","tag-2020alianca-navegacao-e-logisticahamburg-sudimportacao-e-exportacao","wpcat-8703-id"],"_links":{"self":[{"href":"https:\/\/verde-amarelo.net\/verdeamarelo\/wp-json\/wp\/v2\/posts\/77154","targetHints":{"allow":["GET"]}}],"collection":[{"href":"https:\/\/verde-amarelo.net\/verdeamarelo\/wp-json\/wp\/v2\/posts"}],"about":[{"href":"https:\/\/verde-amarelo.net\/verdeamarelo\/wp-json\/wp\/v2\/types\/post"}],"author":[{"embeddable":true,"href":"https:\/\/verde-amarelo.net\/verdeamarelo\/wp-json\/wp\/v2\/users\/1"}],"replies":[{"embeddable":true,"href":"https:\/\/verde-amarelo.net\/verdeamarelo\/wp-json\/wp\/v2\/comments?post=77154"}],"version-history":[{"count":0,"href":"https:\/\/verde-amarelo.net\/verdeamarelo\/wp-json\/wp\/v2\/posts\/77154\/revisions"}],"wp:attachment":[{"href":"https:\/\/verde-amarelo.net\/verdeamarelo\/wp-json\/wp\/v2\/media?parent=77154"}],"wp:term":[{"taxonomy":"category","embeddable":true,"href":"https:\/\/verde-amarelo.net\/verdeamarelo\/wp-json\/wp\/v2\/categories?post=77154"},{"taxonomy":"post_tag","embeddable":true,"href":"https:\/\/verde-amarelo.net\/verdeamarelo\/wp-json\/wp\/v2\/tags?post=77154"}],"curies":[{"name":"wp","href":"https:\/\/api.w.org\/{rel}","templated":true}]}}