{"id":77159,"date":"2019-12-11T17:42:22","date_gmt":"2019-12-11T20:42:22","guid":{"rendered":"https:\/\/verde-amarelo.net\/verdeamarelo\/2019\/12\/apta-totaliza-entrega-de-55-onibus-volkswagen-para-a-movebuss\/"},"modified":"2019-12-11T17:42:22","modified_gmt":"2019-12-11T20:42:22","slug":"apta-totaliza-entrega-de-55-onibus-volkswagen-para-a-movebuss","status":"publish","type":"post","link":"https:\/\/verde-amarelo.net\/verdeamarelo\/2019\/12\/apta-totaliza-entrega-de-55-onibus-volkswagen-para-a-movebuss\/","title":{"rendered":"Apta totaliza entrega de 55 \u00f4nibus Volkswagen para a MoveBuss"},"content":{"rendered":"<p><em>Modelos s\u00e3o modernos e v\u00e3o atender passageiros do transporte coletivo com mais qualidade<\/em><\/p>\n<p>A Apta Caminh\u00f5es e \u00d4nibus, de S\u00e3o Bernardo do Campo, totalizou a entrega de 55 \u00f4nibus Volkswagen vendidos neste ano para a MoveBuss, empresa de transporte urbano da Capital. A primeira etapa da remessa ocorreu em julho com 28 unidades que j\u00e1 est\u00e3o em circula\u00e7\u00e3o na Zona Leste e parte da Zona Sul de S\u00e3o Paulo. Os outros 27 restantes do foram entregues em novembro, completando o lote comercializado.<\/p>&nbsp;&nbsp;\n<p>Os \u00f4nibus, que modernizam o sistema de transporte urbano naquela regi\u00e3o, s\u00e3o os modelos 17.230 OD e 17.260 OD e atendem o padr\u00e3o de seguran\u00e7a e conforto determinado pela SPTrans, \u00f3rg\u00e3o da prefeitura respons\u00e1vel pelo transporte coletivo. Os ve\u00edculos s\u00e3o equipados com a carroceria Caio.<\/p>&nbsp;&nbsp;\n<p>Para a Apta, os modelos, que s\u00e3o modernos, v\u00e3o atender com mais qualidade os 9 milh\u00f5es de passageiros por m\u00eas que circulam nos itiner\u00e1rios das linhas. Os \u00f4nibus t\u00eam ar-condicionado, Wi-Fi e tomadas USB para carregar baterias de celulares e notebooks.&nbsp; A motoriza\u00e7\u00e3o Euro V, de acordo com as normas em vigor desde 2012\/2013, contribui para a redu\u00e7\u00e3o das emiss\u00f5es de polui\u00e7\u00e3o.<\/p>&nbsp;&nbsp;\n<p><strong>Chassis 17.230<\/strong> &#8211; O Volksbus 17.230 OD \u00e9 indicado para severas opera\u00e7\u00f5es de transporte urbano e fretamento, adapta-se a carrocerias de at\u00e9 13,2 metros, une robustez e versatilidade. Com polia adicional de s\u00e9rie, facilita a instala\u00e7\u00e3o do ar-condicionado. Equipado com motor MAN D08 EGR (que dispensa o uso do Arla 32), o chassi \u00e9 utilizado com sucesso em diversos lugares no mundo.<\/p>&nbsp;&nbsp;\n<p><strong>17.260&nbsp;<\/strong> &#8211; Dotado de motoriza\u00e7\u00e3o MAN D08 de 6 cilindros, o Volksbus 17.260 OD traz pot\u00eancia de 256 cavalos e torque de 900 Nm, provendo a for\u00e7a e a robustez necess\u00e1rias para encarar as mais diversas opera\u00e7\u00f5es urbanas e estradas brasileiras. Adapta-se a carrocerias de at\u00e9 13,2 metros e conta com polia adicional de s\u00e9rie para facilitar a instala\u00e7\u00e3o do ar-condicionado.<\/p>&nbsp;&nbsp;\n<p><strong>Concession\u00e1ria<\/strong> &#8211; A Apta Caminh\u00f5es e \u00d4nibus \u00e9 uma das mais modernas concession\u00e1rias de caminh\u00f5es e \u00f4nibus da rede MAN Latin America\/ Volkswagen. Possui unidades estrategicamente bem localizadas \u00e0s margens da Rodovia dos Imigrantes, uma no planalto no Km 26 na jun\u00e7\u00e3o com o Rodoanel e outra na Baixada Santista no KM 64. As concession\u00e1rias atuam com uma linha completa e sua estrutura se divide entre vendas de caminh\u00f5es e \u00f4nibus, novos e usados, al\u00e9m de pe\u00e7as e assist\u00eancia t\u00e9cnica. A Apta atende 39 munic\u00edpios da Grande S\u00e3o Paulo e 11 do litoral paulista.<\/p>&nbsp;&nbsp;\n<p><a href=\"http:\/\/www.vwco.com.br\/uploads\/ckeditor\/5df12b2c2817a.jpeg\"><img decoding=\"async\" src=\"data:image\/gif;base64,R0lGODlhAQABAIAAAAAAAP\/\/\/ywAAAAAAQABAAACAUwAOw==\" fifu-lazy=\"1\" fifu-data-sizes=\"auto\" fifu-data-srcset=\"https:\/\/i3.wp.com\/www.vwco.com.br\/uploads\/ckeditor\/5df12b2c2817a.jpeg?ssl=1&w=75&resize=75&ssl=1 75w, https:\/\/i3.wp.com\/www.vwco.com.br\/uploads\/ckeditor\/5df12b2c2817a.jpeg?ssl=1&w=100&resize=100&ssl=1 100w, https:\/\/i3.wp.com\/www.vwco.com.br\/uploads\/ckeditor\/5df12b2c2817a.jpeg?ssl=1&w=150&resize=150&ssl=1 150w, https:\/\/i3.wp.com\/www.vwco.com.br\/uploads\/ckeditor\/5df12b2c2817a.jpeg?ssl=1&w=240&resize=240&ssl=1 240w, https:\/\/i3.wp.com\/www.vwco.com.br\/uploads\/ckeditor\/5df12b2c2817a.jpeg?ssl=1&w=320&resize=320&ssl=1 320w, https:\/\/i3.wp.com\/www.vwco.com.br\/uploads\/ckeditor\/5df12b2c2817a.jpeg?ssl=1&w=500&resize=500&ssl=1 500w, https:\/\/i3.wp.com\/www.vwco.com.br\/uploads\/ckeditor\/5df12b2c2817a.jpeg?ssl=1&w=640&resize=640&ssl=1 640w, https:\/\/i3.wp.com\/www.vwco.com.br\/uploads\/ckeditor\/5df12b2c2817a.jpeg?ssl=1&w=800&resize=800&ssl=1 800w, https:\/\/i3.wp.com\/www.vwco.com.br\/uploads\/ckeditor\/5df12b2c2817a.jpeg?ssl=1&w=1024&resize=1024&ssl=1 1024w, https:\/\/i3.wp.com\/www.vwco.com.br\/uploads\/ckeditor\/5df12b2c2817a.jpeg?ssl=1&w=1280&resize=1280&ssl=1 1280w, https:\/\/i3.wp.com\/www.vwco.com.br\/uploads\/ckeditor\/5df12b2c2817a.jpeg?ssl=1&w=1600&resize=1600&ssl=1 1600w\" alt fifu-data-src=\"https:\/\/i3.wp.com\/www.vwco.com.br\/uploads\/ckeditor\/5df12b2c2817a.jpeg?ssl=1\"><\/a><\/p>\n<p><a href=\"http:\/\/www.vwco.com.br\/uploads\/ckeditor\/5df12aef17b94.jpeg\"><img decoding=\"async\" src=\"data:image\/gif;base64,R0lGODlhAQABAIAAAAAAAP\/\/\/ywAAAAAAQABAAACAUwAOw==\" fifu-lazy=\"1\" fifu-data-sizes=\"auto\" fifu-data-srcset=\"https:\/\/i2.wp.com\/www.vwco.com.br\/uploads\/ckeditor\/5df12aef17b94.jpeg?ssl=1&w=75&resize=75&ssl=1 75w, https:\/\/i2.wp.com\/www.vwco.com.br\/uploads\/ckeditor\/5df12aef17b94.jpeg?ssl=1&w=100&resize=100&ssl=1 100w, https:\/\/i2.wp.com\/www.vwco.com.br\/uploads\/ckeditor\/5df12aef17b94.jpeg?ssl=1&w=150&resize=150&ssl=1 150w, https:\/\/i2.wp.com\/www.vwco.com.br\/uploads\/ckeditor\/5df12aef17b94.jpeg?ssl=1&w=240&resize=240&ssl=1 240w, https:\/\/i2.wp.com\/www.vwco.com.br\/uploads\/ckeditor\/5df12aef17b94.jpeg?ssl=1&w=320&resize=320&ssl=1 320w, https:\/\/i2.wp.com\/www.vwco.com.br\/uploads\/ckeditor\/5df12aef17b94.jpeg?ssl=1&w=500&resize=500&ssl=1 500w, https:\/\/i2.wp.com\/www.vwco.com.br\/uploads\/ckeditor\/5df12aef17b94.jpeg?ssl=1&w=640&resize=640&ssl=1 640w, https:\/\/i2.wp.com\/www.vwco.com.br\/uploads\/ckeditor\/5df12aef17b94.jpeg?ssl=1&w=800&resize=800&ssl=1 800w, https:\/\/i2.wp.com\/www.vwco.com.br\/uploads\/ckeditor\/5df12aef17b94.jpeg?ssl=1&w=1024&resize=1024&ssl=1 1024w, https:\/\/i2.wp.com\/www.vwco.com.br\/uploads\/ckeditor\/5df12aef17b94.jpeg?ssl=1&w=1280&resize=1280&ssl=1 1280w, https:\/\/i2.wp.com\/www.vwco.com.br\/uploads\/ckeditor\/5df12aef17b94.jpeg?ssl=1&w=1600&resize=1600&ssl=1 1600w\" alt fifu-data-src=\"https:\/\/i2.wp.com\/www.vwco.com.br\/uploads\/ckeditor\/5df12aef17b94.jpeg?ssl=1\"><\/a><\/p>\n<p><strong>ATUAL IMAGEM COMUNICA\u00c7\u00c3O<\/strong><br \/>Fale Conosco | (11) 4332-9697<br \/>contato@atualimagemcomunicacao.com.br<\/p>\n<p><strong>Atendimento \u00e0 Imprensa<\/strong><br \/>Niceia Freitas | (11) 99849-1965<br \/>niceia.climaco@gmail.com<\/p>\n<p>Isadora Climaco | (11) 97354-8532<br \/>isadoraclimaco@gmail.com<br \/>novembro 2019<\/p>\n","protected":false},"excerpt":{"rendered":"<p>Modelos s\u00e3o modernos e v\u00e3o atender passageiros do transporte coletivo com mais qualidade A Apta&#8230;<\/p>\n","protected":false},"author":1,"featured_media":0,"comment_status":"open","ping_status":"open","sticky":false,"template":"","format":"standard","meta":{"fifu_image_url":"","fifu_image_alt":"","footnotes":""},"categories":[727],"tags":[],"class_list":["post-77159","post","type-post","status-publish","format-standard","hentry","category-noticias","wpcat-727-id"],"_links":{"self":[{"href":"https:\/\/verde-amarelo.net\/verdeamarelo\/wp-json\/wp\/v2\/posts\/77159","targetHints":{"allow":["GET"]}}],"collection":[{"href":"https:\/\/verde-amarelo.net\/verdeamarelo\/wp-json\/wp\/v2\/posts"}],"about":[{"href":"https:\/\/verde-amarelo.net\/verdeamarelo\/wp-json\/wp\/v2\/types\/post"}],"author":[{"embeddable":true,"href":"https:\/\/verde-amarelo.net\/verdeamarelo\/wp-json\/wp\/v2\/users\/1"}],"replies":[{"embeddable":true,"href":"https:\/\/verde-amarelo.net\/verdeamarelo\/wp-json\/wp\/v2\/comments?post=77159"}],"version-history":[{"count":0,"href":"https:\/\/verde-amarelo.net\/verdeamarelo\/wp-json\/wp\/v2\/posts\/77159\/revisions"}],"wp:attachment":[{"href":"https:\/\/verde-amarelo.net\/verdeamarelo\/wp-json\/wp\/v2\/media?parent=77159"}],"wp:term":[{"taxonomy":"category","embeddable":true,"href":"https:\/\/verde-amarelo.net\/verdeamarelo\/wp-json\/wp\/v2\/categories?post=77159"},{"taxonomy":"post_tag","embeddable":true,"href":"https:\/\/verde-amarelo.net\/verdeamarelo\/wp-json\/wp\/v2\/tags?post=77159"}],"curies":[{"name":"wp","href":"https:\/\/api.w.org\/{rel}","templated":true}]}}