{"id":77160,"date":"2019-12-11T14:32:24","date_gmt":"2019-12-11T17:32:24","guid":{"rendered":"https:\/\/verde-amarelo.net\/verdeamarelo\/2019\/12\/cop-25-no-dia-da-energia-unica-lanca-campanha-mundial-pela-qualidade-do-ar\/"},"modified":"2019-12-11T14:32:24","modified_gmt":"2019-12-11T17:32:24","slug":"cop-25-no-dia-da-energia-unica-lanca-campanha-mundial-pela-qualidade-do-ar","status":"publish","type":"post","link":"https:\/\/verde-amarelo.net\/verdeamarelo\/2019\/12\/cop-25-no-dia-da-energia-unica-lanca-campanha-mundial-pela-qualidade-do-ar\/","title":{"rendered":"COP 25: No dia da Energia, UNICA lan\u00e7a campanha mundial pela qualidade do ar"},"content":{"rendered":"<p>Centenas de pessoas, entre representantes de governo, da sociedade civil e empres\u00e1rios, do Brasil e do exterior, participaram, na noite de ter\u00e7a-feira (10), do lan\u00e7amento oficial da <a href=\"https:\/\/www.unica.com.br\/noticias\/unica-lanca-campanha-para-melhoria-da-qualidade-do-ar\/\">campanha Bring Back My Blue Sky<\/a>, promovida pela Uni\u00e3o da Ind\u00fastria de Cana-de-A\u00e7\u00facar (UNICA). O <em>Brazil Day by UNICA<\/em> na COP 25, realizado em parceria com a Embaixada Brasileira em Madri, teve como objetivo apresentar os resultados positivos do uso do etanol no Brasil para a redu\u00e7\u00e3o das emiss\u00f5es de CO2 e na melhoria da qualidade do ar.<\/p>&nbsp;&nbsp;\n<p>\u201cTrabalhamos a sustentabilidade como neg\u00f3cio. Nos convertemos em um dos maiores servi\u00e7os de redu\u00e7\u00e3o de emiss\u00f5es de CO2 do mundo, j\u00e1 que o etanol pode reduzir as emiss\u00f5es em at\u00e9 90% em compara\u00e7\u00e3o \u00e0 gasolina. No Brasil, este ano, o etanol j\u00e1 substituiu 48% da gasolina que consumir\u00edamos. Estamos tamb\u00e9m participando como atores principais em uma revolu\u00e7\u00e3o da qualidade do ar em nossas principais cidades. H\u00e1 d\u00e9cadas, em S\u00e3o Paulo, nos roubaram o c\u00e9u azul pela polui\u00e7\u00e3o, como resultado especialmente da queima de combust\u00edveis f\u00f3sseis. O etanol contribuiu para o retorno do azul ao c\u00e9u brasileiro. Queremos fazer o mesmo para as cidades que agora sofrem as graves consequ\u00eancias da polui\u00e7\u00e3o\u201d, destacou o presidente da UNICA, Evandro Gussi, na abertura do Brazil Day by UNICA.<\/p>&nbsp;&nbsp;\n<p><strong>Matriz energ\u00e9tica<\/strong><br \/>O Brasil tem a matriz energ\u00e9tica mais limpa entre os grandes consumidores globais de energia. Pouco mais de 45% da energia produzida no pa\u00eds \u00e9 renov\u00e1vel. Para se ter uma ideia, esse percentual representa mais que o triplo da m\u00e9dia mundial. E a cana-de-a\u00e7\u00facar \u00e9 a principal fonte de energia sustent\u00e1vel do pa\u00eds, respons\u00e1vel por 17,4% da matriz energ\u00e9tica nacional.<\/p>&nbsp;&nbsp;\n<p>\u201cEnquanto o mundo discute, hoje, transi\u00e7\u00e3o energ\u00e9tica, n\u00f3s, na realidade, iniciamos essa transi\u00e7\u00e3o h\u00e1 mais de 40 anos. Temos a matriz considerada a mais limpa do mundo e vamos continuar. Principalmente, n\u00e3o s\u00f3 porque temos condi\u00e7\u00f5es, mas porque acompanhamos a evolu\u00e7\u00e3o do mundo\u201d, ressaltou o ministro de Minas e Energia, Bento Albuquerque na abertura do evento.<\/p>&nbsp;&nbsp;\n<p>Segundo o embaixador do Brasil na Espanha, Pompeu Andreucci Neto, as caracter\u00edsticas naturais do Brasil o transformam em uma refer\u00eancia ambiental. \u201cTemos a maior biodiversidade do mundo, a maior floresta tropical e 12% das reservas de \u00e1gua do planeta. O Brasil \u00e9 um dos \u00fanicos pa\u00edses em desenvolvimento que tem um objetivo absoluto de redu\u00e7\u00e3o das emiss\u00f5es, mais ambiciosos, inclusive, que o dos pa\u00edses desenvolvidos\u201d, pontuou o embaixador.<\/p>&nbsp;&nbsp;\n<p>O ministro do Meio Ambiente, Ricardo Salles, lembrou que os combust\u00edveis f\u00f3sseis continuam sendo os principais respons\u00e1veis pelas emiss\u00f5es de CO2 e que temos, no Brasil, o etanol como o exemplo de combust\u00edvel renov\u00e1vel para o mundo.<\/p>&nbsp;&nbsp;\n<p>\u201cSomos um pa\u00eds que temos muito do que nos orgulhar e parte desse orgulho vem do que aconteceu no estado de S\u00e3o Paulo. Etanol \u00e9 o nosso carro chefe de biomassa e sustentabilidade. S\u00e3o Paulo, por sua vez, \u00e9 o ber\u00e7o do etanol, onde a mecaniza\u00e7\u00e3o nas lavouras possibilitou a extin\u00e7\u00e3o das queimadas. Isso contribuiu para que milhares de pessoas fossem requalificadas, um exemplo de mudan\u00e7a social. Mudan\u00e7a que tamb\u00e9m queremos para a Amaz\u00f4nia\u201d disse Salles.<\/p>&nbsp;&nbsp;\n<p><strong>Acordo de S\u00e3o Paulo<\/strong><br \/><img decoding=\"async\" src=\"data:image\/gif;base64,R0lGODlhAQABAIAAAAAAAP\/\/\/ywAAAAAAQABAAACAUwAOw==\" fifu-lazy=\"1\" fifu-data-sizes=\"auto\" fifu-data-srcset=\"https:\/\/i3.wp.com\/www.unica.com.br\/wp-content\/uploads\/2019\/12\/EVENTO-CETESB-300x177.jpg?ssl=1&w=75&resize=75&ssl=1 75w, https:\/\/i3.wp.com\/www.unica.com.br\/wp-content\/uploads\/2019\/12\/EVENTO-CETESB-300x177.jpg?ssl=1&w=100&resize=100&ssl=1 100w, https:\/\/i3.wp.com\/www.unica.com.br\/wp-content\/uploads\/2019\/12\/EVENTO-CETESB-300x177.jpg?ssl=1&w=150&resize=150&ssl=1 150w, https:\/\/i3.wp.com\/www.unica.com.br\/wp-content\/uploads\/2019\/12\/EVENTO-CETESB-300x177.jpg?ssl=1&w=240&resize=240&ssl=1 240w, https:\/\/i3.wp.com\/www.unica.com.br\/wp-content\/uploads\/2019\/12\/EVENTO-CETESB-300x177.jpg?ssl=1&w=320&resize=320&ssl=1 320w, https:\/\/i3.wp.com\/www.unica.com.br\/wp-content\/uploads\/2019\/12\/EVENTO-CETESB-300x177.jpg?ssl=1&w=500&resize=500&ssl=1 500w, https:\/\/i3.wp.com\/www.unica.com.br\/wp-content\/uploads\/2019\/12\/EVENTO-CETESB-300x177.jpg?ssl=1&w=640&resize=640&ssl=1 640w, https:\/\/i3.wp.com\/www.unica.com.br\/wp-content\/uploads\/2019\/12\/EVENTO-CETESB-300x177.jpg?ssl=1&w=800&resize=800&ssl=1 800w, https:\/\/i3.wp.com\/www.unica.com.br\/wp-content\/uploads\/2019\/12\/EVENTO-CETESB-300x177.jpg?ssl=1&w=1024&resize=1024&ssl=1 1024w, https:\/\/i3.wp.com\/www.unica.com.br\/wp-content\/uploads\/2019\/12\/EVENTO-CETESB-300x177.jpg?ssl=1&w=1280&resize=1280&ssl=1 1280w, https:\/\/i3.wp.com\/www.unica.com.br\/wp-content\/uploads\/2019\/12\/EVENTO-CETESB-300x177.jpg?ssl=1&w=1600&resize=1600&ssl=1 1600w\" class=\"alignleft size-medium wp-image-4683\" fifu-data-src=\"https:\/\/i3.wp.com\/www.unica.com.br\/wp-content\/uploads\/2019\/12\/EVENTO-CETESB-300x177.jpg?ssl=1\" alt width=\"300\" height=\"177\" data-wp-editing=\"1\" srcset=\"https:\/\/i3.wp.com\/www.unica.com.br\/wp-content\/uploads\/2019\/12\/EVENTO-CETESB-300x177.jpg?ssl=1 300w, https:\/\/www.unica.com.br\/wp-content\/uploads\/2019\/12\/EVENTO-CETESB-768x453.jpg 768w, https:\/\/www.unica.com.br\/wp-content\/uploads\/2019\/12\/EVENTO-CETESB-1024x604.jpg 1024w, https:\/\/www.unica.com.br\/wp-content\/uploads\/2019\/12\/EVENTO-CETESB-1080x637.jpg 1080w, https:\/\/www.unica.com.br\/wp-content\/uploads\/2019\/12\/EVENTO-CETESB.jpg 1200w\" sizes=\"(max-width: 300px) 100vw, 300px\">Tamb\u00e9m nessa ter\u00e7a-feira, o estado de S\u00e3o Paulo formalizou o lan\u00e7amento do chamado \u201cAcordo de S\u00e3o Paulo\u201d, pelo qual pretende reconhecer a lideran\u00e7a do setor produtivo paulista nas a\u00e7\u00f5es de mitiga\u00e7\u00e3o das mudan\u00e7as clim\u00e1ticas.<\/p>&nbsp;&nbsp;\n<p>A ades\u00e3o ao Acordo de S\u00e3o Paulo, a exemplo do modelo introduzido pelo Etanol Mais Verde, \u00e9 volunt\u00e1ria, permitindo que o interessado em aderir proponha as suas pr\u00f3prias contribui\u00e7\u00f5es para a mitiga\u00e7\u00e3o das mudan\u00e7as clim\u00e1ticas.<\/p>&nbsp;&nbsp;\n<p>De acordo com a Diretora Presidente da Cetesb, Patr\u00edcia Iglesias, a iniciativa permitir\u00e1 a identifica\u00e7\u00e3o e o reconhecimento dos setores que mais contribuem com a redu\u00e7\u00e3o de emiss\u00f5es de gases causadores do efeito estufa no estado de S\u00e3o Paulo e destacou a import\u00e2ncia e o protagonismo do setor sucroenerg\u00e9tico na agenda para redu\u00e7\u00e3o de emiss\u00f5es.<\/p>&nbsp;&nbsp;\n<p>A coordena\u00e7\u00e3o do Acordo de S\u00e3o Paulo ser\u00e1 desenvolvida no \u00e2mbito da C\u00e2mara Ambiental de Mudan\u00e7as Clim\u00e1ticas da Cetesb, que ser\u00e1 presidida pela UNICA.<\/p>&nbsp;&nbsp;\n<p>Durante a participa\u00e7\u00e3o da UNICA no evento, o presidente da entidade, Evandro Gussi, destacou as importantes contribui\u00e7\u00f5es j\u00e1 realizadas pelo setor sucroenerg\u00e9tico paulista, desde a redu\u00e7\u00e3o de emiss\u00f5es de CO2 pelo uso do etanol combust\u00edvel at\u00e9 os novos projetos para melhor aproveitamento energ\u00e9tico dos subprodutos da cana.<\/p>&nbsp;&nbsp;\n<p>Ainda sobre o Acordo de S\u00e3o Paulo, as contribui\u00e7\u00f5es do setor sucroenerg\u00e9tico n\u00e3o se limitam a redu\u00e7\u00e3o das emiss\u00f5es decorrentes do etanol combust\u00edvel, mas tamb\u00e9m incluem as \u00e1reas de vegeta\u00e7\u00e3o nativa recuperadas e antecipa\u00e7\u00e3o da elimina\u00e7\u00e3o da queima.<\/p>&nbsp;&nbsp;\n<p>\u201c\u00c9 uma importante oportunidade de o setor sucroenerg\u00e9tico paulista reiterar seu comprometimento com a agenda de sustentabilidade. Nossas contribui\u00e7\u00f5es para redu\u00e7\u00e3o de emiss\u00f5es de gases causadores do efeito estufa no estado de S\u00e3o Paulo foram destacadas como exemplo de sucesso para o Brasil e para o mundo\u201d, informou a gerente de Sustentabilidade da UNICA, Renata Camargo.<\/p>&nbsp;&nbsp;\n","protected":false},"excerpt":{"rendered":"<p>Centenas de pessoas, entre representantes de governo, da sociedade civil e empres\u00e1rios, do Brasil e&#8230;<\/p>\n","protected":false},"author":1,"featured_media":0,"comment_status":"open","ping_status":"open","sticky":false,"template":"","format":"standard","meta":{"fifu_image_url":"","fifu_image_alt":"","footnotes":""},"categories":[727],"tags":[10324],"class_list":["post-77160","post","type-post","status-publish","format-standard","hentry","category-noticias","tag-bringbackmyblueskycop25etanolnoticiasqualidade-do-arsem-categoriasustentabilidadeunica","wpcat-727-id"],"_links":{"self":[{"href":"https:\/\/verde-amarelo.net\/verdeamarelo\/wp-json\/wp\/v2\/posts\/77160","targetHints":{"allow":["GET"]}}],"collection":[{"href":"https:\/\/verde-amarelo.net\/verdeamarelo\/wp-json\/wp\/v2\/posts"}],"about":[{"href":"https:\/\/verde-amarelo.net\/verdeamarelo\/wp-json\/wp\/v2\/types\/post"}],"author":[{"embeddable":true,"href":"https:\/\/verde-amarelo.net\/verdeamarelo\/wp-json\/wp\/v2\/users\/1"}],"replies":[{"embeddable":true,"href":"https:\/\/verde-amarelo.net\/verdeamarelo\/wp-json\/wp\/v2\/comments?post=77160"}],"version-history":[{"count":0,"href":"https:\/\/verde-amarelo.net\/verdeamarelo\/wp-json\/wp\/v2\/posts\/77160\/revisions"}],"wp:attachment":[{"href":"https:\/\/verde-amarelo.net\/verdeamarelo\/wp-json\/wp\/v2\/media?parent=77160"}],"wp:term":[{"taxonomy":"category","embeddable":true,"href":"https:\/\/verde-amarelo.net\/verdeamarelo\/wp-json\/wp\/v2\/categories?post=77160"},{"taxonomy":"post_tag","embeddable":true,"href":"https:\/\/verde-amarelo.net\/verdeamarelo\/wp-json\/wp\/v2\/tags?post=77160"}],"curies":[{"name":"wp","href":"https:\/\/api.w.org\/{rel}","templated":true}]}}