{"id":77162,"date":"2019-12-11T20:51:41","date_gmt":"2019-12-11T23:51:41","guid":{"rendered":"https:\/\/verde-amarelo.net\/verdeamarelo\/2019\/12\/aeroporto-de-salvador-conclui-1a-etapa-das-obras-de-ampliacao-e-melhorias\/"},"modified":"2019-12-11T20:51:41","modified_gmt":"2019-12-11T23:51:41","slug":"aeroporto-de-salvador-conclui-1a-etapa-das-obras-de-ampliacao-e-melhorias","status":"publish","type":"post","link":"https:\/\/verde-amarelo.net\/verdeamarelo\/2019\/12\/aeroporto-de-salvador-conclui-1a-etapa-das-obras-de-ampliacao-e-melhorias\/","title":{"rendered":"Aeroporto de Salvador conclui 1\u00aa etapa das obras de amplia\u00e7\u00e3o e melhorias"},"content":{"rendered":"<p><em><span>Ministro da Infraestrutura participou da solenidade e celebrou programa de concess\u00f5es do governo federal<\/span><\/em><\/p>\n<p><img decoding=\"async\" src=\"data:image\/gif;base64,R0lGODlhAQABAIAAAAAAAP\/\/\/ywAAAAAAQABAAACAUwAOw==\" fifu-lazy=\"1\" fifu-data-sizes=\"auto\" fifu-data-srcset=\"https:\/\/i2.wp.com\/transportes.gov.br\/images\/aeroporto_salvador_101219_CREDITO_RicardoBotelho_MInfra-5.jpeg?ssl=1&w=75&resize=75&ssl=1 75w, https:\/\/i2.wp.com\/transportes.gov.br\/images\/aeroporto_salvador_101219_CREDITO_RicardoBotelho_MInfra-5.jpeg?ssl=1&w=100&resize=100&ssl=1 100w, https:\/\/i2.wp.com\/transportes.gov.br\/images\/aeroporto_salvador_101219_CREDITO_RicardoBotelho_MInfra-5.jpeg?ssl=1&w=150&resize=150&ssl=1 150w, https:\/\/i2.wp.com\/transportes.gov.br\/images\/aeroporto_salvador_101219_CREDITO_RicardoBotelho_MInfra-5.jpeg?ssl=1&w=240&resize=240&ssl=1 240w, https:\/\/i2.wp.com\/transportes.gov.br\/images\/aeroporto_salvador_101219_CREDITO_RicardoBotelho_MInfra-5.jpeg?ssl=1&w=320&resize=320&ssl=1 320w, https:\/\/i2.wp.com\/transportes.gov.br\/images\/aeroporto_salvador_101219_CREDITO_RicardoBotelho_MInfra-5.jpeg?ssl=1&w=500&resize=500&ssl=1 500w, https:\/\/i2.wp.com\/transportes.gov.br\/images\/aeroporto_salvador_101219_CREDITO_RicardoBotelho_MInfra-5.jpeg?ssl=1&w=640&resize=640&ssl=1 640w, https:\/\/i2.wp.com\/transportes.gov.br\/images\/aeroporto_salvador_101219_CREDITO_RicardoBotelho_MInfra-5.jpeg?ssl=1&w=800&resize=800&ssl=1 800w, https:\/\/i2.wp.com\/transportes.gov.br\/images\/aeroporto_salvador_101219_CREDITO_RicardoBotelho_MInfra-5.jpeg?ssl=1&w=1024&resize=1024&ssl=1 1024w, https:\/\/i2.wp.com\/transportes.gov.br\/images\/aeroporto_salvador_101219_CREDITO_RicardoBotelho_MInfra-5.jpeg?ssl=1&w=1280&resize=1280&ssl=1 1280w, https:\/\/i2.wp.com\/transportes.gov.br\/images\/aeroporto_salvador_101219_CREDITO_RicardoBotelho_MInfra-5.jpeg?ssl=1&w=1600&resize=1600&ssl=1 1600w\" fifu-data-src=\"https:\/\/i2.wp.com\/transportes.gov.br\/images\/aeroporto_salvador_101219_CREDITO_RicardoBotelho_MInfra-5.jpeg?ssl=1\" alt=\"aeroporto salvador 101219 CREDITO RicardoBotelho MInfra 5\" width=\"780\" height=\"520\"><\/p>\n<p>O Aeroporto Internacional de Salvador est\u00e1 maior e mais moderno. Com um investimento de R$ 700 milh\u00f5es, o concession\u00e1rio Vinci Airports entregou, nesta quarta-feira (11), a primeira etapa das obras de amplia\u00e7\u00e3o e melhorias do aer\u00f3dromo baiano. O ministro da Infraestrutura, Tarc\u00edsio Gomes de Freitas, participou da cerim\u00f4nia ao lado do governador da Bahia, Rui Costa, do prefeito de Salvador, ACM Neto, do secret\u00e1rio nacional de Avia\u00e7\u00e3o Civil, Ronei Glanzmann, e de executivos do grupo Vinci.<\/p>&nbsp;&nbsp;\n<p>O ministro Tarc\u00edsio de Freitas elencou investimentos no estado da Bahia &#8211; em estradas, portos, aeroportos regionais e rodovias &#8211; e fez um balan\u00e7o do programa de concess\u00f5es de ativos de infraestrutura do governo federal, projetando os pr\u00f3ximos anos. \u201cO governo federal vai investir, no total, cerca de R$ 10 bilh\u00f5es no estado nos pr\u00f3ximos anos\u201d, afirmou Freitas. \u201cIsso \u00e9 uma demonstra\u00e7\u00e3o do apre\u00e7o, do esfor\u00e7o e da import\u00e2ncia da Bahia no \u00e2mbito do nosso planejamento de transportes\u201d.<\/p>&nbsp;&nbsp;\n<p>Sobre as concess\u00f5es, o ministro lembrou que, ao longo de 2019, foram leiloados 27 empreendimentos, entre aeroportos, uma rodovia, portos e uma ferrovia. At\u00e9 2022, dever\u00e3o ser concedidos projetos que demandar\u00e3o R$ 217 bilh\u00f5es em investimentos privados ao longo dos pr\u00f3ximos 30 anos.<\/p>&nbsp;&nbsp;\n<p>Freitas comemorou os investimentos e a entrega em dia das obras do Aeroporto de Salvador. O cronograma e as exig\u00eancias do contrato de concess\u00e3o do governo federal com a Vinci para a primeira fase das obras foram cumpridos. No total, o terminal de passageiros ganhou mais 22 mil metros quadrados de \u00e1rea constru\u00edda, a exemplo da amplia\u00e7\u00e3o da \u00e1rea de embarque e do novo p\u00eder, com seis pontes de acoplagem de aeronaves. As melhorias permitiram o aumento da capacidade operacional do aeroporto de 10 milh\u00f5es para 15 milh\u00f5es de passageiros por ano.<\/p>&nbsp;&nbsp;\n<p><img decoding=\"async\" src=\"data:image\/gif;base64,R0lGODlhAQABAIAAAAAAAP\/\/\/ywAAAAAAQABAAACAUwAOw==\" fifu-lazy=\"1\" fifu-data-sizes=\"auto\" fifu-data-srcset=\"https:\/\/i2.wp.com\/transportes.gov.br\/images\/aeroporto_salvador_101219_CREDITO_RicardoBotelho_MInfra-2.jpeg?ssl=1&w=75&resize=75&ssl=1 75w, https:\/\/i2.wp.com\/transportes.gov.br\/images\/aeroporto_salvador_101219_CREDITO_RicardoBotelho_MInfra-2.jpeg?ssl=1&w=100&resize=100&ssl=1 100w, https:\/\/i2.wp.com\/transportes.gov.br\/images\/aeroporto_salvador_101219_CREDITO_RicardoBotelho_MInfra-2.jpeg?ssl=1&w=150&resize=150&ssl=1 150w, https:\/\/i2.wp.com\/transportes.gov.br\/images\/aeroporto_salvador_101219_CREDITO_RicardoBotelho_MInfra-2.jpeg?ssl=1&w=240&resize=240&ssl=1 240w, https:\/\/i2.wp.com\/transportes.gov.br\/images\/aeroporto_salvador_101219_CREDITO_RicardoBotelho_MInfra-2.jpeg?ssl=1&w=320&resize=320&ssl=1 320w, https:\/\/i2.wp.com\/transportes.gov.br\/images\/aeroporto_salvador_101219_CREDITO_RicardoBotelho_MInfra-2.jpeg?ssl=1&w=500&resize=500&ssl=1 500w, https:\/\/i2.wp.com\/transportes.gov.br\/images\/aeroporto_salvador_101219_CREDITO_RicardoBotelho_MInfra-2.jpeg?ssl=1&w=640&resize=640&ssl=1 640w, https:\/\/i2.wp.com\/transportes.gov.br\/images\/aeroporto_salvador_101219_CREDITO_RicardoBotelho_MInfra-2.jpeg?ssl=1&w=800&resize=800&ssl=1 800w, https:\/\/i2.wp.com\/transportes.gov.br\/images\/aeroporto_salvador_101219_CREDITO_RicardoBotelho_MInfra-2.jpeg?ssl=1&w=1024&resize=1024&ssl=1 1024w, https:\/\/i2.wp.com\/transportes.gov.br\/images\/aeroporto_salvador_101219_CREDITO_RicardoBotelho_MInfra-2.jpeg?ssl=1&w=1280&resize=1280&ssl=1 1280w, https:\/\/i2.wp.com\/transportes.gov.br\/images\/aeroporto_salvador_101219_CREDITO_RicardoBotelho_MInfra-2.jpeg?ssl=1&w=1600&resize=1600&ssl=1 1600w\" fifu-data-src=\"https:\/\/i2.wp.com\/transportes.gov.br\/images\/aeroporto_salvador_101219_CREDITO_RicardoBotelho_MInfra-2.jpeg?ssl=1\" alt=\"aeroporto salvador 101219 CREDITO RicardoBotelho MInfra 2\" width=\"780\" height=\"520\"><\/p>\n<p><strong>EFICI\u00caNCIA ENERG\u00c9TICA &#8211;<\/strong> As duas pistas foram reformadas, trazendo mais seguran\u00e7a para as opera\u00e7\u00f5es. A habilita\u00e7\u00e3o da pista auxiliar para receber aeronaves de at\u00e9 36m de envergadura, como o Boeing 737 e Airbus A320, permitiu que a mesma passasse a ser melhor aproveitada pela avia\u00e7\u00e3o comercial. A maior parte da frota da avia\u00e7\u00e3o dom\u00e9stica \u00e9 formada por avi\u00f5es desse porte. Outras mudan\u00e7as estruturais v\u00e3o aumentar a seguran\u00e7a e a efici\u00eancia do aeroporto, como a amplia\u00e7\u00e3o do p\u00e1tio de aeronaves em 45 mil metros quadrados, a renova\u00e7\u00e3o das subesta\u00e7\u00f5es de energia el\u00e9trica, a instala\u00e7\u00e3o de um sistema de detec\u00e7\u00e3o e combate a inc\u00eandio em 100% do terminal de passageiros e a implanta\u00e7\u00e3o de um sistema de automatiza\u00e7\u00e3o das opera\u00e7\u00f5es.<\/p>&nbsp;&nbsp;\n<p>Tamb\u00e9m foram constru\u00eddas uma Esta\u00e7\u00e3o de Tratamento de Efluentes, que permitiu o reuso de \u00e1gua, e uma nova Central de Res\u00edduos para aumentar a taxa de reciclagem. Em busca da efici\u00eancia energ\u00e9tica, foram instaladas l\u00e2mpadas de LED em todo o terminal, equipamentos antigos foram trocados e est\u00e1 em andamento a implanta\u00e7\u00e3o da usina de energia solar. O Aeroporto de Salvador, segundo o grupo Vinci, ser\u00e1 o primeiro do pa\u00eds a produzir energia suficiente para prover parte significativa de sua demanda di\u00e1ria.<\/p>&nbsp;&nbsp;\n<p>Os investimentos contemplaram ainda a renova\u00e7\u00e3o do sistema de refrigera\u00e7\u00e3o e a amplia\u00e7\u00e3o da \u00e1rea comercial. At\u00e9 janeiro de 2020, a previs\u00e3o do concession\u00e1rio \u00e9 a de que tenham sido inaugurados cerca de 50 estabelecimentos, entre op\u00e7\u00f5es de varejo, alimenta\u00e7\u00e3o e servi\u00e7os.<\/p>&nbsp;&nbsp;\n<p><img decoding=\"async\" src=\"data:image\/gif;base64,R0lGODlhAQABAIAAAAAAAP\/\/\/ywAAAAAAQABAAACAUwAOw==\" fifu-lazy=\"1\" fifu-data-sizes=\"auto\" fifu-data-srcset=\"https:\/\/i1.wp.com\/transportes.gov.br\/images\/aeroporto_salvador_101219_CREDITO_RicardoBotelho_MInfra.jpeg?ssl=1&w=75&resize=75&ssl=1 75w, https:\/\/i1.wp.com\/transportes.gov.br\/images\/aeroporto_salvador_101219_CREDITO_RicardoBotelho_MInfra.jpeg?ssl=1&w=100&resize=100&ssl=1 100w, https:\/\/i1.wp.com\/transportes.gov.br\/images\/aeroporto_salvador_101219_CREDITO_RicardoBotelho_MInfra.jpeg?ssl=1&w=150&resize=150&ssl=1 150w, https:\/\/i1.wp.com\/transportes.gov.br\/images\/aeroporto_salvador_101219_CREDITO_RicardoBotelho_MInfra.jpeg?ssl=1&w=240&resize=240&ssl=1 240w, https:\/\/i1.wp.com\/transportes.gov.br\/images\/aeroporto_salvador_101219_CREDITO_RicardoBotelho_MInfra.jpeg?ssl=1&w=320&resize=320&ssl=1 320w, https:\/\/i1.wp.com\/transportes.gov.br\/images\/aeroporto_salvador_101219_CREDITO_RicardoBotelho_MInfra.jpeg?ssl=1&w=500&resize=500&ssl=1 500w, https:\/\/i1.wp.com\/transportes.gov.br\/images\/aeroporto_salvador_101219_CREDITO_RicardoBotelho_MInfra.jpeg?ssl=1&w=640&resize=640&ssl=1 640w, https:\/\/i1.wp.com\/transportes.gov.br\/images\/aeroporto_salvador_101219_CREDITO_RicardoBotelho_MInfra.jpeg?ssl=1&w=800&resize=800&ssl=1 800w, https:\/\/i1.wp.com\/transportes.gov.br\/images\/aeroporto_salvador_101219_CREDITO_RicardoBotelho_MInfra.jpeg?ssl=1&w=1024&resize=1024&ssl=1 1024w, https:\/\/i1.wp.com\/transportes.gov.br\/images\/aeroporto_salvador_101219_CREDITO_RicardoBotelho_MInfra.jpeg?ssl=1&w=1280&resize=1280&ssl=1 1280w, https:\/\/i1.wp.com\/transportes.gov.br\/images\/aeroporto_salvador_101219_CREDITO_RicardoBotelho_MInfra.jpeg?ssl=1&w=1600&resize=1600&ssl=1 1600w\" fifu-data-src=\"https:\/\/i1.wp.com\/transportes.gov.br\/images\/aeroporto_salvador_101219_CREDITO_RicardoBotelho_MInfra.jpeg?ssl=1\" alt=\"aeroporto salvador 101219 CREDITO RicardoBotelho MInfra\" width=\"780\" height=\"520\"><\/p>\n<p><strong>PR\u00d3XIMAS CONCESS\u00d5ES &#8211;<\/strong> <span>A segunda etapa das obras j\u00e1 teve in\u00edcio em 1\u00ba de novembro e tem prazo at\u00e9 outubro de 2021 para conclus\u00e3o. Com volume de interven\u00e7\u00f5es menor do que o registrado na primeira fase, contempla o acr\u00e9scimo de dez posi\u00e7\u00f5es de check-in, a implanta\u00e7\u00e3o de mais duas pontes de embarque e a amplia\u00e7\u00e3o do n\u00famero de canais de inspe\u00e7\u00e3o nas \u00e1reas dom\u00e9stica e internacional.<\/span><\/p>\n<p>Salvador \u00e9 o terceiro aeroporto concedido na 4\u00aa rodada a ter obras entregues neste ano, depois de Florian\u00f3polis (28 de setembro) e Porto Alegre (19 de novembro). O pr\u00f3ximo aeroporto concedido a concluir a primeira etapa de melhorias \u00e9 o de Fortaleza, ainda sem data para a solenidade. Todos os concession\u00e1rios est\u00e3o cumprindo o cronograma.<\/p>&nbsp;&nbsp;\n<p>Em 2020, outros 22 aeroportos, divididos em tr\u00eas blocos regionais, ser\u00e3o concedidos ao setor privado, durante a 6\u00aa rodada, incluindo os de capitais como Curitiba\/PR, Manaus\/AM e Goi\u00e2nia\/GO. Em 2022, 19 aeroportos, incluindo S\u00e3o Paulo\/Congonhas e Rio de Janeiro\/Santos Dumont, devem ser leiloados na 7\u00aa rodada. Os investimentos privados previstos nas concess\u00f5es da <span>6\u00aa e da&nbsp;<\/span><span>7\u00aa rodadas&nbsp;<\/span>somam R$ 10,27 bilh\u00f5es, divididos ao longo dos pr\u00f3ximos 30 anos.<\/p>&nbsp;&nbsp;\n<p><strong>Fotos Ricardo Botelho \/ MInfra<\/strong><\/p>\n<p><strong>Assessoria Especial de Comunica\u00e7\u00e3o<\/strong><\/p>\n<p><strong>Minist\u00e9rio da Infraestrutura<\/strong><\/p>\n<p><a href=\"http:\/\/transportes.gov.br\/ultimas-noticias\/9365-aeroporto-de-salvador-conclui-1%C2%AA-etapa-das-obras-de-amplia%C3%A7%C3%A3o-e-melhorias.html\" target=\"_blank\" rel=\"noopener noreferrer\">Mais em http:\/\/transportes.gov.br\/ultimas-noticias\/9365-aeroporto-de-salvador-conclui-1%C2%AA-etapa-das-obras-de-amplia%C3%A7%C3%A3o-e-melhorias.html<\/a><\/p>\n","protected":false},"excerpt":{"rendered":"<p>Ministro da Infraestrutura participou da solenidade e celebrou programa de concess\u00f5es do governo federal O&#8230;<\/p>\n","protected":false},"author":1,"featured_media":0,"comment_status":"open","ping_status":"open","sticky":false,"template":"","format":"standard","meta":{"fifu_image_url":"","fifu_image_alt":"","footnotes":""},"categories":[727],"tags":[7760],"class_list":["post-77162","post","type-post","status-publish","format-standard","hentry","category-noticias","tag-ultimas-noticias","wpcat-727-id"],"_links":{"self":[{"href":"https:\/\/verde-amarelo.net\/verdeamarelo\/wp-json\/wp\/v2\/posts\/77162","targetHints":{"allow":["GET"]}}],"collection":[{"href":"https:\/\/verde-amarelo.net\/verdeamarelo\/wp-json\/wp\/v2\/posts"}],"about":[{"href":"https:\/\/verde-amarelo.net\/verdeamarelo\/wp-json\/wp\/v2\/types\/post"}],"author":[{"embeddable":true,"href":"https:\/\/verde-amarelo.net\/verdeamarelo\/wp-json\/wp\/v2\/users\/1"}],"replies":[{"embeddable":true,"href":"https:\/\/verde-amarelo.net\/verdeamarelo\/wp-json\/wp\/v2\/comments?post=77162"}],"version-history":[{"count":0,"href":"https:\/\/verde-amarelo.net\/verdeamarelo\/wp-json\/wp\/v2\/posts\/77162\/revisions"}],"wp:attachment":[{"href":"https:\/\/verde-amarelo.net\/verdeamarelo\/wp-json\/wp\/v2\/media?parent=77162"}],"wp:term":[{"taxonomy":"category","embeddable":true,"href":"https:\/\/verde-amarelo.net\/verdeamarelo\/wp-json\/wp\/v2\/categories?post=77162"},{"taxonomy":"post_tag","embeddable":true,"href":"https:\/\/verde-amarelo.net\/verdeamarelo\/wp-json\/wp\/v2\/tags?post=77162"}],"curies":[{"name":"wp","href":"https:\/\/api.w.org\/{rel}","templated":true}]}}