{"id":77163,"date":"2019-12-11T18:19:22","date_gmt":"2019-12-11T21:19:22","guid":{"rendered":"https:\/\/verde-amarelo.net\/verdeamarelo\/2019\/12\/ministerio-da-infraestrutura-realiza-o-3o-ciclo-de-planejamento-portuario-2015-2019\/"},"modified":"2019-12-11T18:19:22","modified_gmt":"2019-12-11T21:19:22","slug":"ministerio-da-infraestrutura-realiza-o-3o-ciclo-de-planejamento-portuario-2015-2019","status":"publish","type":"post","link":"https:\/\/verde-amarelo.net\/verdeamarelo\/2019\/12\/ministerio-da-infraestrutura-realiza-o-3o-ciclo-de-planejamento-portuario-2015-2019\/","title":{"rendered":"Minist\u00e9rio da Infraestrutura realiza o 3\u00ba Ciclo de Planejamento Portu\u00e1rio 2015-2019"},"content":{"rendered":"<p><em>Encontro reuniu autoridades e servidores da Pasta e entidades vinculadas, al\u00e9m de institui\u00e7\u00f5es do setor&nbsp;<\/em><\/p>\n<p><img decoding=\"async\" src=\"data:image\/gif;base64,R0lGODlhAQABAIAAAAAAAP\/\/\/ywAAAAAAQABAAACAUwAOw==\" fifu-lazy=\"1\" fifu-data-sizes=\"auto\" fifu-data-srcset=\"https:\/\/i1.wp.com\/transportes.gov.br\/images\/2019_canal_servidor\/12\/ciclo_11.jpeg?ssl=1&w=75&resize=75&ssl=1 75w, https:\/\/i1.wp.com\/transportes.gov.br\/images\/2019_canal_servidor\/12\/ciclo_11.jpeg?ssl=1&w=100&resize=100&ssl=1 100w, https:\/\/i1.wp.com\/transportes.gov.br\/images\/2019_canal_servidor\/12\/ciclo_11.jpeg?ssl=1&w=150&resize=150&ssl=1 150w, https:\/\/i1.wp.com\/transportes.gov.br\/images\/2019_canal_servidor\/12\/ciclo_11.jpeg?ssl=1&w=240&resize=240&ssl=1 240w, https:\/\/i1.wp.com\/transportes.gov.br\/images\/2019_canal_servidor\/12\/ciclo_11.jpeg?ssl=1&w=320&resize=320&ssl=1 320w, https:\/\/i1.wp.com\/transportes.gov.br\/images\/2019_canal_servidor\/12\/ciclo_11.jpeg?ssl=1&w=500&resize=500&ssl=1 500w, https:\/\/i1.wp.com\/transportes.gov.br\/images\/2019_canal_servidor\/12\/ciclo_11.jpeg?ssl=1&w=640&resize=640&ssl=1 640w, https:\/\/i1.wp.com\/transportes.gov.br\/images\/2019_canal_servidor\/12\/ciclo_11.jpeg?ssl=1&w=800&resize=800&ssl=1 800w, https:\/\/i1.wp.com\/transportes.gov.br\/images\/2019_canal_servidor\/12\/ciclo_11.jpeg?ssl=1&w=1024&resize=1024&ssl=1 1024w, https:\/\/i1.wp.com\/transportes.gov.br\/images\/2019_canal_servidor\/12\/ciclo_11.jpeg?ssl=1&w=1280&resize=1280&ssl=1 1280w, https:\/\/i1.wp.com\/transportes.gov.br\/images\/2019_canal_servidor\/12\/ciclo_11.jpeg?ssl=1&w=1600&resize=1600&ssl=1 1600w\" fifu-data-src=\"https:\/\/i1.wp.com\/transportes.gov.br\/images\/2019_canal_servidor\/12\/ciclo_11.jpeg?ssl=1\" alt=\"ciclo 11\" width=\"750\" height=\"500\"><\/p>\n<p>Com o objetivo de apresentar a atualiza\u00e7\u00e3o dos Instrumentos de Planejamento Portu\u00e1rio do Governo Federal dos principais complexos de portos do pa\u00eds \u2013 o Plano Nacional de Log\u00edstica Portu\u00e1ria (PNLP) e o Planos Mestres &#8211; foi realizado, nesta quarta-feira (11), em Bras\u00edlia, o 3\u00ba Ciclo de Planejamento Portu\u00e1rio 2015-2019. Esses planos t\u00eam a finalidade de proporcionar modelos de gest\u00e3o capazes de tornar os portos nacionais cada vez mais rent\u00e1veis, competitivos, autossustent\u00e1veis e aut\u00f4nomos.&nbsp;<\/p>\n<p><img decoding=\"async\" src=\"data:image\/gif;base64,R0lGODlhAQABAIAAAAAAAP\/\/\/ywAAAAAAQABAAACAUwAOw==\" fifu-lazy=\"1\" fifu-data-sizes=\"auto\" fifu-data-srcset=\"https:\/\/i3.wp.com\/transportes.gov.br\/images\/2019_canal_servidor\/12\/ciclo_4.jpeg?ssl=1&w=75&resize=75&ssl=1 75w, https:\/\/i3.wp.com\/transportes.gov.br\/images\/2019_canal_servidor\/12\/ciclo_4.jpeg?ssl=1&w=100&resize=100&ssl=1 100w, https:\/\/i3.wp.com\/transportes.gov.br\/images\/2019_canal_servidor\/12\/ciclo_4.jpeg?ssl=1&w=150&resize=150&ssl=1 150w, https:\/\/i3.wp.com\/transportes.gov.br\/images\/2019_canal_servidor\/12\/ciclo_4.jpeg?ssl=1&w=240&resize=240&ssl=1 240w, https:\/\/i3.wp.com\/transportes.gov.br\/images\/2019_canal_servidor\/12\/ciclo_4.jpeg?ssl=1&w=320&resize=320&ssl=1 320w, https:\/\/i3.wp.com\/transportes.gov.br\/images\/2019_canal_servidor\/12\/ciclo_4.jpeg?ssl=1&w=500&resize=500&ssl=1 500w, https:\/\/i3.wp.com\/transportes.gov.br\/images\/2019_canal_servidor\/12\/ciclo_4.jpeg?ssl=1&w=640&resize=640&ssl=1 640w, https:\/\/i3.wp.com\/transportes.gov.br\/images\/2019_canal_servidor\/12\/ciclo_4.jpeg?ssl=1&w=800&resize=800&ssl=1 800w, https:\/\/i3.wp.com\/transportes.gov.br\/images\/2019_canal_servidor\/12\/ciclo_4.jpeg?ssl=1&w=1024&resize=1024&ssl=1 1024w, https:\/\/i3.wp.com\/transportes.gov.br\/images\/2019_canal_servidor\/12\/ciclo_4.jpeg?ssl=1&w=1280&resize=1280&ssl=1 1280w, https:\/\/i3.wp.com\/transportes.gov.br\/images\/2019_canal_servidor\/12\/ciclo_4.jpeg?ssl=1&w=1600&resize=1600&ssl=1 1600w\" fifu-data-src=\"https:\/\/i3.wp.com\/transportes.gov.br\/images\/2019_canal_servidor\/12\/ciclo_4.jpeg?ssl=1\" alt=\"ciclo 4\" width=\"340\" height=\"243\">O secret\u00e1rio-Executivo da Pasta, Marcelo Sampaio, destacou a import\u00e2ncia da elabora\u00e7\u00e3o desses planejamentos para o minist\u00e9rio e para o pa\u00eds. \u201cDe 2010 at\u00e9 hoje, n\u00f3s tivemos uma movimenta\u00e7\u00e3o de aproximadamente 1 bilh\u00e3o de toneladas de cargas, o que equivale a um crescimento de mais de 33%. Isso mostra uma resili\u00eancia muito grande do setor\u201d, destacou Sampaio. \u201cTemos um modelo robusto, que nos d\u00e1 seguran\u00e7a estrat\u00e9gica. Direcionando tudo isso, possu\u00edmos uma equipe de t\u00e9cnicos comprometida em entregar \u00f3timos resultados \u00e0 sociedade\u201d, finalizou.&nbsp;<\/p>\n<p>A secret\u00e1ria de Fomento, Planejamento e Parcerias (SFPP), Nat\u00e1lia Marcassa,&nbsp;apresentou as expectativas para pr\u00f3ximo ciclo de Planejamento Portu\u00e1rio. \u201cO objetivo \u00e9 que at\u00e9 o final de 2020 possamos consolidar um Plano Nacional de Log\u00edstica com metodologias integradas entre os quatro modais de transportes\u201d, salientou Marcassa. Dentro desse entendimento, Diogo Piloni, secret\u00e1rio Nacional de Portos e Transportes Aquavi\u00e1rios (SNPTA), explicou que a prioridade para a continua\u00e7\u00e3o dos trabalhos \u00e9 consolidar cada vez mais um planejamento portu\u00e1rio que integre todo o setor de transportes.&nbsp;<\/p>\n<p>Durante as exposi\u00e7\u00f5es t\u00e9cnicas, realizadas por representantes do Laborat\u00f3rio de Transportes e Log\u00edstica (LabTrans) da Universidade Federal de Santa Catarina (UFSC) \u2013 parceira do Minist\u00e9rio na elabora\u00e7\u00e3o dos Planos \u2013 foram apresentados os principais resultados decorrentes da atividade de planejamento setorial desenvolvida nos \u00faltimos 4 anos, que subsidiam os investimentos p\u00fablicos e privados nos portos organizados de todo pa\u00eds. Al\u00e9m disso, foram abordados os pr\u00f3ximos desafios que dever\u00e3o inspirar a pauta do setor nos pr\u00f3ximos anos.&nbsp;<\/p>\n<p><strong>PNPL E PLANOS MESTRES<\/strong> \u2013&nbsp;Em um esfor\u00e7o do Governo Federal para estimular na melhoria a gest\u00e3o dos portos, no dia 08 de janeiro de 2014 foi publicada no Di\u00e1rio Oficial da Uni\u00e3o a&nbsp;<a href=\"http:\/\/pesquisa.in.gov.br\/imprensa\/jsp\/visualiza\/index.jsp?jornal=1&amp;pagina=1&amp;data=08\/01\/2014\" target=\"_blank\" rel=\"noopener noreferrer\">Portaria SEP\/PR n\u00ba 03<\/a>, que institucionalizou, al\u00e9m do&nbsp;<a href=\"https:\/\/www.infraestrutura.gov.br\/planejamento-portuario\/113-politica-e-planejamento-de-transportes\/5424-plano-nacional-de-log.html?iacute;stica-portu=&amp;aacute;ria-pnlp=\" target=\"_blank\" rel=\"noopener noreferrer\">PNLP<\/a>&nbsp;e do&nbsp;<a href=\"https:\/\/www.infraestrutura.gov.br\/planejamento-portuario\/113-politica-e-planejamento-de-transportes\/5426-planos-mestres.html\" target=\"_blank\" rel=\"noopener noreferrer\">Plano Mestre<\/a>, os demais instrumentos que passaram a formar o conjunto do planejamento do setor portu\u00e1rio nacional: o Plano de Desenvolvimento e Zoneamento (PDZ) e o Plano Geral de Outorgas (PGO).&nbsp;<\/p>\n<p><strong>Assessoria Especial de Comunica\u00e7\u00e3o<\/strong><br \/><strong>Minist\u00e9rio da Infraestrutura<\/strong><\/p>\n<p><a href=\"http:\/\/transportes.gov.br\/ultimas-noticias\/9364-minist%C3%A9rio-da-infraestrutura-realiza-o-3%C2%BA-ciclo-de-planejamento-portu%C3%A1rio-2015-2020.html\" target=\"_blank\" rel=\"noopener noreferrer\">Mais em http:\/\/transportes.gov.br\/ultimas-noticias\/9364-minist%C3%A9rio-da-infraestrutura-realiza-o-3%C2%BA-ciclo-de-planejamento-portu%C3%A1rio-2015-2020.html<\/a><\/p>\n","protected":false},"excerpt":{"rendered":"<p>Encontro reuniu autoridades e servidores da Pasta e entidades vinculadas, al\u00e9m de institui\u00e7\u00f5es do setor&nbsp;&#8230;<\/p>\n","protected":false},"author":1,"featured_media":0,"comment_status":"open","ping_status":"open","sticky":false,"template":"","format":"standard","meta":{"fifu_image_url":"","fifu_image_alt":"","footnotes":""},"categories":[727],"tags":[7760],"class_list":["post-77163","post","type-post","status-publish","format-standard","hentry","category-noticias","tag-ultimas-noticias","wpcat-727-id"],"_links":{"self":[{"href":"https:\/\/verde-amarelo.net\/verdeamarelo\/wp-json\/wp\/v2\/posts\/77163","targetHints":{"allow":["GET"]}}],"collection":[{"href":"https:\/\/verde-amarelo.net\/verdeamarelo\/wp-json\/wp\/v2\/posts"}],"about":[{"href":"https:\/\/verde-amarelo.net\/verdeamarelo\/wp-json\/wp\/v2\/types\/post"}],"author":[{"embeddable":true,"href":"https:\/\/verde-amarelo.net\/verdeamarelo\/wp-json\/wp\/v2\/users\/1"}],"replies":[{"embeddable":true,"href":"https:\/\/verde-amarelo.net\/verdeamarelo\/wp-json\/wp\/v2\/comments?post=77163"}],"version-history":[{"count":0,"href":"https:\/\/verde-amarelo.net\/verdeamarelo\/wp-json\/wp\/v2\/posts\/77163\/revisions"}],"wp:attachment":[{"href":"https:\/\/verde-amarelo.net\/verdeamarelo\/wp-json\/wp\/v2\/media?parent=77163"}],"wp:term":[{"taxonomy":"category","embeddable":true,"href":"https:\/\/verde-amarelo.net\/verdeamarelo\/wp-json\/wp\/v2\/categories?post=77163"},{"taxonomy":"post_tag","embeddable":true,"href":"https:\/\/verde-amarelo.net\/verdeamarelo\/wp-json\/wp\/v2\/tags?post=77163"}],"curies":[{"name":"wp","href":"https:\/\/api.w.org\/{rel}","templated":true}]}}