{"id":77170,"date":"2019-12-12T03:34:36","date_gmt":"2019-12-12T06:34:36","guid":{"rendered":"https:\/\/verde-amarelo.net\/verdeamarelo\/2019\/12\/luandre-oferece-mais-de-300-vagas-em-logstica-s-vsperas-do-natal\/"},"modified":"2019-12-12T03:34:36","modified_gmt":"2019-12-12T06:34:36","slug":"luandre-oferece-mais-de-300-vagas-em-logstica-s-vsperas-do-natal","status":"publish","type":"post","link":"https:\/\/verde-amarelo.net\/verdeamarelo\/2019\/12\/luandre-oferece-mais-de-300-vagas-em-logstica-s-vsperas-do-natal\/","title":{"rendered":"Luandre oferece mais de 300 vagas em log&iacute;stica &agrave;s v&eacute;speras do Natal"},"content":{"rendered":"<\/p>\n<div style=\"FONT-SIZE: 11pt; TEXT-ALIGN: justify\">\n<p><img decoding=\"async\" src=\"data:image\/gif;base64,R0lGODlhAQABAIAAAAAAAP\/\/\/ywAAAAAAQABAAACAUwAOw==\" fifu-lazy=\"1\" fifu-data-sizes=\"auto\" fifu-data-srcset=\"https:\/\/i2.wp.com\/files.pressmanager.net\/clientes\/6ff27ba1bb4216a8f34aeba352564347\/imagens\/2019\/05\/23\/3937dc95b3616c9e737485f7a8bce63e.png?ssl=1&w=75&resize=75&ssl=1 75w, https:\/\/i2.wp.com\/files.pressmanager.net\/clientes\/6ff27ba1bb4216a8f34aeba352564347\/imagens\/2019\/05\/23\/3937dc95b3616c9e737485f7a8bce63e.png?ssl=1&w=100&resize=100&ssl=1 100w, https:\/\/i2.wp.com\/files.pressmanager.net\/clientes\/6ff27ba1bb4216a8f34aeba352564347\/imagens\/2019\/05\/23\/3937dc95b3616c9e737485f7a8bce63e.png?ssl=1&w=150&resize=150&ssl=1 150w, https:\/\/i2.wp.com\/files.pressmanager.net\/clientes\/6ff27ba1bb4216a8f34aeba352564347\/imagens\/2019\/05\/23\/3937dc95b3616c9e737485f7a8bce63e.png?ssl=1&w=240&resize=240&ssl=1 240w, https:\/\/i2.wp.com\/files.pressmanager.net\/clientes\/6ff27ba1bb4216a8f34aeba352564347\/imagens\/2019\/05\/23\/3937dc95b3616c9e737485f7a8bce63e.png?ssl=1&w=320&resize=320&ssl=1 320w, https:\/\/i2.wp.com\/files.pressmanager.net\/clientes\/6ff27ba1bb4216a8f34aeba352564347\/imagens\/2019\/05\/23\/3937dc95b3616c9e737485f7a8bce63e.png?ssl=1&w=500&resize=500&ssl=1 500w, https:\/\/i2.wp.com\/files.pressmanager.net\/clientes\/6ff27ba1bb4216a8f34aeba352564347\/imagens\/2019\/05\/23\/3937dc95b3616c9e737485f7a8bce63e.png?ssl=1&w=640&resize=640&ssl=1 640w, https:\/\/i2.wp.com\/files.pressmanager.net\/clientes\/6ff27ba1bb4216a8f34aeba352564347\/imagens\/2019\/05\/23\/3937dc95b3616c9e737485f7a8bce63e.png?ssl=1&w=800&resize=800&ssl=1 800w, https:\/\/i2.wp.com\/files.pressmanager.net\/clientes\/6ff27ba1bb4216a8f34aeba352564347\/imagens\/2019\/05\/23\/3937dc95b3616c9e737485f7a8bce63e.png?ssl=1&w=1024&resize=1024&ssl=1 1024w, https:\/\/i2.wp.com\/files.pressmanager.net\/clientes\/6ff27ba1bb4216a8f34aeba352564347\/imagens\/2019\/05\/23\/3937dc95b3616c9e737485f7a8bce63e.png?ssl=1&w=1280&resize=1280&ssl=1 1280w, https:\/\/i2.wp.com\/files.pressmanager.net\/clientes\/6ff27ba1bb4216a8f34aeba352564347\/imagens\/2019\/05\/23\/3937dc95b3616c9e737485f7a8bce63e.png?ssl=1&w=1600&resize=1600&ssl=1 1600w\" style=\"FLOAT: right; DISPLAY: inline\" alt=Luandre   fifu-data-src=\"https:\/\/i2.wp.com\/files.pressmanager.net\/clientes\/6ff27ba1bb4216a8f34aeba352564347\/imagens\/2019\/05\/23\/3937dc95b3616c9e737485f7a8bce63e.png?ssl=1\"   align=right>A Black Friday definitivamente movimentou o setor de log\u00edstica no   Brasil \u2013 n\u00e3o s\u00f3 as vendas em lojas f\u00edsicas cresceram, mas tamb\u00e9m as vendas   online. Segundo levantamento da Ebit|Nielsen o varejo brasileiro online faturou   R$ 3,2 bilh\u00f5es na <strong>Black Friday<\/strong> de 2019 &#8212; dado referente \u00e0   receita registrada na quinta-feira (28), e na sexta-feira (29). O montante   representa alta de 23,6% em rela\u00e7\u00e3o \u00e0 edi\u00e7\u00e3o de 2018, quando as vendas somaram   R$ 2,6 bilh\u00f5es.<\/p>&nbsp;&nbsp;\n<p>O com\u00e9rcio online continua com \u00f3timas perspectivas em dezembro, com a   aproxima\u00e7\u00e3o do Natal, o que significa que o setor de log\u00edstica segue agitado. Na   Luandre, uma das maiores consultorias de RH do pa\u00eds, h\u00e1 um total de 394 vagas,   quase 300 tempor\u00e1rias, confira:<\/p>\n<p><u>Efetivas: 106 vagas<\/u><\/p>\n<p>Empacotador&nbsp;&nbsp;&nbsp;&nbsp;&nbsp;&nbsp;&nbsp;&nbsp;&nbsp;&nbsp;&nbsp;&nbsp;&nbsp;&nbsp;&nbsp;&nbsp;&nbsp;&nbsp;&nbsp;&nbsp;&nbsp;&nbsp;&nbsp;&nbsp;&nbsp;&nbsp;&nbsp;&nbsp;&nbsp;&nbsp;&nbsp;&nbsp;&nbsp;&nbsp;&nbsp;&nbsp;&nbsp;&nbsp;   R$ 1.000,00 \u2013 R$ 1.500,00<\/p>\n<p>Auxiliar de   Armaz\u00e9m&nbsp;&nbsp;&nbsp;&nbsp;&nbsp;&nbsp;&nbsp;&nbsp;&nbsp;&nbsp;&nbsp;&nbsp;&nbsp;&nbsp;&nbsp;&nbsp;&nbsp;&nbsp;&nbsp;&nbsp;&nbsp;&nbsp;&nbsp;&nbsp;&nbsp;&nbsp;   R$ 1.000,00 \u2013 R$ 1.500,00<\/p>\n<p>Auxiliar de   Log\u00edstica&nbsp;&nbsp;&nbsp;&nbsp;&nbsp;&nbsp;&nbsp;&nbsp;&nbsp;&nbsp;&nbsp;&nbsp;&nbsp;&nbsp;&nbsp;&nbsp;&nbsp;&nbsp;&nbsp;&nbsp;&nbsp;&nbsp;&nbsp;&nbsp;&nbsp;&nbsp;&nbsp;   R$ 1.000,00 \u2013 R$ 1.500,00<\/p>\n<p>Encarregado   Dep\u00f3sito&nbsp;&nbsp;&nbsp;&nbsp;&nbsp;&nbsp;&nbsp;&nbsp;&nbsp;&nbsp;&nbsp;&nbsp;&nbsp;&nbsp;&nbsp;&nbsp;&nbsp;&nbsp;&nbsp;&nbsp;&nbsp;&nbsp;&nbsp;   R$ 2.000,00 \u2013 R$ 3.000,00<\/p>\n<table style=\"COLOR: #000000\" width=\"100%\">\n<tbody>\n<tr>\n<td>\n<p>Encarregado de         Log\u00edstica&nbsp;&nbsp;&nbsp;&nbsp;&nbsp;&nbsp;&nbsp;&nbsp;&nbsp;&nbsp;&nbsp;&nbsp;&nbsp;&nbsp;&nbsp;&nbsp;&nbsp;&nbsp;         R$ 4.000,00 \u2013 R$ 5.000,000<\/p>\n<\/td>\n<td>&nbsp;<\/td>\n<\/tr>\n<\/tbody>\n<\/table>\n<p>&nbsp;<\/p>\n<p><u>Tempor\u00e1rias: 288 vagas<\/u><\/p>\n<p>Auxiliar de   Log\u00edstica&nbsp;&nbsp;&nbsp;&nbsp;&nbsp;&nbsp;&nbsp;&nbsp;&nbsp;&nbsp;&nbsp;&nbsp;&nbsp;&nbsp;&nbsp;&nbsp;&nbsp;&nbsp;&nbsp;&nbsp;&nbsp;&nbsp;&nbsp;&nbsp;&nbsp;&nbsp;&nbsp;&nbsp;   R$ 1.000,00 \u2013 R$ 1.500,00<\/p>\n<p>Operador de   Loja&nbsp;&nbsp;&nbsp;&nbsp;&nbsp;&nbsp;&nbsp;&nbsp;&nbsp;&nbsp;&nbsp;&nbsp;&nbsp;&nbsp;&nbsp;&nbsp;&nbsp;&nbsp;&nbsp;&nbsp;&nbsp;&nbsp;&nbsp;&nbsp;&nbsp;&nbsp;&nbsp;&nbsp;&nbsp;&nbsp;&nbsp;   R$ 1.000,00 \u2013 R$ 1.500,00<\/p>\n<p>Assistente   Administrativo&nbsp;&nbsp;&nbsp;&nbsp;&nbsp;&nbsp;&nbsp;&nbsp;&nbsp;&nbsp;&nbsp;&nbsp;&nbsp;&nbsp;&nbsp;&nbsp;&nbsp;&nbsp;&nbsp;&nbsp;   R$ 1.500,00 \u2013 R$ 2.000,00<\/p>\n<p>Almoxarife   Jr&nbsp;&nbsp;&nbsp;&nbsp;&nbsp;&nbsp;&nbsp;&nbsp;&nbsp;&nbsp;&nbsp;&nbsp;&nbsp;&nbsp;&nbsp;&nbsp;&nbsp;&nbsp;&nbsp;&nbsp;&nbsp;&nbsp;&nbsp;&nbsp;&nbsp;&nbsp;&nbsp;&nbsp;&nbsp;&nbsp;&nbsp;&nbsp;&nbsp;&nbsp;&nbsp;&nbsp;&nbsp;&nbsp;   R$ 3.500,00 \u2013 R$ 4.000,00<\/p>\n<table style=\"COLOR: #000000\" width=\"100%\">\n<tbody>\n<tr>\n<td>\n<p>Analista de Suprimentos         S\u00eanior&nbsp;&nbsp;&nbsp;&nbsp;&nbsp;&nbsp;&nbsp;&nbsp;&nbsp;&nbsp; R$         7.000,00 \u2013 R$ 7.500,000<\/p>\n<\/td>\n<td>&nbsp;<\/td>\n<\/tr>\n<\/tbody>\n<\/table>\n<p>&nbsp;<\/p>\n<p>Os candidatos interessados podem acessar o site da <strong>Luandre<\/strong> e   fazer o cadastro gratuitamente, para participar do processo seletivo: <a   href=\"http:\/\/www.luandre.com.br\/\">www.luandre.com.br<\/a> ou baixar o app da   empresa no celular.<\/p>&nbsp;&nbsp;\n<p>&nbsp;<\/p>\n<p><strong><\/strong>&nbsp;<\/p>\n<p><strong>Sobre a Luandre<\/strong><\/p>\n<p>A Luandre Solu\u00e7\u00f5es em Recursos Humanos tem 49 anos de atua\u00e7\u00e3o e oferece   solu\u00e7\u00f5es t\u00e9cnicas e inovadoras na \u00e1rea de RH. Trabalha com a excel\u00eancia nos   servi\u00e7os prestados e investimento em solu\u00e7\u00f5es criativas, construindo o elo entre   a organiza\u00e7\u00e3o e colaborador, em todas as etapas de desenvolvimento dos Recursos   Humanos.<\/p>&nbsp;&nbsp;\n<p>Em 2018, a empresa chegou \u00e0 marca de 4 mil clientes atendidos, 55 mil   profissionais administrados ao longo do ano e banco com mais de 2 milh\u00f5es de CV   cadastrados. H\u00e1 18 anos consecutivos, concorre ao pr\u00eamio Top Of Mind RH, o qual   j\u00e1 venceu em oito edi\u00e7\u00f5es, na categoria &#8220;Tempor\u00e1rios e Efetivos&#8221;, sendo a mais   recente em 2019. O Diretor de RH, Fernando Medina tamb\u00e9m foi vencedor na   categoria &#8220;Empres\u00e1rio de Destaque &#8211; Fornecedores de RH&#8221;, em 2017. Al\u00e9m disso,   foi reconhecida como uma das 150 Melhores Empresas para Trabalhar, certifica\u00e7\u00e3o   concedida pela Revista Voc\u00ea S\/A.<\/p>&nbsp;&nbsp;\n<p>A Luandre atende 200 das 500 melhores empresas do Brasil com todo seu   know-how em Recrutamento e Sele\u00e7\u00e3o, Administra\u00e7\u00e3o de Pessoal (Tempor\u00e1rios e   CLT), Avalia\u00e7\u00e3o Profissional, Outsourcing e Programas Especiais (Sa\u00fade, Varejo e   Log\u00edstica).<\/p>&nbsp;&nbsp;\n<p>Atualmente, possui 11 unidades em quatro estados: S\u00e3o Paulo (S\u00e3o Paulo, Santo   Andr\u00e9, Guarulhos, Campinas e Jundia\u00ed), Rio de Janeiro (Rio de Janeiro), Paran\u00e1   (Curitiba) e Pernambuco (Recife). Realiza tamb\u00e9m atendimento \u00e0 dist\u00e2ncia em todo   o pa\u00eds.<\/p>&nbsp;&nbsp;\n<p><font size=3 face=Calibri><\/p>\n","protected":false},"excerpt":{"rendered":"<p>A Black Friday definitivamente movimentou o setor de log\u00edstica no Brasil \u2013 n\u00e3o s\u00f3 as&#8230;<\/p>\n","protected":false},"author":1,"featured_media":0,"comment_status":"open","ping_status":"open","sticky":false,"template":"","format":"standard","meta":{"fifu_image_url":"","fifu_image_alt":"","footnotes":""},"categories":[8427],"tags":[],"class_list":["post-77170","post","type-post","status-publish","format-standard","hentry","category-geral","wpcat-8427-id"],"_links":{"self":[{"href":"https:\/\/verde-amarelo.net\/verdeamarelo\/wp-json\/wp\/v2\/posts\/77170","targetHints":{"allow":["GET"]}}],"collection":[{"href":"https:\/\/verde-amarelo.net\/verdeamarelo\/wp-json\/wp\/v2\/posts"}],"about":[{"href":"https:\/\/verde-amarelo.net\/verdeamarelo\/wp-json\/wp\/v2\/types\/post"}],"author":[{"embeddable":true,"href":"https:\/\/verde-amarelo.net\/verdeamarelo\/wp-json\/wp\/v2\/users\/1"}],"replies":[{"embeddable":true,"href":"https:\/\/verde-amarelo.net\/verdeamarelo\/wp-json\/wp\/v2\/comments?post=77170"}],"version-history":[{"count":0,"href":"https:\/\/verde-amarelo.net\/verdeamarelo\/wp-json\/wp\/v2\/posts\/77170\/revisions"}],"wp:attachment":[{"href":"https:\/\/verde-amarelo.net\/verdeamarelo\/wp-json\/wp\/v2\/media?parent=77170"}],"wp:term":[{"taxonomy":"category","embeddable":true,"href":"https:\/\/verde-amarelo.net\/verdeamarelo\/wp-json\/wp\/v2\/categories?post=77170"},{"taxonomy":"post_tag","embeddable":true,"href":"https:\/\/verde-amarelo.net\/verdeamarelo\/wp-json\/wp\/v2\/tags?post=77170"}],"curies":[{"name":"wp","href":"https:\/\/api.w.org\/{rel}","templated":true}]}}