{"id":77179,"date":"2019-12-12T18:41:00","date_gmt":"2019-12-12T21:41:00","guid":{"rendered":"https:\/\/verde-amarelo.net\/verdeamarelo\/2019\/12\/claudia-leitte-faz-show-especial-no-17o-natal-do-bem\/"},"modified":"2019-12-12T18:41:00","modified_gmt":"2019-12-12T21:41:00","slug":"claudia-leitte-faz-show-especial-no-17o-natal-do-bem","status":"publish","type":"post","link":"https:\/\/verde-amarelo.net\/verdeamarelo\/2019\/12\/claudia-leitte-faz-show-especial-no-17o-natal-do-bem\/","title":{"rendered":"Claudia Leitte faz show especial no 17\u00ba Natal do Bem"},"content":{"rendered":"<p><em><strong>Iniciativa do LIDE &#8211; Grupo de L\u00edderes Empresariais e do LIDE Solidariedade, um dos maiores eventos beneficentes do pa\u00eds atende a nove entidades nacionais<\/strong><\/em><\/p>\n<div readability=\"71.573107049608\">\n<p>S\u00c3O PAULO, 12 de dezembro de 2019  &#8212; O LIDE \u2013 Grupo de L\u00edderes Empresariais e o LIDE Solidariedade realizam o 17\u00ba Natal do Bem, dia 16 de dezembro, no Hotel Pal\u00e1cio Tangar\u00e1, em S\u00e3o Paulo. A edi\u00e7\u00e3o contar\u00e1 com apresenta\u00e7\u00e3o especial da cantora e jurada do The Voice Kids, <span class=\"xn-person\">Claudia Leitte<\/span>, al\u00e9m da presen\u00e7a de celebridades, empres\u00e1rios e autoridades. E tamb\u00e9m marca a chegada do novo presidente do LIDE Solidariedade, o empres\u00e1rio <span class=\"xn-person\">Claudio Carvalho<\/span>.<\/p>&nbsp;&nbsp;\n<p>Considerada uma das maiores iniciativas beneficentes do Brasil, o Natal do Bem arrecada recursos durante a festa que s\u00e3o revertidos a entidades assistenciais. Neste ano, nove institui\u00e7\u00f5es ser\u00e3o atendidas: as estreantes Amigos do Bem e Amigoh, al\u00e9m do Instituto Pr\u00f3-Queimados, Instituto Hortense, Instituto Cacau Show, Associa\u00e7\u00e3o Lar do Caminho, Escola de Cegos Santa Luzia, Velho Amigo e CEAP \u2013 Centro Educacional Assistencial Profissionalizante.<\/p>&nbsp;&nbsp;\n<p><em>&#8220;Nossa miss\u00e3o \u00e9 sensibilizar o setor privado para as causas sociais, atraindo recursos para o desenvolvimento e expans\u00e3o dos projetos das organiza\u00e7\u00f5es que apoiamos&#8221;,<\/em>&nbsp;comenta Carvalho.<\/p>&nbsp;&nbsp;\n<p>Entre os nomes confirmados na noite de gala est\u00e3o a apresentadora Xuxa, o governador e a primeira-dama de S\u00e3o Paulo, Jo\u00e3o Doria e <span class=\"xn-person\">Bia Doria<\/span>, os cantores L\u00e9o Chaves e <span class=\"xn-person\">Junno Andrade<\/span>, a designer de interiores <span class=\"xn-person\">Joia Bergamo<\/span>, os apresentadores Ot\u00e1vio Mesquita e Celso Zucatelli, o estilista <span class=\"xn-person\">Ricardo Almeida<\/span>, entre outros.<\/p>&nbsp;&nbsp;\n<p>Foto &#8211; <a href=\"https:\/\/mma.prnewswire.com\/media\/1044320\/Claudia_Leitte.jpg\" rel=\"nofollow noopener noreferrer\" target=\"_blank\">https:\/\/mma.prnewswire.com\/media\/1044320\/Claudia_Leitte.jpg?p=original<\/a><\/p>\n<p><span class=\"xn-person\">FONTE LIDE<\/span><\/p>\n<\/div>\n","protected":false},"excerpt":{"rendered":"<p>Iniciativa do LIDE &#8211; Grupo de L\u00edderes Empresariais e do LIDE Solidariedade, um dos maiores&#8230;<\/p>\n","protected":false},"author":1,"featured_media":0,"comment_status":"open","ping_status":"open","sticky":false,"template":"","format":"standard","meta":{"fifu_image_url":"","fifu_image_alt":"","footnotes":""},"categories":[727],"tags":[],"class_list":["post-77179","post","type-post","status-publish","format-standard","hentry","category-noticias","wpcat-727-id"],"_links":{"self":[{"href":"https:\/\/verde-amarelo.net\/verdeamarelo\/wp-json\/wp\/v2\/posts\/77179","targetHints":{"allow":["GET"]}}],"collection":[{"href":"https:\/\/verde-amarelo.net\/verdeamarelo\/wp-json\/wp\/v2\/posts"}],"about":[{"href":"https:\/\/verde-amarelo.net\/verdeamarelo\/wp-json\/wp\/v2\/types\/post"}],"author":[{"embeddable":true,"href":"https:\/\/verde-amarelo.net\/verdeamarelo\/wp-json\/wp\/v2\/users\/1"}],"replies":[{"embeddable":true,"href":"https:\/\/verde-amarelo.net\/verdeamarelo\/wp-json\/wp\/v2\/comments?post=77179"}],"version-history":[{"count":0,"href":"https:\/\/verde-amarelo.net\/verdeamarelo\/wp-json\/wp\/v2\/posts\/77179\/revisions"}],"wp:attachment":[{"href":"https:\/\/verde-amarelo.net\/verdeamarelo\/wp-json\/wp\/v2\/media?parent=77179"}],"wp:term":[{"taxonomy":"category","embeddable":true,"href":"https:\/\/verde-amarelo.net\/verdeamarelo\/wp-json\/wp\/v2\/categories?post=77179"},{"taxonomy":"post_tag","embeddable":true,"href":"https:\/\/verde-amarelo.net\/verdeamarelo\/wp-json\/wp\/v2\/tags?post=77179"}],"curies":[{"name":"wp","href":"https:\/\/api.w.org\/{rel}","templated":true}]}}