{"id":77181,"date":"2019-12-12T17:38:00","date_gmt":"2019-12-12T20:38:00","guid":{"rendered":"https:\/\/verde-amarelo.net\/verdeamarelo\/2019\/12\/sociedade-brasileira-de-reumatologia-alerta-populacao-de-que-dor-nas-costas-pode-ser-sinal-de-doenca-reumatica-incapacitante\/"},"modified":"2019-12-12T17:38:00","modified_gmt":"2019-12-12T20:38:00","slug":"sociedade-brasileira-de-reumatologia-alerta-populacao-de-que-dor-nas-costas-pode-ser-sinal-de-doenca-reumatica-incapacitante","status":"publish","type":"post","link":"https:\/\/verde-amarelo.net\/verdeamarelo\/2019\/12\/sociedade-brasileira-de-reumatologia-alerta-populacao-de-que-dor-nas-costas-pode-ser-sinal-de-doenca-reumatica-incapacitante\/","title":{"rendered":"Sociedade Brasileira de Reumatologia Alerta Popula\u00e7\u00e3o de que Dor nas Costas Pode ser Sinal de Doen\u00e7a Reum\u00e1tica Incapacitante"},"content":{"rendered":"<ul type=\"disc\">\n<li>Especialistas da Sociedade Brasileira de Reumatologia (SBR) estar\u00e3o conversando com a popula\u00e7\u00e3o para tirar d\u00favidas sobre dor lombar.<\/li>\n<li>A\u00e7\u00e3o, desenvolvida em parceria com Federa\u00e7\u00e3o das Ind\u00fastrias do Estado de S\u00e3o Paulo (FIESP) e biofarmac\u00eautica AbbVie, tem por objetivo alertar as pessoas que dor nas costas pode indicar a necessidade de avalia\u00e7\u00e3o de um especialista e ser mais do que um simples mau jeito.<\/li>\n<li>Cerca de 80% das pessoas t\u00eam dor lombar pelo menos uma vez na vida. Embora as dores provocadas por causas simples, como entorses ou estiramentos musculares, sejam mais frequentes, este pode ser o primeiro (as vezes \u00fanico) sintoma de uma doen\u00e7a reumatol\u00f3gica cr\u00f4nica.<sup>1<\/sup><\/li>\n<li>As doen\u00e7as reum\u00e1ticas cr\u00f4nicas podem ser graves e incapacitantes quando n\u00e3o tratadas desde o in\u00edcio.<\/li>\n<\/ul>\n<p>S\u00c3O PAULO, 12 de dezembro de 2019  &#8212; Na sexta-feira, 13, das 10h \u00e0s 16h, em frente ao pr\u00e9dio da FIESP (Av. Paulista 1313), a Sociedade Brasileira de Reumatologia (SBR) estar\u00e1 de plant\u00e3o, para alertar&nbsp; a popula\u00e7\u00e3o que a dor nas costas pode ser&nbsp; provocada por&nbsp; doen\u00e7as reum\u00e1ticas cr\u00f4nicas. A a\u00e7\u00e3o \u00e9 desenvolvida em parceria com a FIESP e biofarmac\u00eautica AbbVie. Durante a a\u00e7\u00e3o, ser\u00e1 distribu\u00eddo material informativo sobre dor nas costas, seus sinais e sintomas.<\/p>&nbsp;&nbsp;\n<p>A dor nas costas afeta a popula\u00e7\u00e3o de todo o mundo, de qualquer idade, homens e mulheres indistintamente,&nbsp; sendo a segunda causa mais comum de consultas m\u00e9dicas gerais, s\u00f3 perdendo para o resfriado comum.&nbsp; Entre 65% e 80% da popula\u00e7\u00e3o mundial desenvolve dor na coluna em alguma etapa de suas vidas mas, na maioria dos casos, h\u00e1 resolu\u00e7\u00e3o espont\u00e2nea. <span class=\"xn-person\">Mais de<\/span> 50%&nbsp; dos pacientes melhora ap\u00f3s 1 semana e&nbsp; 90%&nbsp; ap\u00f3s 8 semanas.<sup>1<\/sup><\/p>\n<p>&#8220;Em pessoas jovens,&nbsp; a dor nas costas pode&nbsp; ser o primeiro sintoma de uma doen\u00e7a reum\u00e1tica como espondilite anquilosante, doen\u00e7a reum\u00e1tica altamente incapacitante&#8221;, alerta Dr. <span class=\"xn-person\">Ari Halpern<\/span>, coordenador da Comiss\u00e3o Cient\u00edfica da SBR em Coluna Vertebral.&nbsp; A dor lombar tamb\u00e9m \u00e9 uma das principais causas de incapacidade f\u00edsica do idoso. &#8220;Embora seja um sintoma frequente com o envelhecimento, o surgimento de dor&nbsp; e, principalmente, a perda de mobilidade n\u00e3o deve ser vista como normal da idade. Existem v\u00e1rias causas que podem contribuir para este quadro e que podem ser revertidas com tratamento adequado&#8221;.<\/p>&nbsp;&nbsp;\n<p>Diferentemente da dor nas costas causada por les\u00e3o muscular ou &#8220;mau jeito&#8221;, na espondilite a dor piora com o repouso e melhora com a movimenta\u00e7\u00e3o. Se n\u00e3o tratada, pode provocar a fus\u00e3o das v\u00e9rtebras e&nbsp; a diminui\u00e7\u00e3o da mobilidade da coluna, bem como afetar outras articula\u00e7\u00f5es. Alguns pacientes tamb\u00e9m desenvolvem inflama\u00e7\u00e3o ocular e acometimento de outros \u00f3rg\u00e3os. &#8220;No entanto, existem tratamentos altamente eficientes para bloquear a doen\u00e7a, n\u00e3o s\u00f3 tratando a dor mas evitando as complica\u00e7\u00f5es e sequelas que podem ocorrer sem um tratamento adequado&#8221;, explica dr. Halpern.<\/p>&nbsp;&nbsp;\n<p>A espondilite anquilosante \u00e9 uma doen\u00e7a inflamat\u00f3ria cr\u00f4nica, que afeta as articula\u00e7\u00f5es principalmente da coluna, quadril, joelhos e ombros, acometendo mais homens do que mulheres, a partir do final da adolesc\u00eancia at\u00e9 40 anos de idade. Dor nas costas durante a noite e dor lombar persistente (por mais tr\u00eas meses s\u00e3o alguns dos principais sintomas.&nbsp; N\u00e3o tratada, pode levar \u00e0 incapacidade f\u00edsica.<\/p>&nbsp;&nbsp;\n<p>Teste de Sintomas \u2013 Durante o plant\u00e3o da SBR em frente \u00e0 FIESP, ser\u00e1 distribu\u00eddo folheto com question\u00e1rio simples sobre a dor nas costas persistente (h\u00e1 mais de tr\u00eas meses).&nbsp; Se, em cinco quest\u00f5es, a pessoa responder quatro &#8220;sim&#8221;, \u00e9 recomendado que converse com um reumatologista, para um exame detalhado. As quest\u00f5es:<\/p>\n<ul readability=\"5.01875\">\n<li>Sua dor nas costas come\u00e7ou antes dos 40 anos de idade?<\/li>\n<li>Sua dor nas costas aumentou com o tempo, gradualmente?<\/li>\n<li>Sua dor nas costas diminui com exerc\u00edcios f\u00edsicos?<\/li>\n<li>Voc\u00ea sente que o repouso (dormir) n\u00e3o melhora sua dor nas costas?<\/li>\n<li>Voc\u00ea sofre de dor nas costas durante a noite e percebe que melhora ap\u00f3s levantar?<\/li>\n<li readability=\"12.173913043478\">\n<p>Alguns sintomas associados \u00e0 dor nas costas tamb\u00e9m indicam a necessidade de consulta com especialista, tais como febre, perda de peso, dor pior \u00e0 noite e que atrapalha o sono; uso frequente de cortisona, idosos com dor lombar nova ou recente, pessoas com diagn\u00f3stico nos \u00faltimos 5 anos de c\u00e2ncer; pessoas com dor nas costas manifestada depois de infec\u00e7\u00e3o ou procedimento cir\u00fargico e pessoas com osteoporose.<\/p>&nbsp;&nbsp;\n<p>Para mais informa\u00e7\u00f5es sobre doen\u00e7as reum\u00e1ticas, acesse <a href=\"http:\/\/www.reumatologia.org.br\/\" rel=\"nofollow noopener noreferrer\" target=\"_blank\">www.reumatologia.org.br<\/a><\/p>\n<p><sup>1<\/sup>&nbsp;<a href=\"https:\/\/www.reumatologia.org.br\/doencas-reumaticas\/lombalgia\/\" rel=\"nofollow noopener noreferrer\" target=\"_blank\">https:\/\/www.reumatologia.org.br\/doencas-reumaticas\/lombalgia\/<\/a>&nbsp;Acessado em dezembro de 2019.<\/p>&nbsp;&nbsp;\n<p>FONTE Sociedade Brasileira de Reumatologia (SBR)<\/p>\n<\/li>\n<\/ul>\n","protected":false},"excerpt":{"rendered":"<p>Especialistas da Sociedade Brasileira de Reumatologia (SBR) estar\u00e3o conversando com a popula\u00e7\u00e3o para tirar d\u00favidas&#8230;<\/p>\n","protected":false},"author":1,"featured_media":0,"comment_status":"open","ping_status":"open","sticky":false,"template":"","format":"standard","meta":{"fifu_image_url":"","fifu_image_alt":"","footnotes":""},"categories":[727],"tags":[],"class_list":["post-77181","post","type-post","status-publish","format-standard","hentry","category-noticias","wpcat-727-id"],"_links":{"self":[{"href":"https:\/\/verde-amarelo.net\/verdeamarelo\/wp-json\/wp\/v2\/posts\/77181","targetHints":{"allow":["GET"]}}],"collection":[{"href":"https:\/\/verde-amarelo.net\/verdeamarelo\/wp-json\/wp\/v2\/posts"}],"about":[{"href":"https:\/\/verde-amarelo.net\/verdeamarelo\/wp-json\/wp\/v2\/types\/post"}],"author":[{"embeddable":true,"href":"https:\/\/verde-amarelo.net\/verdeamarelo\/wp-json\/wp\/v2\/users\/1"}],"replies":[{"embeddable":true,"href":"https:\/\/verde-amarelo.net\/verdeamarelo\/wp-json\/wp\/v2\/comments?post=77181"}],"version-history":[{"count":0,"href":"https:\/\/verde-amarelo.net\/verdeamarelo\/wp-json\/wp\/v2\/posts\/77181\/revisions"}],"wp:attachment":[{"href":"https:\/\/verde-amarelo.net\/verdeamarelo\/wp-json\/wp\/v2\/media?parent=77181"}],"wp:term":[{"taxonomy":"category","embeddable":true,"href":"https:\/\/verde-amarelo.net\/verdeamarelo\/wp-json\/wp\/v2\/categories?post=77181"},{"taxonomy":"post_tag","embeddable":true,"href":"https:\/\/verde-amarelo.net\/verdeamarelo\/wp-json\/wp\/v2\/tags?post=77181"}],"curies":[{"name":"wp","href":"https:\/\/api.w.org\/{rel}","templated":true}]}}