{"id":77185,"date":"2019-12-12T18:36:49","date_gmt":"2019-12-12T21:36:49","guid":{"rendered":"https:\/\/verde-amarelo.net\/verdeamarelo\/2019\/12\/no-rio-ministro-visita-obras-de-acesso-da-ponte-rio-niteroi-com-a-linha-vermelha\/"},"modified":"2019-12-12T18:36:49","modified_gmt":"2019-12-12T21:36:49","slug":"no-rio-ministro-visita-obras-de-acesso-da-ponte-rio-niteroi-com-a-linha-vermelha","status":"publish","type":"post","link":"https:\/\/verde-amarelo.net\/verdeamarelo\/2019\/12\/no-rio-ministro-visita-obras-de-acesso-da-ponte-rio-niteroi-com-a-linha-vermelha\/","title":{"rendered":"No Rio, ministro visita obras de acesso da Ponte Rio-Niter\u00f3i com a Linha Vermelha"},"content":{"rendered":"<p><em><span>Com 90% de execu\u00e7\u00e3o, obras na al\u00e7a de liga\u00e7\u00e3o da Ponte com a Linha Vermelha devem ser inauguradas at\u00e9 mar\u00e7o de 2020<\/span><\/em><\/p>\n<p><img decoding=\"async\" src=\"data:image\/gif;base64,R0lGODlhAQABAIAAAAAAAP\/\/\/ywAAAAAAQABAAACAUwAOw==\" fifu-lazy=\"1\" fifu-data-sizes=\"auto\" fifu-data-srcset=\"https:\/\/i3.wp.com\/transportes.gov.br\/images\/WhatsApp_Image_2019-12-12_at_10.38.36.jpeg?ssl=1&w=75&resize=75&ssl=1 75w, https:\/\/i3.wp.com\/transportes.gov.br\/images\/WhatsApp_Image_2019-12-12_at_10.38.36.jpeg?ssl=1&w=100&resize=100&ssl=1 100w, https:\/\/i3.wp.com\/transportes.gov.br\/images\/WhatsApp_Image_2019-12-12_at_10.38.36.jpeg?ssl=1&w=150&resize=150&ssl=1 150w, https:\/\/i3.wp.com\/transportes.gov.br\/images\/WhatsApp_Image_2019-12-12_at_10.38.36.jpeg?ssl=1&w=240&resize=240&ssl=1 240w, https:\/\/i3.wp.com\/transportes.gov.br\/images\/WhatsApp_Image_2019-12-12_at_10.38.36.jpeg?ssl=1&w=320&resize=320&ssl=1 320w, https:\/\/i3.wp.com\/transportes.gov.br\/images\/WhatsApp_Image_2019-12-12_at_10.38.36.jpeg?ssl=1&w=500&resize=500&ssl=1 500w, https:\/\/i3.wp.com\/transportes.gov.br\/images\/WhatsApp_Image_2019-12-12_at_10.38.36.jpeg?ssl=1&w=640&resize=640&ssl=1 640w, https:\/\/i3.wp.com\/transportes.gov.br\/images\/WhatsApp_Image_2019-12-12_at_10.38.36.jpeg?ssl=1&w=800&resize=800&ssl=1 800w, https:\/\/i3.wp.com\/transportes.gov.br\/images\/WhatsApp_Image_2019-12-12_at_10.38.36.jpeg?ssl=1&w=1024&resize=1024&ssl=1 1024w, https:\/\/i3.wp.com\/transportes.gov.br\/images\/WhatsApp_Image_2019-12-12_at_10.38.36.jpeg?ssl=1&w=1280&resize=1280&ssl=1 1280w, https:\/\/i3.wp.com\/transportes.gov.br\/images\/WhatsApp_Image_2019-12-12_at_10.38.36.jpeg?ssl=1&w=1600&resize=1600&ssl=1 1600w\" fifu-data-src=\"https:\/\/i3.wp.com\/transportes.gov.br\/images\/WhatsApp_Image_2019-12-12_at_10.38.36.jpeg?ssl=1\" alt=\"WhatsApp Image 2019 12 12 at 10.38.36\" width=\"580\" height=\"387\"><\/p>\n<p>O ministro da Infraestrutura, Tarc\u00edsio Gomes de Freitas, visitou, nesta quinta-feira (12), as obras da al\u00e7a de liga\u00e7\u00e3o da Ponte Rio-Niter\u00f3i com a Linha Vermelha, no Rio de Janeiro (RJ). Al\u00e9m de ser um acesso direto com a Linha Vermelha e as cidades da Baixada Fluminense, as obras, que j\u00e1 est\u00e3o com 90% de execu\u00e7\u00e3o, tamb\u00e9m v\u00e3o melhorar o tr\u00e2nsito na Avenida Brasil, no sentido Zona Oeste, no trecho do Caju, j\u00e1 que cerca de 15 mil ve\u00edculos deixar\u00e3o de cruzar a via para acessar a Linha Vermelha pela sa\u00edda da Ponte. A obra ser\u00e1 entregue at\u00e9 mar\u00e7o de 2020.<\/p>&nbsp;&nbsp;\n<p>De acordo com o ministro, as obras na al\u00e7a de liga\u00e7\u00e3o da Ponte com a Linha Vermelha, atualmente, as maiores executadas no estado, v\u00e3o aliviar o tr\u00e2nsito na sa\u00edda da Ponte, melhorando em 20% a fluidez na regi\u00e3o e entorno, al\u00e9m de trazer grande benef\u00edcio para a economia do Rio de Janeiro e para o pa\u00eds.<\/p>&nbsp;&nbsp;\n<p>\u201cEssa obra vai ser transformadora para o tr\u00e1fego do Rio de Janeiro porque a gente vai desviar o tr\u00e1fego pesado do centro da cidade e levar direto pra zona portu\u00e1ria. Isso mostra, mais uma vez, que a concess\u00e3o \u00e9 um bom caminho. Reafirma a nossa convic\u00e7\u00e3o de fazer investimento para a inciativa privada, que tem interesse e condi\u00e7\u00e3o de fazer. A gente sai daqui completamente satisfeito com o que a gente t\u00e1 vendo\u201d, afirmou o ministro.<\/p>&nbsp;&nbsp;\n<p>Executada pela concession\u00e1ria Ecoponte e Grupo EcoRodovias, a obra teve in\u00edcio em maio de 2018, mas j\u00e1 est\u00e1 em processo final de implanta\u00e7\u00e3o. As duas novas al\u00e7as ter\u00e3o gabarito m\u00ednimo de 5,5 metros de altura e cada faixa de rolamento ter\u00e1 3,5 metros de largura. A al\u00e7a de liga\u00e7\u00e3o conta com R$ 450 milh\u00f5es de investimento e, no seu pico, gera cerca de 1,3 mil postos de trabalho.<\/p>&nbsp;&nbsp;\n<p>Na oportunidade, o ministro tamb\u00e9m visitou o andamento das edifica\u00e7\u00f5es da Avenida Portu\u00e1ria, constru\u00e7\u00e3o paralela \u00e0 al\u00e7a com a Linha Vermelha. Com 60% da obra conclu\u00edda, a Avenida Portu\u00e1ria \u00e9 uma via expressa com dois sentidos exclusiva para ve\u00edculos de cargas que ligar\u00e1 Manguinhos, na Avenida Brasil, com o port\u00e3o 32 do Cais do Porto, no Caju. A previs\u00e3o de entrega \u00e9 julho de 2020.&nbsp;<\/p>\n<p>Freitas tamb\u00e9m fez uma visita ao novo pr\u00e9dio da Ind\u00fastria de Material B\u00e9lico do Brasil (IMBEL), no Caju, constru\u00eddo para a implanta\u00e7\u00e3o da al\u00e7a vi\u00e1ria na regi\u00e3o do Arsenal de Guerra.<\/p>&nbsp;&nbsp;\n<p>FOTO: Ricardo Botelho\/ Minfra<\/p>\n<p>Assessoria Especial de Comunica\u00e7\u00e3o<\/p>\n<p>Minist\u00e9rio da Infraestrutura<\/p>\n<p><a href=\"http:\/\/transportes.gov.br\/ultimas-noticias\/9368-no-rio%2C-ministro-visita-obras-de-acesso-da-ponte-rio-niter%C3%B3i-com-a-linha-vermelha.html\" target=\"_blank\" rel=\"noopener noreferrer\">Mais em http:\/\/transportes.gov.br\/ultimas-noticias\/9368-no-rio%2C-ministro-visita-obras-de-acesso-da-ponte-rio-niter%C3%B3i-com-a-linha-vermelha.html<\/a><\/p>\n","protected":false},"excerpt":{"rendered":"<p>Com 90% de execu\u00e7\u00e3o, obras na al\u00e7a de liga\u00e7\u00e3o da Ponte com a Linha Vermelha&#8230;<\/p>\n","protected":false},"author":1,"featured_media":0,"comment_status":"open","ping_status":"open","sticky":false,"template":"","format":"standard","meta":{"fifu_image_url":"","fifu_image_alt":"","footnotes":""},"categories":[727],"tags":[7760],"class_list":["post-77185","post","type-post","status-publish","format-standard","hentry","category-noticias","tag-ultimas-noticias","wpcat-727-id"],"_links":{"self":[{"href":"https:\/\/verde-amarelo.net\/verdeamarelo\/wp-json\/wp\/v2\/posts\/77185","targetHints":{"allow":["GET"]}}],"collection":[{"href":"https:\/\/verde-amarelo.net\/verdeamarelo\/wp-json\/wp\/v2\/posts"}],"about":[{"href":"https:\/\/verde-amarelo.net\/verdeamarelo\/wp-json\/wp\/v2\/types\/post"}],"author":[{"embeddable":true,"href":"https:\/\/verde-amarelo.net\/verdeamarelo\/wp-json\/wp\/v2\/users\/1"}],"replies":[{"embeddable":true,"href":"https:\/\/verde-amarelo.net\/verdeamarelo\/wp-json\/wp\/v2\/comments?post=77185"}],"version-history":[{"count":0,"href":"https:\/\/verde-amarelo.net\/verdeamarelo\/wp-json\/wp\/v2\/posts\/77185\/revisions"}],"wp:attachment":[{"href":"https:\/\/verde-amarelo.net\/verdeamarelo\/wp-json\/wp\/v2\/media?parent=77185"}],"wp:term":[{"taxonomy":"category","embeddable":true,"href":"https:\/\/verde-amarelo.net\/verdeamarelo\/wp-json\/wp\/v2\/categories?post=77185"},{"taxonomy":"post_tag","embeddable":true,"href":"https:\/\/verde-amarelo.net\/verdeamarelo\/wp-json\/wp\/v2\/tags?post=77185"}],"curies":[{"name":"wp","href":"https:\/\/api.w.org\/{rel}","templated":true}]}}