{"id":77189,"date":"2019-12-13T12:04:20","date_gmt":"2019-12-13T15:04:20","guid":{"rendered":"https:\/\/verde-amarelo.net\/verdeamarelo\/2019\/12\/cop25-renovabio-e-uma-politica-de-desmatamento-zero\/"},"modified":"2019-12-13T12:04:20","modified_gmt":"2019-12-13T15:04:20","slug":"cop25-renovabio-e-uma-politica-de-desmatamento-zero","status":"publish","type":"post","link":"https:\/\/verde-amarelo.net\/verdeamarelo\/2019\/12\/cop25-renovabio-e-uma-politica-de-desmatamento-zero\/","title":{"rendered":"COP25: \u201cRenovabio \u00e9 uma pol\u00edtica de desmatamento zero\u201d"},"content":{"rendered":"<p>\u201cO Renovabio \u00e9 uma pol\u00edtica de desmatamento zero\u201d, disse o presidente da Uni\u00e3o da Ind\u00fastria de Cana-de-A\u00e7\u00facar (UNICA), Evandro Gussi, durante evento paralelo (<em>side event<\/em>) da 25\u00b0 Confer\u00eancia das Partes (COP 25), em Madri, nessa quinta-feira (12). O executivo participou de painel sobre as a\u00e7\u00f5es dos setores p\u00fablico e privado para o cumprimento das metas do Acordo de Paris.<span class=\"Apple-converted-space\">\u00a0<\/span><\/p>\n<p>&#8220;Se voc\u00ea tem dez mil hectares de cana e retirar uma \u00e1rvore, todos os dez mil hectares n\u00e3o podem ser inclu\u00eddos no Renovabio. Este \u00e9 o mais importante programa para o setor sucroenerg\u00e9tico no Brasil. E, por causa desse programa, n\u00e3o vamos ter uma \u00e1rvore derrubada\u201d, destacou Gussi.<\/p>&nbsp;&nbsp;\n<p>Durante a apresenta\u00e7\u00e3o, o presidente da UNICA tamb\u00e9m destacou a\u00e7\u00f5es do setor que est\u00e3o alinhadas com as metas brasileiras de redu\u00e7\u00e3o das emiss\u00f5es de CO2, como aumento de fontes renov\u00e1veis de energia, reflorestamento e redu\u00e7\u00e3o das emiss\u00f5es para o setor de transportes.<span class=\"Apple-converted-space\">\u00a0<\/span><\/p>\n<p>&#8220;Nos convertemos em um dos maiores servi\u00e7os de redu\u00e7\u00e3o de emiss\u00f5es de CO2 do mundo, j\u00e1 que o etanol pode reduzir as emiss\u00f5es em at\u00e9 90% em compara\u00e7\u00e3o \u00e0 gasolina. Al\u00e9m disso, a cana-de-a\u00e7\u00facar \u00e9 a principal fonte de energia sustent\u00e1vel do pa\u00eds, respons\u00e1vel por 17,4% da matriz energ\u00e9tica nacional. Tamb\u00e9m reflorestamos mais de 200 mil hectares no estado de S\u00e3o Paulo. J\u00e1 s\u00e3o mais de 40 milh\u00f5es de mudas de mata nativa plantadas, o que resultou na recupera\u00e7\u00e3o de mais de oito mil nascentes\u201d, disse Evandro Gussi.<span class=\"Apple-converted-space\">\u00a0<\/span><\/p>\n<p>O painel foi organizado pelo Instituto Ethos e contou com participantes de diversos setores, entre eles, o Secret\u00e1rio de Meio Ambiente e Sustentabilidade de Pernambuco, Jos\u00e9 Antonio Bertotti J\u00fanior, o superintendente-geral da Funda\u00e7\u00e3o Amazonas Sustent\u00e1vel, Virg\u00edlio Viana, a assessora de Meio Ambiente da Rede do Pacto Global da ONU, Elisa Badziack.<span class=\"Apple-converted-space\">\u00a0<\/span><\/p>\n<p><strong>PACTO GLOBAL<span class=\"Apple-converted-space\">\u00a0<\/span><\/strong><\/p>\n<p>Lan\u00e7ado em 2000 pelas Na\u00e7\u00f5es Unidas, o Pacto Global \u00e9 um chamado para que empresas trabalhem com base em dez princ\u00edpios universais no \u00e2mbito dos Diretos Humanos, Trabalho, Meio Ambiente e Anticorrup\u00e7\u00e3o. Al\u00e9m disso, as corporativas devem desenvolver a\u00e7\u00f5es que contribuam para o enfrentamento dos desafios da sociedade. \u00c9 a maior iniciativa de sustentabilidade corporativa do mundo, com mais de 13 mil membros ,em 160 pa\u00edses<\/p>\n<p>Para Renata Camargo, gerente de Sustentabilidade da UNICA, o Pacto Global converge com as a\u00e7\u00f5es da entidade uma vez que esse \u00e9 um significativo instrumento para produ\u00e7\u00e3o e dissemina\u00e7\u00e3o de conhecimento atrelado \u00e0s melhores pr\u00e1ticas de sustentabilidade. \u201cAcreditamos que a sustentabilidade \u00e9 a ess\u00eancia do nosso setor. Por isso, buscamos orientar nossas a\u00e7\u00f5es e de nossas associadas por meio de diretrizes que promovam o crescimento sustent\u00e1vel e um ambiente de competitividade econ\u00f4mica sadio\u201d, concluiu.<\/p>&nbsp;&nbsp;\n<p>Com a assinatura do Pacto, as empresas t\u00eam a responsabilidade de contribuir com os Objetivos de Desenvolvimento Sustent\u00e1vel (ODS). Os ODS s\u00e3o uma agenda global para 2030 com 17 objetivos contra a pobreza, a favor da prote\u00e7\u00e3o do planeta e que buscam garantir que todas as pessoas tenham paz e prosperidade.<\/p>&nbsp;&nbsp;\n<p>O setor sucroenerg\u00e9tico brasileiro avan\u00e7a com base nos ODS e cumpre com sete objetivos da agenda. Entre eles est\u00e3o Energia Limpa e Sustent\u00e1vel, e A\u00e7\u00e3o Contra a Mudan\u00e7a Global do Clima.<\/p>&nbsp;&nbsp;\n<p>Em carta para o Secret\u00e1rio Geral das Na\u00e7\u00f5es Unidas, Evandro Gussi, presidente da UNICA, confirmou que a entidade apoia os dez princ\u00edpios do Pacto Global e est\u00e1 comprometida em empreender esfor\u00e7os para divulgar publicamente o compromisso com a iniciativa.<\/p>&nbsp;&nbsp;\n<p><strong>COP 25<\/strong><\/p>\n<p>Representantes de quase 200 pa\u00edses participam, at\u00e9 o dia 13 de dezembro, da <a href=\"https:\/\/www.cop25.cl\/#\/\">25\u00aa Confer\u00eancia das Partes<\/a> (COP 25), em Madri. Com o slogan \u201cHora da A\u00e7\u00e3o\u201d (<a href=\"https:\/\/twitter.com\/search?q=%23TimeForAction&amp;src=typeahead_click\">Time for Action<\/a>), o evento tem o mercado de carbono como um dos principais temas a serem tratados e traz o combate \u00e0s mudan\u00e7as clim\u00e1ticas como principal desafio.<\/p>&nbsp;&nbsp;\n<p><!-- Este texto tem o apoio do Sistema ECOMPARE de lojas virtuais <a rel=\"nofollow\" href=\"https:\/\/www.unica.com.br\/noticias\/cop25-renovabio-e-uma-politica-de-desmatamento-zero\/\">COP25: \u201cRenovabio \u00e9 uma pol\u00edtica de desmatamento zero\u201d<\/a> apareceu primeiro em <a rel=\"nofollow\" href=\"https:\/\/www.unica.com.br\">UNICA<\/a>.<\/p>&nbsp;&nbsp;\n","protected":false},"excerpt":{"rendered":"<p>\u201cO Renovabio \u00e9 uma pol\u00edtica de desmatamento zero\u201d, disse o presidente da Uni\u00e3o da Ind\u00fastria&#8230;<\/p>\n","protected":false},"author":1,"featured_media":0,"comment_status":"open","ping_status":"open","sticky":false,"template":"","format":"standard","meta":{"fifu_image_url":"","fifu_image_alt":"","footnotes":""},"categories":[727],"tags":[58],"class_list":["post-77189","post","type-post","status-publish","format-standard","hentry","category-noticias","tag-noticias","wpcat-727-id"],"_links":{"self":[{"href":"https:\/\/verde-amarelo.net\/verdeamarelo\/wp-json\/wp\/v2\/posts\/77189","targetHints":{"allow":["GET"]}}],"collection":[{"href":"https:\/\/verde-amarelo.net\/verdeamarelo\/wp-json\/wp\/v2\/posts"}],"about":[{"href":"https:\/\/verde-amarelo.net\/verdeamarelo\/wp-json\/wp\/v2\/types\/post"}],"author":[{"embeddable":true,"href":"https:\/\/verde-amarelo.net\/verdeamarelo\/wp-json\/wp\/v2\/users\/1"}],"replies":[{"embeddable":true,"href":"https:\/\/verde-amarelo.net\/verdeamarelo\/wp-json\/wp\/v2\/comments?post=77189"}],"version-history":[{"count":0,"href":"https:\/\/verde-amarelo.net\/verdeamarelo\/wp-json\/wp\/v2\/posts\/77189\/revisions"}],"wp:attachment":[{"href":"https:\/\/verde-amarelo.net\/verdeamarelo\/wp-json\/wp\/v2\/media?parent=77189"}],"wp:term":[{"taxonomy":"category","embeddable":true,"href":"https:\/\/verde-amarelo.net\/verdeamarelo\/wp-json\/wp\/v2\/categories?post=77189"},{"taxonomy":"post_tag","embeddable":true,"href":"https:\/\/verde-amarelo.net\/verdeamarelo\/wp-json\/wp\/v2\/tags?post=77189"}],"curies":[{"name":"wp","href":"https:\/\/api.w.org\/{rel}","templated":true}]}}