{"id":77190,"date":"2019-12-11T18:07:48","date_gmt":"2019-12-11T21:07:48","guid":{"rendered":"https:\/\/verde-amarelo.net\/verdeamarelo\/2019\/12\/ministerio-promove-2a-edicao-do-roadshow-da-competitividade-e-liberdade-economica\/"},"modified":"2019-12-11T18:07:48","modified_gmt":"2019-12-11T21:07:48","slug":"ministerio-promove-2a-edicao-do-roadshow-da-competitividade-e-liberdade-economica","status":"publish","type":"post","link":"https:\/\/verde-amarelo.net\/verdeamarelo\/2019\/12\/ministerio-promove-2a-edicao-do-roadshow-da-competitividade-e-liberdade-economica\/","title":{"rendered":"Minist\u00e9rio promove 2\u00aa edi\u00e7\u00e3o do Roadshow da Competitividade e Liberdade Econ\u00f4mica"},"content":{"rendered":"<p style=\"text-align: justify;\"><img decoding=\"async\" src=\"data:image\/gif;base64,R0lGODlhAQABAIAAAAAAAP\/\/\/ywAAAAAAQABAAACAUwAOw==\" fifu-lazy=\"1\" fifu-data-sizes=\"auto\" fifu-data-srcset=\"https:\/\/i0.wp.com\/transportes.gov.br\/images\/images\/2019_canal_servidor\/12\/reuni&atilde;o_1.jpeg?ssl=1&w=75&resize=75&ssl=1 75w, https:\/\/i0.wp.com\/transportes.gov.br\/images\/images\/2019_canal_servidor\/12\/reuni&atilde;o_1.jpeg?ssl=1&w=100&resize=100&ssl=1 100w, https:\/\/i0.wp.com\/transportes.gov.br\/images\/images\/2019_canal_servidor\/12\/reuni&atilde;o_1.jpeg?ssl=1&w=150&resize=150&ssl=1 150w, https:\/\/i0.wp.com\/transportes.gov.br\/images\/images\/2019_canal_servidor\/12\/reuni&atilde;o_1.jpeg?ssl=1&w=240&resize=240&ssl=1 240w, https:\/\/i0.wp.com\/transportes.gov.br\/images\/images\/2019_canal_servidor\/12\/reuni&atilde;o_1.jpeg?ssl=1&w=320&resize=320&ssl=1 320w, https:\/\/i0.wp.com\/transportes.gov.br\/images\/images\/2019_canal_servidor\/12\/reuni&atilde;o_1.jpeg?ssl=1&w=500&resize=500&ssl=1 500w, https:\/\/i0.wp.com\/transportes.gov.br\/images\/images\/2019_canal_servidor\/12\/reuni&atilde;o_1.jpeg?ssl=1&w=640&resize=640&ssl=1 640w, https:\/\/i0.wp.com\/transportes.gov.br\/images\/images\/2019_canal_servidor\/12\/reuni&atilde;o_1.jpeg?ssl=1&w=800&resize=800&ssl=1 800w, https:\/\/i0.wp.com\/transportes.gov.br\/images\/images\/2019_canal_servidor\/12\/reuni&atilde;o_1.jpeg?ssl=1&w=1024&resize=1024&ssl=1 1024w, https:\/\/i0.wp.com\/transportes.gov.br\/images\/images\/2019_canal_servidor\/12\/reuni&atilde;o_1.jpeg?ssl=1&w=1280&resize=1280&ssl=1 1280w, https:\/\/i0.wp.com\/transportes.gov.br\/images\/images\/2019_canal_servidor\/12\/reuni&atilde;o_1.jpeg?ssl=1&w=1600&resize=1600&ssl=1 1600w\" fifu-data-src=\"http:\/\/transportes.gov.br\/images\/images\/2019_canal_servidor\/12\/reuni\u00e3o_1.jpeg\" alt=\"reuni\u00e3o 1\" width=\"400\" height=\"225\" style=\"margin: 5px; float: right;\" \/>Com o objetivo? de ?acelerar o processo de desburocratiza&ccedil;&atilde;o do setor de infraestrutura,?com foco no aumento da competitividade,? por meio da?incorpora&ccedil;&atilde;o?dos novos conceitos trazidos pela Lei da Liberdade Econ&ocirc;mica e pela Lei de Desburocratiza&ccedil;&atilde;o, a Subsecretaria de Gest&atilde;o Estrat&eacute;gica e Inova&ccedil;&atilde;o (SGEI) do?MInfra?realizou, nesta segunda-feira (9), em Bras&iacute;lia,?o 2&ordm;?Roadshow?de Competitividade e Liberdade Econ&ocirc;mica?para Diretores, superintendentes e gerentes envolvidos?na edi&ccedil;&atilde;o de atos normativos na Ag&ecirc;ncia Nacional de Transportes Aquavi&aacute;rios&nbsp;(ANTAQ).&nbsp;<\/p>\n<p style=\"text-align: justify;\">Este foi o segundo?Roadshow&nbsp;dentro de uma s&eacute;rie que acontecer&aacute;?nas?ag&ecirc;ncias reguladoras?vinculadas,?e?faz parte de uma das a&ccedil;&otilde;es?programadas para acontecer dentro?do Programa?de Desburocratiza&ccedil;&atilde;o Infra+.&nbsp;<\/p>\n<p style=\"text-align: justify;\">O Diretor-Geral da Ag&ecirc;ncia Nacional de Transportes Aquavi&aacute;rios (Antaq), Mario&nbsp;Povia, abriu o evento agradecendo a presen&ccedil;a do Minist&eacute;rio da Infraestrutura e do Diretor Nacional de Desburocratiza&ccedil;&atilde;o do Minist&eacute;rio da Economia,?Geanluca?Lorenzon, destacando que a Ag&ecirc;ncia est&aacute; engajada na agenda da Desburocratiza&ccedil;&atilde;o.&nbsp;<\/p>\n<p style=\"text-align: justify;\">O secret&aacute;rio-Executivo adjunto da Pasta, Rodrigo Ot&aacute;vio Moreira da Cruz, destacou que o Minist&eacute;rio est&aacute; capitaneando essas a&ccedil;&otilde;es para alavancar a desburocratiza&ccedil;&atilde;o no &acirc;mbito da Pasta e ag&ecirc;ncias&nbsp;reguladoras?vinculadas, visando o aumento da competitividade do Setor. Al&eacute;m disso, o secret&aacute;rio ressaltou a import&acirc;ncia do alinhamento de todos os envolvidos com esta agenda econ&ocirc;mica para os trabalhos que est&atilde;o sendo desenvolvidos nesse sentido.&nbsp;<\/p>\n<p style=\"text-align: justify;\">Fernando Coelho, subsecret&aacute;rio de Gest&atilde;o Estrat&eacute;gica e Inova&ccedil;&atilde;o, apresentou os indicadores que medem a competitividade do?MInfra?no setor de infraestrutura e os conectou aos programas de?Desburocratiza&ccedil;&atilde;o?Infra+?e de?Qualidade?Normativa. &ldquo;Ao estudarmos os indicadores, percebemos?o impacto?muito forte?da?agenda econ&ocirc;mico-regulat&oacute;ria&rdquo;, explicou. Para o subsecret&aacute;rio, um dos objetivos do?roadshow?&eacute; entender como essas quest&otilde;es est&atilde;o conectadas e o qu&atilde;o importante elas s&atilde;o para o aumento da competitividade.?&nbsp;<\/p>\n<p style=\"text-align: justify;\">O?diretor Nacional de Desburocratiza&ccedil;&atilde;o do Minist&eacute;rio da Economia,?Geanluca?Lorenzon, apresentou os pilares, desdobramentos e impactos?da Lei?de Direitos?de?Liberdade Econ&ocirc;mica?e?os participantes puderam?dirimir?d&uacute;vidas com o?palestrante.?&nbsp;<\/p>\n<p style=\"text-align: justify;\">Como conclus&atilde;o da reuni&atilde;o, identificou-se v&aacute;rias oportunidades de utiliza&ccedil;&atilde;o?da Lei para avan&ccedil;ar na desburocratiza&ccedil;&atilde;o do Setor.??&nbsp;<\/p>\n<p style=\"text-align: justify;\"><strong>LEI DE LIBERDADE ECON&Ocirc;MICA?<\/strong>&ndash; Sancionada pelo presidente Jair Bolsonaro em 20 de setembro de 2019, a?Lei?n&ordm; 13.874, que institui a Declara&ccedil;&atilde;o dos?Direitos?de?Liberdade Econ&ocirc;mica?estabelece normas de prote&ccedil;&atilde;o &agrave; livre iniciativa e ao livre exerc&iacute;cio de atividade econ&ocirc;mica e disposi&ccedil;&otilde;es sobre a atua&ccedil;&atilde;o do Estado como agente normativo e regulador.??&nbsp;<\/p>\n<p style=\"text-align: justify;\"><strong>Assessoria Especial de Comunica&ccedil;&atilde;o?&nbsp;<\/strong><br \/><strong> Minist&eacute;rio da Infraestrutura?&nbsp;<\/strong><\/p>\n<p> <a href=\"http:\/\/transportes.gov.br\/ultimas-noticias\/9371-minist%C3%A9rio-promove-2%C2%AA-edi%C3%A7%C3%A3o-do-roadshow-da-competitividade-e-liberdade-econ%C3%B4mica-2.html\" target=\"_blank\" rel=\"noopener noreferrer\">Mais em http:\/\/transportes.gov.br\/ultimas-noticias\/9371-minist%C3%A9rio-promove-2%C2%AA-edi%C3%A7%C3%A3o-do-roadshow-da-competitividade-e-liberdade-econ%C3%B4mica-2.html<\/a><\/p>\n","protected":false},"excerpt":{"rendered":"<p>Com o objetivo? de ?acelerar o processo de desburocratiza&ccedil;&atilde;o do setor de infraestrutura,?com foco no&#8230;<\/p>\n","protected":false},"author":1,"featured_media":0,"comment_status":"open","ping_status":"open","sticky":false,"template":"","format":"standard","meta":{"fifu_image_url":"","fifu_image_alt":"","footnotes":""},"categories":[727],"tags":[7760],"class_list":["post-77190","post","type-post","status-publish","format-standard","hentry","category-noticias","tag-ultimas-noticias","wpcat-727-id"],"_links":{"self":[{"href":"https:\/\/verde-amarelo.net\/verdeamarelo\/wp-json\/wp\/v2\/posts\/77190","targetHints":{"allow":["GET"]}}],"collection":[{"href":"https:\/\/verde-amarelo.net\/verdeamarelo\/wp-json\/wp\/v2\/posts"}],"about":[{"href":"https:\/\/verde-amarelo.net\/verdeamarelo\/wp-json\/wp\/v2\/types\/post"}],"author":[{"embeddable":true,"href":"https:\/\/verde-amarelo.net\/verdeamarelo\/wp-json\/wp\/v2\/users\/1"}],"replies":[{"embeddable":true,"href":"https:\/\/verde-amarelo.net\/verdeamarelo\/wp-json\/wp\/v2\/comments?post=77190"}],"version-history":[{"count":0,"href":"https:\/\/verde-amarelo.net\/verdeamarelo\/wp-json\/wp\/v2\/posts\/77190\/revisions"}],"wp:attachment":[{"href":"https:\/\/verde-amarelo.net\/verdeamarelo\/wp-json\/wp\/v2\/media?parent=77190"}],"wp:term":[{"taxonomy":"category","embeddable":true,"href":"https:\/\/verde-amarelo.net\/verdeamarelo\/wp-json\/wp\/v2\/categories?post=77190"},{"taxonomy":"post_tag","embeddable":true,"href":"https:\/\/verde-amarelo.net\/verdeamarelo\/wp-json\/wp\/v2\/tags?post=77190"}],"curies":[{"name":"wp","href":"https:\/\/api.w.org\/{rel}","templated":true}]}}