{"id":77191,"date":"2019-12-13T22:39:00","date_gmt":"2019-12-14T01:39:00","guid":{"rendered":"https:\/\/verde-amarelo.net\/verdeamarelo\/2019\/12\/lafis-servicos-cresce-pelo-segundo-mes-consecutivo\/"},"modified":"2019-12-13T22:39:00","modified_gmt":"2019-12-14T01:39:00","slug":"lafis-servicos-cresce-pelo-segundo-mes-consecutivo","status":"publish","type":"post","link":"https:\/\/verde-amarelo.net\/verdeamarelo\/2019\/12\/lafis-servicos-cresce-pelo-segundo-mes-consecutivo\/","title":{"rendered":"LAFIS: Servi\u00e7os cresce pelo segundo m\u00eas consecutivo"},"content":{"rendered":"<div class=\"xn-content\">\n<p>S\u00c3O PAULO, 13 de dezembro de 2019  &#8212; A Pesquisa Mensal de Servi\u00e7os referente ao m\u00eas de outubro de 2019, divulgada pelo IBGE no dia 12\/12, registrou avan\u00e7o igual a 0,8% no volume de servi\u00e7os prestados no pa\u00eds em rela\u00e7\u00e3o ao m\u00eas anterior na s\u00e9rie com ajuste sazonal, segundo crescimento consecutivo nesta base de compara\u00e7\u00e3o, acumulando alta de 2,2% nos \u00faltimos 2 meses. Quando comparado ao mesmo per\u00edodo do ano anterior, o setor tamb\u00e9m avan\u00e7ou e apresentou crescimento igual a 2,7%, sendo esta a sexta taxa positiva (n\u00e3o sequencial) observada em 2019. A varia\u00e7\u00e3o acumulada no ano foi de +0,8%, apontando para uma leve acelera\u00e7\u00e3o no ritmo de crescimento frente aos resultados observados no acumulado at\u00e9 agosto (0,5%) e setembro (0,6%), todos em compara\u00e7\u00e3o com o mesmo per\u00edodo de 2018. <\/p>\n<div class=\"PRN_ImbeddedAssetReference\" id=\"DivAssetPlaceHolder1\">\n<\/div>\n<p>Por fim, de forma semelhante, a varia\u00e7\u00e3o acumulada nos \u00faltimos 12 meses apresentou crescimento de 0,8%, o que mostra uma pequena acelera\u00e7\u00e3o em rela\u00e7\u00e3o ao per\u00edodo anterior (+0,7% em setembro). <\/p>\n<p>Dentre as cinco atividades contempladas pela pesquisa, quatro apresentaram crescimento mensal na s\u00e9rie ajustada, sendo elas &#8220;Servi\u00e7os de informa\u00e7\u00e3o e comunica\u00e7\u00e3o&#8221; (1,8%), &#8220;Transportes, servi\u00e7os auxiliares dos transportes e correio&#8221; (1,1%), &#8220;Servi\u00e7os prestados \u00e0s fam\u00edlias&#8221; (1,5%), e &#8220;Servi\u00e7os profissionais, administrativos e complementares&#8221; (0,1%). J\u00e1 &#8220;Outros servi\u00e7os&#8221; (-0,3%) foi a atividade que recuou no m\u00eas de outubro.<\/p>&nbsp;&nbsp;\n<p>No que diz respeito \u00e0 compara\u00e7\u00e3o com o mesmo per\u00edodo do ano anterior, a decomposi\u00e7\u00e3o do resultado mostra que todas as cinco atividades avaliadas registraram crescimento, representando 53,0% das 166 atividades avaliadas. S\u00e3o elas: &#8220;Servi\u00e7os de informa\u00e7\u00e3o e comunica\u00e7\u00e3o&#8221; (5,1%), &#8220;Servi\u00e7os profissionais, administrativos e complementares&#8221; (2,6%), &#8220;Outros servi\u00e7os&#8221; (4,2%), &#8220;Servi\u00e7os prestados \u00e0s fam\u00edlias&#8221; (2,5%), e &#8220;Transportes, servi\u00e7os auxiliares dos transportes e correio&#8221; (0,3%). <\/p>\n<p>Os resultados descritos anteriormente foram beneficiados pela maior quantidade de dias \u00fateis em outubro de 2019 (23) em rela\u00e7\u00e3o ao mesmo m\u00eas do ano anterior (22), favorecendo a contrata\u00e7\u00e3o de um maior volume de servi\u00e7os. Apesar disso, o crescimento acumulado entre julho e outubro deste ano (3,0%) foi suficiente para recuperar as perdas observadas no primeiro semestre (-1,8%), colocando o n\u00edvel de servi\u00e7os 1,2% acima do patamar observado em dezembro de 2018. Tal resultado mostra o in\u00edcio de uma recupera\u00e7\u00e3o mais consistente do setor, tendo em vista uma conjuntura mais favor\u00e1vel \u00e0 expans\u00e3o dos servi\u00e7os, com acelera\u00e7\u00e3o do ritmo de crescimento do setor neste \u00faltimo trimestre. Durante este per\u00edodo, espera-se um maior dinamismo da economia, diante das festas de final de ano e as f\u00e9rias, por exemplo, que dever\u00e3o ser beneficiadas pela libera\u00e7\u00e3o do FGTS e PIS\/Pasep, e pela gera\u00e7\u00e3o de vagas de empregos tempor\u00e1rios a fim de atender ao aumento da demanda t\u00edpica deste per\u00edodo.<\/p>&nbsp;&nbsp;\n<p>Dentre as atividades, mant\u00e9m-se o bom desempenho dos &#8220;Servi\u00e7os de Informa\u00e7\u00e3o e Comunica\u00e7\u00e3o&#8221;, que teve seu crescimento no m\u00eas impulsionado pelas subatividades ligadas \u00e0 tecnologia da informa\u00e7\u00e3o, com aumento na presta\u00e7\u00e3o de consultorias e suporte t\u00e9cnico em TI, por exemplo, e edi\u00e7\u00e3o integrada \u00e0 impress\u00e3o de livros em virtude do aumento na demanda do governo por livros did\u00e1ticos para o pr\u00f3ximo ano. <\/p>\n<p>Por fim, no que diz respeito \u00e0 varia\u00e7\u00e3o da receita nominal dos servi\u00e7os, em outubro, esta avan\u00e7ou 1,4% em rela\u00e7\u00e3o a setembro de 2019, e, em compara\u00e7\u00e3o com outubro de 2018, a varia\u00e7\u00e3o foi igual a 6,0%. A taxa acumulada nos \u00faltimos 12 meses manteve-se positiva, alcan\u00e7ando um crescimento igual a 4,3%.<\/p>&nbsp;&nbsp;\n<p><b>Especialista Respons\u00e1vel:<\/b>\u00a0Fernanda Rodrigues.\u00a0<b>\u00a0<br \/><\/br><\/b>Mestre em Economia Aplicada, pela Universidade Federal de S\u00e3o Carlos, atua como Especialista Setorial em Servi\u00e7os ao Consumidor, canalizando esfor\u00e7os para o desenvolvimento e processamento de pesquisas quantitativas\/qualitativas relacionadas aos mais variados tipos de servi\u00e7os &#8211; com\u00e9rcio varejista geral, bancos, sistemas de sa\u00fade, e-business, entre outros.<\/p>&nbsp;&nbsp;\n<p>Foto: <a href=\"https:\/\/mma.prnewswire.com\/media\/1044952\/lafis.jpg?p=original\" rel=\"nofollow noopener noreferrer\" target=\"_blank\">https:\/\/mma.prnewswire.com\/media\/1044952\/lafis.jpg?p=original<\/a> <\/p>\n<p><b>Mais Informa\u00e7\u00f5es:<\/b><\/p>\n<p><b>Lafis Consultoria \u2013 <\/b><b><a href=\"http:\/\/www.lafis.com.br\/\" rel=\"nofollow noopener noreferrer\" target=\"_blank\">www.lafis.com.br<\/a><\/b><br \/><\/br><b><a href=\"mailto:atendimento@lafis.com.br\" rel=\"nofollow\">atendimento@lafis.com.br<\/a><br \/><\/br>(11) 3257-2952<\/b><\/p>\n<div class=\"PRN_ImbeddedAssetReference\" id=\"DivAssetPlaceHolder2\">\n<\/div>\n<p>FONTE Lafis<\/p>\n<\/div>\n<p><!-- Este texto tem o apoio do Sistema ECOMPARE de lojas virtuais <a rel=\"nofollow\" href=\"https:\/\/prnewswire.com.br\/releases\/lafis-servicos-cresce-pelo-segundo-mes-consecutivo\/\">LAFIS: Servi\u00e7os cresce pelo segundo m\u00eas consecutivo<\/a> apareceu primeiro em <a rel=\"nofollow\" href=\"https:\/\/prnewswire.com.br\">PR Newswire<\/a>.<\/p>&nbsp;&nbsp;\n","protected":false},"excerpt":{"rendered":"<p>S\u00c3O PAULO, 13 de dezembro de 2019 &#8212; A Pesquisa Mensal de Servi\u00e7os referente ao&#8230;<\/p>\n","protected":false},"author":1,"featured_media":0,"comment_status":"open","ping_status":"open","sticky":false,"template":"","format":"standard","meta":{"fifu_image_url":"","fifu_image_alt":"","footnotes":""},"categories":[727],"tags":[],"class_list":["post-77191","post","type-post","status-publish","format-standard","hentry","category-noticias","wpcat-727-id"],"_links":{"self":[{"href":"https:\/\/verde-amarelo.net\/verdeamarelo\/wp-json\/wp\/v2\/posts\/77191","targetHints":{"allow":["GET"]}}],"collection":[{"href":"https:\/\/verde-amarelo.net\/verdeamarelo\/wp-json\/wp\/v2\/posts"}],"about":[{"href":"https:\/\/verde-amarelo.net\/verdeamarelo\/wp-json\/wp\/v2\/types\/post"}],"author":[{"embeddable":true,"href":"https:\/\/verde-amarelo.net\/verdeamarelo\/wp-json\/wp\/v2\/users\/1"}],"replies":[{"embeddable":true,"href":"https:\/\/verde-amarelo.net\/verdeamarelo\/wp-json\/wp\/v2\/comments?post=77191"}],"version-history":[{"count":0,"href":"https:\/\/verde-amarelo.net\/verdeamarelo\/wp-json\/wp\/v2\/posts\/77191\/revisions"}],"wp:attachment":[{"href":"https:\/\/verde-amarelo.net\/verdeamarelo\/wp-json\/wp\/v2\/media?parent=77191"}],"wp:term":[{"taxonomy":"category","embeddable":true,"href":"https:\/\/verde-amarelo.net\/verdeamarelo\/wp-json\/wp\/v2\/categories?post=77191"},{"taxonomy":"post_tag","embeddable":true,"href":"https:\/\/verde-amarelo.net\/verdeamarelo\/wp-json\/wp\/v2\/tags?post=77191"}],"curies":[{"name":"wp","href":"https:\/\/api.w.org\/{rel}","templated":true}]}}