{"id":77192,"date":"2019-12-13T21:00:00","date_gmt":"2019-12-14T00:00:00","guid":{"rendered":"https:\/\/verde-amarelo.net\/verdeamarelo\/2019\/12\/barbearia-vip-escolhe-miami-para-iniciar-expansao-internacional\/"},"modified":"2019-12-13T21:00:00","modified_gmt":"2019-12-14T00:00:00","slug":"barbearia-vip-escolhe-miami-para-iniciar-expansao-internacional","status":"publish","type":"post","link":"https:\/\/verde-amarelo.net\/verdeamarelo\/2019\/12\/barbearia-vip-escolhe-miami-para-iniciar-expansao-internacional\/","title":{"rendered":"Barbearia Vip escolhe Miami para iniciar expans\u00e3o internacional"},"content":{"rendered":"<div class=\"xn-content\">\n<p>FLORIAN\u00d3POLIS, <span class=\"xn-location\">Brasil<\/span>, 13 de dezembro de 2019  &#8212; A Barbearia Vip, a maior rede de est\u00e9tica masculina da Am\u00e9rica Latina, escolheu <span class=\"xn-location\">Miami<\/span> para iniciar \u00a0a expans\u00e3o internacional.<\/p>&nbsp;&nbsp;\n<div class=\"PRN_ImbeddedAssetReference\" id=\"DivAssetPlaceHolder1\">\n<\/div>\n<p>O CEO da rede, Victor Concei\u00e7\u00e3o, est\u00e1 em <span class=\"xn-location\">Miami<\/span> esta semana tratando da abertura da primeira franquia fora do <span class=\"xn-location\">Brasil<\/span>, do qual, junto com o s\u00f3cio, \u00a0Luiz Henrique Bonatti, j\u00e1 escolheram o im\u00f3vel em <span class=\"xn-location\">Downtown Miami<\/span>, \u00e1rea comercial movimentada com v\u00e1rios locais culturais e para eventos.<\/p>&nbsp;&nbsp;\n<p>A escolha da cidade norte-americana \u00e9 estrat\u00e9gica: cosmopolita, visitada por turistas de v\u00e1rias partes do mundo e forte economicamente. &#8220;E nossa pesquisa de mercado apontou que \u00e9 excelente a aceita\u00e7\u00e3o pelo nosso produto aqui. Esta mistura dos americanos com os latinos facilita nesta primeira investida fora do pa\u00eds&#8221;, explica Concei\u00e7\u00e3o.<\/p>&nbsp;&nbsp;\n<p>O segundo passo \u00e9 Europa e, segundo ele, <span class=\"xn-location\">Portugal<\/span> deve ser o primeiro pa\u00eds do Velho Continente a receber uma franquia da rede brasileira.<\/p>&nbsp;&nbsp;\n<p>Na segunda-feira (16\/12) a rede inaugura a 38\u00aa unidade no Boulevard 14\/32, no novo Floripa Aiport, em Florian\u00f3polis (SC), onde est\u00e1 a matriz e o escrit\u00f3rio central da rede. E no ver\u00e3o inaugura a 39\u00aa loja, em <span class=\"xn-location\">Porto Alegre<\/span> (RS), \u00a0a primeira naquele estado.<\/p>&nbsp;&nbsp;\n<p>A rede contrariou todos progn\u00f3sticos de crise crescendo mais de 500% (em 2015 tinha apenas tr\u00eas franquias).\u00a0O mercado brasileiro de produtos de beleza masculinos atingiu <span class=\"xn-money\">US$ 7,2<\/span> bilh\u00f5es em 2018, acumulando um crescimento de 69,7% nos \u00faltimos cinco anos, muito acima da m\u00e9dia global, que foi de 26%, segundo o Euromonitor, provedor de pesquisa de mercado.\u00a0<\/p>\n<p>Al\u00e9m dos servi\u00e7os de cabelo e barba, a nova barbearia conta com sistema open bar, mesa de sinuca, TV individual e games.\u00a0<\/p>\n<p>A Barbearia Vip conta com nova linha de roupas assinada pela grife Toro, r\u00f3tulo pr\u00f3prio de cerveja (a Beer Vip) e tamb\u00e9m linha pr\u00f3pria de produtos cosm\u00e9ticos.\u00a0<\/p>\n<p>2019 foi marcado pelo apoio ao esporte: patro3cina os times Figueirense e Ava\u00ed, \u00a0o surfista da elite mundial <span class=\"xn-person\">Michael Rodrigues<\/span>, o lutador de jiu-jitsu <span class=\"xn-person\">Luiz Saldanha<\/span>, al\u00e9m de diversos novos atletas.<\/p>&nbsp;&nbsp;\n<p>Foto &#8211; <a href=\"https:\/\/mma.prnewswire.com\/media\/1044915\/Victor_Conceicao_Luiz_Bonatti.jpg\" rel=\"nofollow noopener noreferrer\" target=\"_blank\">https:\/\/mma.prnewswire.com\/media\/1044915\/Victor_Conceicao_Luiz_Bonatti.jpg?p=original<\/a><\/p>\n<div class=\"PRN_ImbeddedAssetReference\" id=\"DivAssetPlaceHolder2\">\n<\/div>\n<p>FONTE Barbearia Vip<\/p>\n<\/div>\n<p><!-- Este texto tem o apoio do Sistema ECOMPARE de lojas virtuais <a rel=\"nofollow\" href=\"https:\/\/prnewswire.com.br\/releases\/barbearia-vip-escolhe-miami-para-iniciar-expansao-internacional\/\">Barbearia Vip escolhe Miami para iniciar expans\u00e3o internacional<\/a> apareceu primeiro em <a rel=\"nofollow\" href=\"https:\/\/prnewswire.com.br\">PR Newswire<\/a>.<\/p>&nbsp;&nbsp;\n","protected":false},"excerpt":{"rendered":"<p>FLORIAN\u00d3POLIS, Brasil, 13 de dezembro de 2019 &#8212; A Barbearia Vip, a maior rede de&#8230;<\/p>\n","protected":false},"author":1,"featured_media":0,"comment_status":"open","ping_status":"open","sticky":false,"template":"","format":"standard","meta":{"fifu_image_url":"","fifu_image_alt":"","footnotes":""},"categories":[727],"tags":[],"class_list":["post-77192","post","type-post","status-publish","format-standard","hentry","category-noticias","wpcat-727-id"],"_links":{"self":[{"href":"https:\/\/verde-amarelo.net\/verdeamarelo\/wp-json\/wp\/v2\/posts\/77192","targetHints":{"allow":["GET"]}}],"collection":[{"href":"https:\/\/verde-amarelo.net\/verdeamarelo\/wp-json\/wp\/v2\/posts"}],"about":[{"href":"https:\/\/verde-amarelo.net\/verdeamarelo\/wp-json\/wp\/v2\/types\/post"}],"author":[{"embeddable":true,"href":"https:\/\/verde-amarelo.net\/verdeamarelo\/wp-json\/wp\/v2\/users\/1"}],"replies":[{"embeddable":true,"href":"https:\/\/verde-amarelo.net\/verdeamarelo\/wp-json\/wp\/v2\/comments?post=77192"}],"version-history":[{"count":0,"href":"https:\/\/verde-amarelo.net\/verdeamarelo\/wp-json\/wp\/v2\/posts\/77192\/revisions"}],"wp:attachment":[{"href":"https:\/\/verde-amarelo.net\/verdeamarelo\/wp-json\/wp\/v2\/media?parent=77192"}],"wp:term":[{"taxonomy":"category","embeddable":true,"href":"https:\/\/verde-amarelo.net\/verdeamarelo\/wp-json\/wp\/v2\/categories?post=77192"},{"taxonomy":"post_tag","embeddable":true,"href":"https:\/\/verde-amarelo.net\/verdeamarelo\/wp-json\/wp\/v2\/tags?post=77192"}],"curies":[{"name":"wp","href":"https:\/\/api.w.org\/{rel}","templated":true}]}}