{"id":77193,"date":"2019-12-13T17:29:34","date_gmt":"2019-12-13T20:29:34","guid":{"rendered":"https:\/\/verde-amarelo.net\/verdeamarelo\/2019\/12\/ministerio-da-infraestrutura-apresenta-balanco-de-acoes-realizadas-em-2019\/"},"modified":"2019-12-13T17:29:34","modified_gmt":"2019-12-13T20:29:34","slug":"ministerio-da-infraestrutura-apresenta-balanco-de-acoes-realizadas-em-2019","status":"publish","type":"post","link":"https:\/\/verde-amarelo.net\/verdeamarelo\/2019\/12\/ministerio-da-infraestrutura-apresenta-balanco-de-acoes-realizadas-em-2019\/","title":{"rendered":"Minist\u00e9rio da Infraestrutura apresenta balan\u00e7o de a\u00e7\u00f5es realizadas em 2019"},"content":{"rendered":"<p style=\"text-align: center;\"><em>Governo concedeu 27 ativos em todos os modais de transporte; leil&otilde;es renderam R$ 9,4 bilh&otilde;es em investimentos e R$ 5,9 bilh&otilde;es em outorgas<\/em><\/p>\n<p style=\"text-align: justify;\">27 ativos. R$ 9,4 bilh&otilde;es em investimentos e R$ 5,9 bilh&otilde;es em outorgas. Esse &eacute; o resultado do primeiro ano do maior programa de concess&otilde;es de infraestrutura do mundo. Em 2019, todos os modais de transporte foram contemplados pelo Minist&eacute;rio da Infraestrutura: rodovi&aacute;rio, ferrovi&aacute;rio, aquavi&aacute;rio e a&eacute;reo. Todos os detalhes da carteira de projetos da pasta, at&eacute; 2022, est&atilde;o no site lan&ccedil;ado nesta sexta-feira (13): <a href=\"http:\/\/transportes.gov.br\/concessoes\/\">https:\/\/infraestrutura.gov.br\/concessoes\/<\/a>.<\/p>&nbsp;&nbsp;\n<p>&gt;&gt;<a href=\"http:\/\/transportes.gov.br\/ultimas-noticias\/9373-minist.html?eacute;rio-da-infraestrutura-apresenta-obras-e-a=&amp;ccedil;=&amp;otilde;es-priorit=&amp;aacute;rias-para-2020=\" style=\"color: #008000;\">&nbsp;Minist&eacute;rio da Infraestrutura apresenta obras e a&ccedil;&otilde;es priorit&aacute;rias para 2020<\/a><\/p>\n<p style=\"text-align: justify;\">Na &aacute;rea de rodovias, o governo concedeu a BR-364\/365\/GO\/MG, no trecho de 437 km entre Jata&iacute;\/GO &ndash; Uberl&acirc;ndia\/MG. J&aacute; no setor ferrovi&aacute;rio, houve o leil&atilde;o do tramo central da Ferrovia Norte-Sul, importante corredor que vai permitir o escoamento da safra do centro do pa&iacute;s at&eacute; os portos do Norte. Quando estiver em pleno funcionamento, a ferrovia vai permitir a liga&ccedil;&atilde;o cont&iacute;nua entre os portos de Santos\/SP e Itaqui\/MA.<\/p>&nbsp;&nbsp;\n<p style=\"text-align: justify;\">O setor portu&aacute;rio tamb&eacute;m foi contemplado nesse primeiro ano do governo Jair Bolsonaro. No total, 13 terminais foram concedidos &agrave; iniciativa privada (3 em Cabedelo\/PB, 1 em Vit&oacute;ria\/ES, 5 em Bel&eacute;m\/PA, 1 em Vila do Conde\/PA, 2 em Santos\/SP e 1 em Paranagu&aacute;\/PR).<\/p>&nbsp;&nbsp;\n<p style=\"text-align: justify;\">Por fim, na &aacute;rea de aeroportos foram leiloados 12 terminais, sendo seis no Nordeste, quatro no Centro-Oeste e dois no Sudeste. Os ativos, juntos, geraram outorga de R$ 2,3 bilh&otilde;es aos cofres p&uacute;blicos e v&atilde;o gerar investimentos da ordem de R$ R$ 3,5 bilh&otilde;es durante os 30 anos de concess&atilde;o.<\/p>&nbsp;&nbsp;\n<p style=\"text-align: justify;\">&ldquo;Nosso programa &eacute; robusto e 2019 foi apenas uma amostra do que vir&aacute; pela frente. Est&atilde;o previstos mais de R$ 231 bilh&otilde;es, contratados at&eacute; 2022, em investimentos privados para as pr&oacute;ximas d&eacute;cadas em portos, rodovias, ferrovias e aeroportos&rdquo;, ressalta o ministro da Infraestrutura, Tarc&iacute;sio Gomes de Freitas.<\/p>&nbsp;&nbsp;\n<p>&nbsp;<img decoding=\"async\" src=\"data:image\/gif;base64,R0lGODlhAQABAIAAAAAAAP\/\/\/ywAAAAAAQABAAACAUwAOw==\" fifu-lazy=\"1\" fifu-data-sizes=\"auto\" fifu-data-srcset=\"https:\/\/i1.wp.com\/transportes.gov.br\/images\/2019\/Noticias\/12\/MINFRA-arte-1-umanodeinfraestrutura.png?ssl=1&w=75&resize=75&ssl=1 75w, https:\/\/i1.wp.com\/transportes.gov.br\/images\/2019\/Noticias\/12\/MINFRA-arte-1-umanodeinfraestrutura.png?ssl=1&w=100&resize=100&ssl=1 100w, https:\/\/i1.wp.com\/transportes.gov.br\/images\/2019\/Noticias\/12\/MINFRA-arte-1-umanodeinfraestrutura.png?ssl=1&w=150&resize=150&ssl=1 150w, https:\/\/i1.wp.com\/transportes.gov.br\/images\/2019\/Noticias\/12\/MINFRA-arte-1-umanodeinfraestrutura.png?ssl=1&w=240&resize=240&ssl=1 240w, https:\/\/i1.wp.com\/transportes.gov.br\/images\/2019\/Noticias\/12\/MINFRA-arte-1-umanodeinfraestrutura.png?ssl=1&w=320&resize=320&ssl=1 320w, https:\/\/i1.wp.com\/transportes.gov.br\/images\/2019\/Noticias\/12\/MINFRA-arte-1-umanodeinfraestrutura.png?ssl=1&w=500&resize=500&ssl=1 500w, https:\/\/i1.wp.com\/transportes.gov.br\/images\/2019\/Noticias\/12\/MINFRA-arte-1-umanodeinfraestrutura.png?ssl=1&w=640&resize=640&ssl=1 640w, https:\/\/i1.wp.com\/transportes.gov.br\/images\/2019\/Noticias\/12\/MINFRA-arte-1-umanodeinfraestrutura.png?ssl=1&w=800&resize=800&ssl=1 800w, https:\/\/i1.wp.com\/transportes.gov.br\/images\/2019\/Noticias\/12\/MINFRA-arte-1-umanodeinfraestrutura.png?ssl=1&w=1024&resize=1024&ssl=1 1024w, https:\/\/i1.wp.com\/transportes.gov.br\/images\/2019\/Noticias\/12\/MINFRA-arte-1-umanodeinfraestrutura.png?ssl=1&w=1280&resize=1280&ssl=1 1280w, https:\/\/i1.wp.com\/transportes.gov.br\/images\/2019\/Noticias\/12\/MINFRA-arte-1-umanodeinfraestrutura.png?ssl=1&w=1600&resize=1600&ssl=1 1600w\" fifu-data-src=\"https:\/\/i1.wp.com\/transportes.gov.br\/images\/2019\/Noticias\/12\/MINFRA-arte-1-umanodeinfraestrutura.png?ssl=1\" alt=\"MINFRA arte 1 umanodeinfraestrutura\" style=\"display: block; margin-left: auto; margin-right: auto;\" \/><\/p>\n<p style=\"text-align: justify;\">Entre as principais obras p&uacute;blicas entregues pelo governo, um dos destaques foi a pavimenta&ccedil;&atilde;o da BR-163 no trecho de 51 km entre Moraes Almeida\/PA e Novo Progresso\/PA. Ap&oacute;s promessa feita pelo ministro no come&ccedil;o do ano, a rodovia, iniciada na d&eacute;cada de 1970, est&aacute;, agora, completamente asfaltada entre Sinop\/MT e Miritituba\/PA. O trecho pavimentado era o que faltava para interligar, definitivamente, os estados de Mato Grosso e Par&aacute;. Com a obra, al&eacute;m da garantia da chegada da safra, a rodovia vai possibilitar mais seguran&ccedil;a para os caminhoneiros, que, at&eacute; ent&atilde;o, passavam dias em atoleiros no trecho cr&iacute;tico em quest&atilde;o, principalmente em &eacute;poca de chuvas.<\/p>&nbsp;&nbsp;\n<p style=\"text-align: justify;\">Em 2019, o DNIT (Departamento Nacional de Infraestrutura de Transportes) entregou 400 quil&ocirc;metros de pavimenta&ccedil;&atilde;o nova. Tamb&eacute;m foram conclu&iacute;dos 1.400 quil&ocirc;metros de restaura&ccedil;&atilde;o de rodovias. Al&eacute;m disso, a autarquia reabriu 15 IP4&#8217;s (Instala&ccedil;&otilde;es Portu&aacute;rias de Pequeno Porte). Outras obras de destaque foram o alinhamento do Ber&ccedil;o 4 do Porto de Itaja&iacute;\/SC e a entrega do novo terminal do Aeroporto de Florian&oacute;polis\/SC.&nbsp;<\/p>\n<p><img decoding=\"async\" src=\"data:image\/gif;base64,R0lGODlhAQABAIAAAAAAAP\/\/\/ywAAAAAAQABAAACAUwAOw==\" fifu-lazy=\"1\" fifu-data-sizes=\"auto\" fifu-data-srcset=\"https:\/\/i0.wp.com\/transportes.gov.br\/images\/2019\/Noticias\/12\/MINFRA-arte-2-principaisobraspublicas-v2.png?ssl=1&w=75&resize=75&ssl=1 75w, https:\/\/i0.wp.com\/transportes.gov.br\/images\/2019\/Noticias\/12\/MINFRA-arte-2-principaisobraspublicas-v2.png?ssl=1&w=100&resize=100&ssl=1 100w, https:\/\/i0.wp.com\/transportes.gov.br\/images\/2019\/Noticias\/12\/MINFRA-arte-2-principaisobraspublicas-v2.png?ssl=1&w=150&resize=150&ssl=1 150w, https:\/\/i0.wp.com\/transportes.gov.br\/images\/2019\/Noticias\/12\/MINFRA-arte-2-principaisobraspublicas-v2.png?ssl=1&w=240&resize=240&ssl=1 240w, https:\/\/i0.wp.com\/transportes.gov.br\/images\/2019\/Noticias\/12\/MINFRA-arte-2-principaisobraspublicas-v2.png?ssl=1&w=320&resize=320&ssl=1 320w, https:\/\/i0.wp.com\/transportes.gov.br\/images\/2019\/Noticias\/12\/MINFRA-arte-2-principaisobraspublicas-v2.png?ssl=1&w=500&resize=500&ssl=1 500w, https:\/\/i0.wp.com\/transportes.gov.br\/images\/2019\/Noticias\/12\/MINFRA-arte-2-principaisobraspublicas-v2.png?ssl=1&w=640&resize=640&ssl=1 640w, https:\/\/i0.wp.com\/transportes.gov.br\/images\/2019\/Noticias\/12\/MINFRA-arte-2-principaisobraspublicas-v2.png?ssl=1&w=800&resize=800&ssl=1 800w, https:\/\/i0.wp.com\/transportes.gov.br\/images\/2019\/Noticias\/12\/MINFRA-arte-2-principaisobraspublicas-v2.png?ssl=1&w=1024&resize=1024&ssl=1 1024w, https:\/\/i0.wp.com\/transportes.gov.br\/images\/2019\/Noticias\/12\/MINFRA-arte-2-principaisobraspublicas-v2.png?ssl=1&w=1280&resize=1280&ssl=1 1280w, https:\/\/i0.wp.com\/transportes.gov.br\/images\/2019\/Noticias\/12\/MINFRA-arte-2-principaisobraspublicas-v2.png?ssl=1&w=1600&resize=1600&ssl=1 1600w\" fifu-data-src=\"https:\/\/i0.wp.com\/transportes.gov.br\/images\/2019\/Noticias\/12\/MINFRA-arte-2-principaisobraspublicas-v2.png?ssl=1\" alt=\"MINFRA arte 2 principaisobraspublicas v2\" style=\"display: block; margin-left: auto; margin-right: auto;\" \/><\/p>\n<p><strong>Outras a&ccedil;&otilde;es de destaque<\/strong><\/p>\n<p style=\"text-align: justify;\">O Minist&eacute;rio da Infraestrutura tamb&eacute;m otimizou processos internos na busca por mais efici&ecirc;ncia e melhor governan&ccedil;a, desenvolveu uma s&eacute;rie de a&ccedil;&otilde;es em prol do tr&acirc;nsito, por meio do Denatran, al&eacute;m de medidas com foco nos caminhoneiros e projetos que visam o desenvolvimento sustent&aacute;vel.<\/p>&nbsp;&nbsp;\n<p style=\"text-align: justify;\">Entre as principais a&ccedil;&otilde;es do Denatran, est&atilde;o a Carteira Digital de Tr&acirc;nsito (CDT), aplicativo que permite consultar o hist&oacute;rico de emiss&atilde;o da Carteira Nacional de Habilita&ccedil;&atilde;o, compartilhar o Certificado de Registro e Licenciamento de Ve&iacute;culo, exportar os documentos e consultar infra&ccedil;&otilde;es. O condutor tamb&eacute;m passou a receber alertas importantes, como aviso de vencimento da CNH e aviso de recall do ve&iacute;culo.<\/p>&nbsp;&nbsp;\n<p style=\"text-align: justify;\">Com o lan&ccedil;amento da portaria sobre recall, houve o aprimoramento do servi&ccedil;o de aviso a consumidores para substitui&ccedil;&atilde;o ou reparo de ve&iacute;culos ap&oacute;s a entrada no mercado, de forma digital. As regras foram modernizadas, tornando mais eficiente a comunica&ccedil;&atilde;o com os propriet&aacute;rios dos ve&iacute;culos.<\/p>&nbsp;&nbsp;\n<p style=\"text-align: justify;\">No &acirc;mbito do F&oacute;rum dos Caminhoneiros, o governo retomou di&aacute;logo constante com representantes do transporte de cargas. Cinco encontros foram realizados durante o ano. Entre as principais propostas formuladas juntamente com a categoria, em 2019, est&atilde;o linhas de cr&eacute;dito exclusivas, garantia de Pontos de Parada e Descanso (PPD) nas novas concess&otilde;es de rodovias, lan&ccedil;amento do Cart&atilde;o Caminhoneiro, que fixa pre&ccedil;o do diesel por 30 dias, e elabora&ccedil;&atilde;o do Cart&atilde;o Sa&uacute;de Caminhoneiro, que permite que o SUS seja acessado em territ&oacute;rio nacional pelos profissionais.<\/p>&nbsp;&nbsp;\n<p style=\"text-align: justify;\">Internamente, a pasta adotou medidas, como o Radar Anticorrup&ccedil;&atilde;o, para fortalecer o compromisso do governo no combate &agrave; fraude e &agrave; corrup&ccedil;&atilde;o dentro do minist&eacute;rio e de &oacute;rg&atilde;os federais vinculados &agrave; pasta. No total, 130 den&uacute;ncias foram apuradas, das quais 62 foram encaminhadas &agrave; Pol&iacute;cia Federal, &agrave; CGU (Controladoria Geral da Uni&atilde;o), ao TCU (Tribunal de Contas da Uni&atilde;o) e &agrave; AGU (Advocacia Geral da Uni&atilde;o). Al&eacute;m disso, 366 an&aacute;lises de integridade foram realizadas.<\/p>&nbsp;&nbsp;\n<p style=\"text-align: justify;\">O minist&eacute;rio tamb&eacute;m passou por uma robusta transforma&ccedil;&atilde;o digital. Em 2019, alcan&ccedil;ou a marca de 90% dos servi&ccedil;os digitalizados. Ao todo, 165 servi&ccedil;os passaram a ser ofertados no portal Gov.br. As mudan&ccedil;as possibilitaram redu&ccedil;&atilde;o de custos, maior agilidade e ganhos em competitividade para os usu&aacute;rios e para empresas que atuam no setor.<\/p>&nbsp;&nbsp;\n<p style=\"text-align: justify;\">Na &aacute;rea ambiental, o ministro assinou dois importantes acordos. O primeiro, em Nova York (EUA), com a Climate Bonds Initiative (CBI). Com o memorando de entendimento, a pasta buscou &ldquo;selo verde&rdquo; para os projetos de concess&atilde;o de ativos de infraestrutura, o que possibilitar&aacute; aos investidores acessar financiamento no mercado de t&iacute;tulos verdes.<\/p>&nbsp;&nbsp;\n<p style=\"text-align: justify;\">O governo assinou, ainda, memorando de entendimento para parceria junto &agrave; ag&ecirc;ncia de coopera&ccedil;&atilde;o t&eacute;cnica alem&atilde; Deutsche Gesellschaft f&uuml;r Internationale Zusammenarbeit (GIZ). O objetivo foi fortalecer e atualizar as diretrizes socioambientais do minist&eacute;rio, de modo a adequar a estrutura&ccedil;&atilde;o de a&ccedil;&otilde;es e projetos &agrave;s melhores pr&aacute;ticas de desenvolvimento sustent&aacute;vel.<\/p>&nbsp;&nbsp;\n<p><img decoding=\"async\" src=\"data:image\/gif;base64,R0lGODlhAQABAIAAAAAAAP\/\/\/ywAAAAAAQABAAACAUwAOw==\" fifu-lazy=\"1\" fifu-data-sizes=\"auto\" fifu-data-srcset=\"https:\/\/i1.wp.com\/transportes.gov.br\/images\/2019\/Noticias\/12\/MINFRA-arte-3-outrasacoesdestaque-v2.png?ssl=1&w=75&resize=75&ssl=1 75w, https:\/\/i1.wp.com\/transportes.gov.br\/images\/2019\/Noticias\/12\/MINFRA-arte-3-outrasacoesdestaque-v2.png?ssl=1&w=100&resize=100&ssl=1 100w, https:\/\/i1.wp.com\/transportes.gov.br\/images\/2019\/Noticias\/12\/MINFRA-arte-3-outrasacoesdestaque-v2.png?ssl=1&w=150&resize=150&ssl=1 150w, https:\/\/i1.wp.com\/transportes.gov.br\/images\/2019\/Noticias\/12\/MINFRA-arte-3-outrasacoesdestaque-v2.png?ssl=1&w=240&resize=240&ssl=1 240w, https:\/\/i1.wp.com\/transportes.gov.br\/images\/2019\/Noticias\/12\/MINFRA-arte-3-outrasacoesdestaque-v2.png?ssl=1&w=320&resize=320&ssl=1 320w, https:\/\/i1.wp.com\/transportes.gov.br\/images\/2019\/Noticias\/12\/MINFRA-arte-3-outrasacoesdestaque-v2.png?ssl=1&w=500&resize=500&ssl=1 500w, https:\/\/i1.wp.com\/transportes.gov.br\/images\/2019\/Noticias\/12\/MINFRA-arte-3-outrasacoesdestaque-v2.png?ssl=1&w=640&resize=640&ssl=1 640w, https:\/\/i1.wp.com\/transportes.gov.br\/images\/2019\/Noticias\/12\/MINFRA-arte-3-outrasacoesdestaque-v2.png?ssl=1&w=800&resize=800&ssl=1 800w, https:\/\/i1.wp.com\/transportes.gov.br\/images\/2019\/Noticias\/12\/MINFRA-arte-3-outrasacoesdestaque-v2.png?ssl=1&w=1024&resize=1024&ssl=1 1024w, https:\/\/i1.wp.com\/transportes.gov.br\/images\/2019\/Noticias\/12\/MINFRA-arte-3-outrasacoesdestaque-v2.png?ssl=1&w=1280&resize=1280&ssl=1 1280w, https:\/\/i1.wp.com\/transportes.gov.br\/images\/2019\/Noticias\/12\/MINFRA-arte-3-outrasacoesdestaque-v2.png?ssl=1&w=1600&resize=1600&ssl=1 1600w\" fifu-data-src=\"https:\/\/i1.wp.com\/transportes.gov.br\/images\/2019\/Noticias\/12\/MINFRA-arte-3-outrasacoesdestaque-v2.png?ssl=1\" alt=\"MINFRA arte 3 outrasacoesdestaque v2\" style=\"display: block; margin-left: auto; margin-right: auto;\" \/><\/p>\n<p style=\"list-style: none; vertical-align: baseline; margin: 0px 0px 10px; padding: 0px; line-height: 1.75em; font-size: 14px; font-family: open_sansregular, 'Open Sans', Arial, Helvetica, sans-serif;\">Assessoria Especial de Comunica&ccedil;&atilde;o<br \/>Minist&eacute;rio da Infraestrutura<\/p>\n<p> <a href=\"http:\/\/transportes.gov.br\/ultimas-noticias\/9372-minist%C3%A9rio-da-infraestrutura-apresenta-balan%C3%A7o-de-a%C3%A7%C3%B5es-realizadas-em-2019.html\" target=\"_blank\" rel=\"noopener noreferrer\">Mais em http:\/\/transportes.gov.br\/ultimas-noticias\/9372-minist%C3%A9rio-da-infraestrutura-apresenta-balan%C3%A7o-de-a%C3%A7%C3%B5es-realizadas-em-2019.html<\/a><\/p>\n","protected":false},"excerpt":{"rendered":"<p>Governo concedeu 27 ativos em todos os modais de transporte; leil&otilde;es renderam R$ 9,4 bilh&otilde;es&#8230;<\/p>\n","protected":false},"author":1,"featured_media":0,"comment_status":"open","ping_status":"open","sticky":false,"template":"","format":"standard","meta":{"fifu_image_url":"","fifu_image_alt":"","footnotes":""},"categories":[727],"tags":[7760],"class_list":["post-77193","post","type-post","status-publish","format-standard","hentry","category-noticias","tag-ultimas-noticias","wpcat-727-id"],"_links":{"self":[{"href":"https:\/\/verde-amarelo.net\/verdeamarelo\/wp-json\/wp\/v2\/posts\/77193","targetHints":{"allow":["GET"]}}],"collection":[{"href":"https:\/\/verde-amarelo.net\/verdeamarelo\/wp-json\/wp\/v2\/posts"}],"about":[{"href":"https:\/\/verde-amarelo.net\/verdeamarelo\/wp-json\/wp\/v2\/types\/post"}],"author":[{"embeddable":true,"href":"https:\/\/verde-amarelo.net\/verdeamarelo\/wp-json\/wp\/v2\/users\/1"}],"replies":[{"embeddable":true,"href":"https:\/\/verde-amarelo.net\/verdeamarelo\/wp-json\/wp\/v2\/comments?post=77193"}],"version-history":[{"count":0,"href":"https:\/\/verde-amarelo.net\/verdeamarelo\/wp-json\/wp\/v2\/posts\/77193\/revisions"}],"wp:attachment":[{"href":"https:\/\/verde-amarelo.net\/verdeamarelo\/wp-json\/wp\/v2\/media?parent=77193"}],"wp:term":[{"taxonomy":"category","embeddable":true,"href":"https:\/\/verde-amarelo.net\/verdeamarelo\/wp-json\/wp\/v2\/categories?post=77193"},{"taxonomy":"post_tag","embeddable":true,"href":"https:\/\/verde-amarelo.net\/verdeamarelo\/wp-json\/wp\/v2\/tags?post=77193"}],"curies":[{"name":"wp","href":"https:\/\/api.w.org\/{rel}","templated":true}]}}