{"id":77194,"date":"2019-12-13T17:34:25","date_gmt":"2019-12-13T20:34:25","guid":{"rendered":"https:\/\/verde-amarelo.net\/verdeamarelo\/2019\/12\/ministerio-da-infraestrutura-apresenta-obras-e-acoes-prioritarias-para-2020\/"},"modified":"2019-12-13T17:34:25","modified_gmt":"2019-12-13T20:34:25","slug":"ministerio-da-infraestrutura-apresenta-obras-e-acoes-prioritarias-para-2020","status":"publish","type":"post","link":"https:\/\/verde-amarelo.net\/verdeamarelo\/2019\/12\/ministerio-da-infraestrutura-apresenta-obras-e-acoes-prioritarias-para-2020\/","title":{"rendered":"Minist\u00e9rio da Infraestrutura apresenta obras e a\u00e7\u00f5es priorit\u00e1rias para 2020"},"content":{"rendered":"<p style=\"text-align: center;\"><em>Expectativa &eacute; leiloar 44 ativos de infraestrutura e entregar o equivalente a uma obra p&uacute;blica por semana<\/em><\/p>\n<p style=\"text-align: justify;\">Se 2019 foi promissor em termos de concess&otilde;es de ativos em infraestrutura e inaugura&ccedil;&atilde;o de obras p&uacute;blicas, as expectativas do Minist&eacute;rio da Infraestrutura para 2020 s&atilde;o ainda melhores. Est&atilde;o previstos 44 leil&otilde;es nos quatro modais de transporte: rodovi&aacute;rio, ferrovi&aacute;rio, aquavi&aacute;rio e a&eacute;reo. Al&eacute;m disso, a previs&atilde;o &eacute; que mais de 50 obras p&uacute;blicas sejam entregues, o equivalente a cerca de uma obra por semana.<\/p>&nbsp;&nbsp;\n<p>&gt;&gt; <a href=\"http:\/\/transportes.gov.br\/ultimas-noticias\/9372-minist.html?eacute;rio-da-infraestrutura-apresenta-balan=&amp;ccedil;o-de-a=&amp;ccedil;=&amp;otilde;es-realizadas-em-2019=\" style=\"color: #008000;\">Minist&eacute;rio da Infraestrutura apresenta balan&ccedil;o de a&ccedil;&otilde;es realizadas em 2019<\/a><\/p>\n<p style=\"text-align: justify;\">Importantes ativos ser&atilde;o repassados &agrave; iniciativa privada. Ser&atilde;o sete rodovias, duas ferrovias, nove terminais portu&aacute;rios e 22 aeroportos, al&eacute;m da renova&ccedil;&atilde;o antecipada de quatro concession&aacute;rias do transporte ferrovi&aacute;rio de cargas. A expectativa, somente com os leil&otilde;es do pr&oacute;ximo ano, &eacute; alcan&ccedil;ar a meta de R$ 101 bilh&otilde;es em investimentos.<\/p>&nbsp;&nbsp;\n<p style=\"text-align: justify;\">A BR-163\/230\/MT\/PA, por exemplo, ser&aacute; leiloada no trecho de 970 km entre Sinop\/MT e Miritituba\/PA. A rodovia &eacute; ponto focal na rota de escoamento da safra de gr&atilde;os produzidos, sobretudo no estado do Mato Grosso at&eacute; os portos do Arco-Norte, e teve a pavimenta&ccedil;&atilde;o conclu&iacute;da pelo DNIT (Departamento Nacional de Infraestrutura de Transportes) este ano. A concess&atilde;o vai garantir a manuten&ccedil;&atilde;o e a trafegabilidade da via, impedindo, assim, os atoleiros que ocorriam em per&iacute;odos de chuvas. Outra importante rodovia, a BR-101\/SC, j&aacute; tem data do leil&atilde;o marcada: 21\/02. O trecho de 220 km da BR, entre a divisa de Santa Catarina com o Rio Grande do Sul e o munic&iacute;pio de Paulo Lopes\/SC, ser&aacute; repassado &agrave; iniciativa privada e promover&aacute; a rota tur&iacute;stica que d&aacute; acesso ao litoral do Sul do pa&iacute;s.<\/p>&nbsp;&nbsp;\n<p style=\"text-align: justify;\">No setor ferrovi&aacute;rio, o governo vai leiloar trecho de 537 km da FIOL (Ferrovia de Integra&ccedil;&atilde;o Oeste-Leste), entre Ilh&eacute;us\/BA e Caetit&eacute;\/BA. Outra importante ferrovia da carteira de projetos do minist&eacute;rio &eacute; a Ferrogr&atilde;o, no trecho de 1.142 km entre Lucas do Rio Verde\/MT &ndash; Sinop\/MT &ndash; Miritituba\/PA. Uma vez conclu&iacute;da, a linha f&eacute;rrea vai desafogar o grande volume de caminh&otilde;es que trafegam pela BR-163, mudando a destina&ccedil;&atilde;o da carga da rodovia para a ferrovia.<\/p>&nbsp;&nbsp;\n<p style=\"text-align: justify;\">Mais um relevante leil&atilde;o vai ocorrer logo no primeiro trimestre do ano. Em 27\/03, o Terminal Mar&iacute;timo de Passageiros de Fortaleza\/CE ser&aacute; repassado &agrave; iniciativa privada, aumentando em 50% a movimenta&ccedil;&atilde;o de turistas no local, que desde o in&iacute;cio das suas atividades recebeu 42 embarca&ccedil;&otilde;es e m&eacute;dia de 63,5 mil passageiros. O setor portu&aacute;rio ter&aacute;, ainda, outros oito terminais concedidos em Paranagu&aacute;\/PR, Itaqui\/MA, Santos\/SP e Salvador\/BA.<\/p>&nbsp;&nbsp;\n<p style=\"text-align: justify;\">Por fim, o setor a&eacute;reo tamb&eacute;m tem uma carteira robusta de projetos a serem leiloados em 2020. No total, 22 aeroportos ser&atilde;o concedidos, durante a 6&ordf; rodada, incluindo os terminais de capitais como Curitiba\/PR, Manaus\/AM e Goi&acirc;nia\/GO. Para esse leil&atilde;o, a previs&atilde;o &eacute; de R$ 5 bilh&otilde;es em investimentos.<\/p>&nbsp;&nbsp;\n<p style=\"text-align: justify;\">&#8220;Eu tenho certeza que a gente vai ter um programa de concess&atilde;o muito bem-sucedido tamb&eacute;m em 2020&#8221;, afirma o ministro Tarc&iacute;sio de Freitas. &#8220;Tenho percebido uma confian&ccedil;a muito consistente de que nosso programa de concess&otilde;es vai dar certo, nosso programa de infraestrutura vai dar certo e, mais do que isso, o Brasil vai dar certo&#8221;, destaca.<\/p>&nbsp;&nbsp;\n<p><img decoding=\"async\" src=\"data:image\/gif;base64,R0lGODlhAQABAIAAAAAAAP\/\/\/ywAAAAAAQABAAACAUwAOw==\" fifu-lazy=\"1\" fifu-data-sizes=\"auto\" fifu-data-srcset=\"https:\/\/i2.wp.com\/transportes.gov.br\/images\/2019\/Noticias\/12\/MINFRA-arte-4-em2020vaidarcerto-v2.png?ssl=1&w=75&resize=75&ssl=1 75w, https:\/\/i2.wp.com\/transportes.gov.br\/images\/2019\/Noticias\/12\/MINFRA-arte-4-em2020vaidarcerto-v2.png?ssl=1&w=100&resize=100&ssl=1 100w, https:\/\/i2.wp.com\/transportes.gov.br\/images\/2019\/Noticias\/12\/MINFRA-arte-4-em2020vaidarcerto-v2.png?ssl=1&w=150&resize=150&ssl=1 150w, https:\/\/i2.wp.com\/transportes.gov.br\/images\/2019\/Noticias\/12\/MINFRA-arte-4-em2020vaidarcerto-v2.png?ssl=1&w=240&resize=240&ssl=1 240w, https:\/\/i2.wp.com\/transportes.gov.br\/images\/2019\/Noticias\/12\/MINFRA-arte-4-em2020vaidarcerto-v2.png?ssl=1&w=320&resize=320&ssl=1 320w, https:\/\/i2.wp.com\/transportes.gov.br\/images\/2019\/Noticias\/12\/MINFRA-arte-4-em2020vaidarcerto-v2.png?ssl=1&w=500&resize=500&ssl=1 500w, https:\/\/i2.wp.com\/transportes.gov.br\/images\/2019\/Noticias\/12\/MINFRA-arte-4-em2020vaidarcerto-v2.png?ssl=1&w=640&resize=640&ssl=1 640w, https:\/\/i2.wp.com\/transportes.gov.br\/images\/2019\/Noticias\/12\/MINFRA-arte-4-em2020vaidarcerto-v2.png?ssl=1&w=800&resize=800&ssl=1 800w, https:\/\/i2.wp.com\/transportes.gov.br\/images\/2019\/Noticias\/12\/MINFRA-arte-4-em2020vaidarcerto-v2.png?ssl=1&w=1024&resize=1024&ssl=1 1024w, https:\/\/i2.wp.com\/transportes.gov.br\/images\/2019\/Noticias\/12\/MINFRA-arte-4-em2020vaidarcerto-v2.png?ssl=1&w=1280&resize=1280&ssl=1 1280w, https:\/\/i2.wp.com\/transportes.gov.br\/images\/2019\/Noticias\/12\/MINFRA-arte-4-em2020vaidarcerto-v2.png?ssl=1&w=1600&resize=1600&ssl=1 1600w\" fifu-data-src=\"https:\/\/i2.wp.com\/transportes.gov.br\/images\/2019\/Noticias\/12\/MINFRA-arte-4-em2020vaidarcerto-v2.png?ssl=1\" alt=\"MINFRA arte 4 em2020vaidarcerto v2\" style=\"display: block; margin-left: auto; margin-right: auto;\" \/><\/p>\n<p><strong>Principais obras<\/strong><\/p>\n<p style=\"text-align: justify;\">Em rela&ccedil;&atilde;o &agrave;s obras p&uacute;blicas, o governo espera inaugurar o equivalente a uma obra por semana em todo o pa&iacute;s. O volume de projetos &eacute; extenso, sobretudo no setor rodovi&aacute;rio. Um dos destaques &eacute; a duplica&ccedil;&atilde;o de trechos da BR-381\/MG, nos munic&iacute;pios de Ant&ocirc;nio Dias\/MG e Caet&eacute;\/MG. Outro projeto esperado &eacute; a dragagem do Porto do Rio Grande\/RS, que vai retirar cerca de 16 milh&otilde;es de metros c&uacute;bicos de sedimentos depositados ao longo dos 30 quil&ocirc;metros do canal de acesso ao porto. No setor a&eacute;reo, o governo espera, entre outras obras, ampliar o aeroporto de Fortaleza\/CE e realizar melhorias nos terminais de Foz do Igua&ccedil;u\/PR e de Navegantes\/SC.&nbsp;<\/p>\n<p><img decoding=\"async\" src=\"data:image\/gif;base64,R0lGODlhAQABAIAAAAAAAP\/\/\/ywAAAAAAQABAAACAUwAOw==\" fifu-lazy=\"1\" fifu-data-sizes=\"auto\" fifu-data-srcset=\"https:\/\/i1.wp.com\/transportes.gov.br\/images\/2019\/Noticias\/12\/MINFRA-arte-5-principaisobrasem2020.png?ssl=1&w=75&resize=75&ssl=1 75w, https:\/\/i1.wp.com\/transportes.gov.br\/images\/2019\/Noticias\/12\/MINFRA-arte-5-principaisobrasem2020.png?ssl=1&w=100&resize=100&ssl=1 100w, https:\/\/i1.wp.com\/transportes.gov.br\/images\/2019\/Noticias\/12\/MINFRA-arte-5-principaisobrasem2020.png?ssl=1&w=150&resize=150&ssl=1 150w, https:\/\/i1.wp.com\/transportes.gov.br\/images\/2019\/Noticias\/12\/MINFRA-arte-5-principaisobrasem2020.png?ssl=1&w=240&resize=240&ssl=1 240w, https:\/\/i1.wp.com\/transportes.gov.br\/images\/2019\/Noticias\/12\/MINFRA-arte-5-principaisobrasem2020.png?ssl=1&w=320&resize=320&ssl=1 320w, https:\/\/i1.wp.com\/transportes.gov.br\/images\/2019\/Noticias\/12\/MINFRA-arte-5-principaisobrasem2020.png?ssl=1&w=500&resize=500&ssl=1 500w, https:\/\/i1.wp.com\/transportes.gov.br\/images\/2019\/Noticias\/12\/MINFRA-arte-5-principaisobrasem2020.png?ssl=1&w=640&resize=640&ssl=1 640w, https:\/\/i1.wp.com\/transportes.gov.br\/images\/2019\/Noticias\/12\/MINFRA-arte-5-principaisobrasem2020.png?ssl=1&w=800&resize=800&ssl=1 800w, https:\/\/i1.wp.com\/transportes.gov.br\/images\/2019\/Noticias\/12\/MINFRA-arte-5-principaisobrasem2020.png?ssl=1&w=1024&resize=1024&ssl=1 1024w, https:\/\/i1.wp.com\/transportes.gov.br\/images\/2019\/Noticias\/12\/MINFRA-arte-5-principaisobrasem2020.png?ssl=1&w=1280&resize=1280&ssl=1 1280w, https:\/\/i1.wp.com\/transportes.gov.br\/images\/2019\/Noticias\/12\/MINFRA-arte-5-principaisobrasem2020.png?ssl=1&w=1600&resize=1600&ssl=1 1600w\" fifu-data-src=\"https:\/\/i1.wp.com\/transportes.gov.br\/images\/2019\/Noticias\/12\/MINFRA-arte-5-principaisobrasem2020.png?ssl=1\" alt=\"MINFRA arte 5 principaisobrasem2020\" style=\"display: block; margin-left: auto; margin-right: auto;\" \/><\/p>\n<p>&nbsp;<\/p>\n<p>Assessoria Especial de Comunica&ccedil;&atilde;o<br \/>Minist&eacute;rio da Infraestrutura<\/p>\n<p> <a href=\"http:\/\/transportes.gov.br\/ultimas-noticias\/9373-minist%C3%A9rio-da-infraestrutura-apresenta-obras-e-a%C3%A7%C3%B5es-priorit%C3%A1rias-para-2020.html\" target=\"_blank\" rel=\"noopener noreferrer\">Mais em http:\/\/transportes.gov.br\/ultimas-noticias\/9373-minist%C3%A9rio-da-infraestrutura-apresenta-obras-e-a%C3%A7%C3%B5es-priorit%C3%A1rias-para-2020.html<\/a><\/p>\n","protected":false},"excerpt":{"rendered":"<p>Expectativa &eacute; leiloar 44 ativos de infraestrutura e entregar o equivalente a uma obra p&uacute;blica&#8230;<\/p>\n","protected":false},"author":1,"featured_media":0,"comment_status":"open","ping_status":"open","sticky":false,"template":"","format":"standard","meta":{"fifu_image_url":"","fifu_image_alt":"","footnotes":""},"categories":[727],"tags":[7760],"class_list":["post-77194","post","type-post","status-publish","format-standard","hentry","category-noticias","tag-ultimas-noticias","wpcat-727-id"],"_links":{"self":[{"href":"https:\/\/verde-amarelo.net\/verdeamarelo\/wp-json\/wp\/v2\/posts\/77194","targetHints":{"allow":["GET"]}}],"collection":[{"href":"https:\/\/verde-amarelo.net\/verdeamarelo\/wp-json\/wp\/v2\/posts"}],"about":[{"href":"https:\/\/verde-amarelo.net\/verdeamarelo\/wp-json\/wp\/v2\/types\/post"}],"author":[{"embeddable":true,"href":"https:\/\/verde-amarelo.net\/verdeamarelo\/wp-json\/wp\/v2\/users\/1"}],"replies":[{"embeddable":true,"href":"https:\/\/verde-amarelo.net\/verdeamarelo\/wp-json\/wp\/v2\/comments?post=77194"}],"version-history":[{"count":0,"href":"https:\/\/verde-amarelo.net\/verdeamarelo\/wp-json\/wp\/v2\/posts\/77194\/revisions"}],"wp:attachment":[{"href":"https:\/\/verde-amarelo.net\/verdeamarelo\/wp-json\/wp\/v2\/media?parent=77194"}],"wp:term":[{"taxonomy":"category","embeddable":true,"href":"https:\/\/verde-amarelo.net\/verdeamarelo\/wp-json\/wp\/v2\/categories?post=77194"},{"taxonomy":"post_tag","embeddable":true,"href":"https:\/\/verde-amarelo.net\/verdeamarelo\/wp-json\/wp\/v2\/tags?post=77194"}],"curies":[{"name":"wp","href":"https:\/\/api.w.org\/{rel}","templated":true}]}}