{"id":77195,"date":"2019-12-15T15:55:00","date_gmt":"2019-12-15T18:55:00","guid":{"rendered":"https:\/\/verde-amarelo.net\/verdeamarelo\/2019\/12\/project-qatar-mobility-shuttles-autodirigiveis-posicionados-para-elevar-o-transporte-publico-local-de-doha-para-um-novo-patamar-em-2022\/"},"modified":"2019-12-15T15:55:00","modified_gmt":"2019-12-15T18:55:00","slug":"project-qatar-mobility-shuttles-autodirigiveis-posicionados-para-elevar-o-transporte-publico-local-de-doha-para-um-novo-patamar-em-2022","status":"publish","type":"post","link":"https:\/\/verde-amarelo.net\/verdeamarelo\/2019\/12\/project-qatar-mobility-shuttles-autodirigiveis-posicionados-para-elevar-o-transporte-publico-local-de-doha-para-um-novo-patamar-em-2022\/","title":{"rendered":"\u2018Project Qatar Mobility\u2019: shuttles autodirig\u00edveis posicionados para elevar o transporte p\u00fablico local de Doha para um novo patamar em 2022"},"content":{"rendered":"<div class=\"xn-content\">\n<p><span class=\"xn-location\">HANNOVER<\/span>, Alemanha,\u00a0e <span class=\"xn-location\">DOHA<\/span>, Catar, 15 de dezembro de 2019  &#8212;\u00a0<\/p>\n<div class=\"PRN_ImbeddedAssetReference\" id=\"DivAssetPlaceHolder1\">\n<\/div>\n<ul type=\"disc\">\n<li><b>A QIA e a Volkswagen AG anunciam lan\u00e7amento pioneiro de iniciativa de transporte el\u00e9trico aut\u00f4nomo para transformar a mobilidade urbana no Catar<\/b> <\/li>\n<li><b>Prot\u00f3tipos dos<\/b>\u00a0<b><i>shuttles<\/i> ID. BUZZ AD da Volkswagen Commercial Vehicles e \u00f4nibus da Scania ir\u00e3o operar em um sistema de autodirig\u00edveis (SDS \u2013 <i>self-driving system<\/i>) com emiss\u00f5es zero.<\/b> <\/li>\n<li><b>O <i>app<\/i> do transporte de aplicativo (<i>ride hailing<\/i>) da MOIA \u00e9 usado para operar o servi\u00e7o, a<\/b>\u00a0<b>AID fornece conhecimentos de SDS<\/b> <\/li>\n<li><b>Plano de A\u00e7\u00e3o da Dire\u00e7\u00e3o Aut\u00f4noma progride<\/b><\/li>\n<\/ul>\n<p><b>Hoje, no F\u00f3rum de <span class=\"xn-location\">Doha<\/span> em Catar, na presen\u00e7a de sua excel\u00eancia o vice-primeiro-ministro e ministro de Rela\u00e7\u00f5es Exteriores, Xeique Mohamed bin Abdulrahman al-Thani, representantes da Volkswagen AG e da Autoridade de Investimento do Catar (QIA \u2013<i> Qatar Investment Authority<\/i>) assinaram o Projeto de Mobilidade de Catar (&#8220;<i>Project Qatar Mobility<\/i>&#8220;). A assinatura foi testemunhada por diversos ministros do Catar, dignit\u00e1rios e altos representantes do Catar e da Alemanha.<\/b><\/p>\n<p><b>Pela primeira vez, uma frota avan\u00e7ada de <i>shuttles<\/i> el\u00e9tricos autodirig\u00edveis, de n\u00edvel 4, ir\u00e1 prenunciar uma nova era de mobilidade urbana na capital do Catar em 2022: Mais cedo, hoje, no F\u00f3rum de <span class=\"xn-location\">Doha<\/span> no Catar, na presen\u00e7a de diversos dignit\u00e1rios do Catar, representantes da Volkswagen AG e da Autoridade de Investimento do Catar (QIA \u2013 <i>Qatar Investment Authority<\/i>) assinaram o Projeto de Mobilidade de Catar (&#8220;<i>Project Qatar Mobility<\/i>&#8220;).<\/b><\/p>\n<p><b>O objetivo \u00e9 desenvolver um projeto revolucion\u00e1rio de transporte aut\u00f4nomo e transformar o futuro da mobilidade urbana para o emprego sustent\u00e1vel e comercial de servi\u00e7os de <i>shuttles<\/i> AD e de \u00f4nibus \u2013 para al\u00e9m de 2022. Promovendo uma colabora\u00e7\u00e3o intermarcas como modelo para futuras solu\u00e7\u00f5es de AD, a Volkswagen Commercial Vehicles, a Scania, a MOIA e a AID-Autonomous Intelligent Driving ir\u00e3o exercer um papel importante nesse projeto. Durante o maior evento esportivo do mundo, o Catar ser\u00e1 o palco do primeiro sistema de transporte p\u00fablico urbano el\u00e9trico, aut\u00f4nomo e sem emiss\u00f5es do mundo.<\/b><\/p>\n<p>O contrato foi assinado hoje pelo presidente-executivo da QIA, <span class=\"xn-person\">Mansoor Al-Mahmoud<\/span>, e pelo presidente do conselho do Grupo Volkswagen, Dr <span class=\"xn-person\">Herbert Diess<\/span>, em uma cerim\u00f4nia em <span class=\"xn-location\">Doha<\/span>. A iniciativa, que \u00e9 conhecida como &#8220;Projeto de Mobilidade do Catar&#8221; (&#8220;<i>Project Qatar Mobility<\/i>&#8220;), ressalta o compromisso m\u00fatuo das tecnologias inteligentes e do transporte verde:<\/p>\n<p>A QIA e a Volkswagen v\u00e3o trabalhar juntas para desenvolver a infraestrutura f\u00edsica e digital requeridas para integrar, com perfei\u00e7\u00e3o, a frota de ve\u00edculos autodirig\u00edveis com a rede de transporte p\u00fablico existente em <span class=\"xn-location\">Doha<\/span>. Os <i>shuttles<\/i> el\u00e9tricos e aut\u00f4nomos ID. BUZZ AD da Volkswagen Commercial Vehicles ir\u00e3o transportar at\u00e9 quatro passageiros na \u00e1rea de Westbay em rotas semifixas, enquanto os \u00f4nibus Scania de alta tecnologia ir\u00e3o transportar grupos maiores. As unidades do Grupo Volkswagen AID e MOIA ir\u00e3o fornecer o conhecimento de SDS e o <i>software<\/i> do aplicativo para operar o servi\u00e7o. Pela primeira vez, quatro marcas do Grupo Volkswagen trabalham juntas em um projeto de mobilidade urbana.<\/p>&nbsp;&nbsp;\n<p>Esse projeto hist\u00f3rico ir\u00e1 criar um ecossistema hol\u00edstico para a dire\u00e7\u00e3o aut\u00f4noma, incluindo a cria\u00e7\u00e3o de estrutura jur\u00eddica apropriada, infraestrutura de cidade inteligente e transfer\u00eancia de conhecimentos, que pode ser usado como um modelo para transformar a mobilidade urbana, tanto em Catar como em outros pa\u00edses. Os testes fechados dos ve\u00edculos <i>shuttle<\/i> e dos \u00f4nibus dever\u00e3o come\u00e7ar em 2020 e as experimenta\u00e7\u00f5es ir\u00e3o come\u00e7ar ainda em 2021. O projeto entrar\u00e1 em opera\u00e7\u00e3o em 2022, fornecendo uma amostra t\u00e9cnica da dire\u00e7\u00e3o aut\u00f4noma no futuro.<\/p>&nbsp;&nbsp;\n<p>O presidente do conselho da Volkswagen, Dr <span class=\"xn-person\">Herbert Diess<\/span>, disse: &#8220;O Projeto de Mobilidade do Catar ir\u00e1 exercer um papel muito importante em nossa &#8220;Estrat\u00e9gia Juntos 2025+&#8221; (&#8220;<i>Strategy Together 2025+<\/i>&#8220;). Lidar com o crescimento econ\u00f4mico, desenvolvimento social e dificuldades da gest\u00e3o ambiental, identificados como parte de nossa vis\u00e3o, e acentua nosso compromisso de investir na mobilidade de pr\u00f3xima gera\u00e7\u00e3o. Iremos experimentar aprendizagens do mundo real e usar o projeto como degrau \u2013 por gera\u00e7\u00f5es por vir&#8221;.<\/p>&nbsp;&nbsp;\n<p>Dentro do Grupo Volkswagen, a Volkswagen Commercial Vehicles (VWCV) \u00e9 respons\u00e1vel pela Dire\u00e7\u00e3o Aut\u00f4noma, Mobilidade como Servi\u00e7o (MaaS \u2013 <i>Mobility as a Service<\/i>) e Transporte como Servi\u00e7o (TaaS \u2013 <i>Transport as a Service<\/i>), devido ao fato de que os primeiros casos de uso s\u00e3o planejados no setor comercial. No futuro, a VWCV ir\u00e1, portanto, desenvolver e produzir ve\u00edculos para prop\u00f3sitos especiais (SPV \u2013 <i>Special Purpose Vehicles<\/i>) correspondentes, tais como t\u00e1xis-rob\u00f4 e vans-rob\u00f4. O presidente do conselho da VWCV, Dr <span class=\"xn-person\">Thomas Sedran<\/span>, explicou os objetivos do projeto: &#8220;Utilizando o <span class=\"xn-person\">Bulli de<\/span> amanh\u00e3, com o sistema de dire\u00e7\u00e3o aut\u00f4noma sendo desenvolvido atualmente pela AID, adicionando o compartilhamento de transporte (<i>ride pooling<\/i>) inteligente da MOIA e habilitando a reserva via aplicativo \u2013 iniciando, portanto, o futuro do transporte urbano: mobilidade com CO2 neutro combinado com tecnologia do SDS garantem efici\u00eancia e seguran\u00e7a m\u00e1ximas. Dessa maneira, estamos transportando toda uma sociedade, com todas suas exig\u00eancias de mobilidade limpa, inteligente e sustent\u00e1vel. A VWCV est\u00e1 se tornando uma provedora integrada de mobilidade. A dire\u00e7\u00e3o aut\u00f4noma \u00e9 um ponto essencial para a transforma\u00e7\u00e3o de nossa principal atividade&#8221;.<\/p>&nbsp;&nbsp;\n<p>O presidente e presidente-executivo da Scania, <span class=\"xn-person\">Henrik Henriksson<\/span>, disse: &#8220;Na Scania, nosso prop\u00f3sito \u00e9 promover a mudan\u00e7a para o transporte sustent\u00e1vel. Nos pr\u00f3ximos anos, os progressos em tecnologia e infraestrutura dos ve\u00edculos el\u00e9tricos e aut\u00f4nomos ser\u00e3o fatores essenciais nessa mudan\u00e7a. Com rela\u00e7\u00e3o ao transporte de pessoas, um grau maior de compartilhamento tamb\u00e9m \u00e9 importante e atrav\u00e9s de avan\u00e7os em transporte aut\u00f4nomo ser\u00e1 mais simples introduzir mais flexibilidade em transporte compartilhado de pessoas. \u00c9 estimulante poder exercer um papel em projetos de vanguarda como esse do Catar&#8221;.<\/p>&nbsp;&nbsp;\n<p>Ao comentar o an\u00fancio, o presidente-executivo da QIA, <span class=\"xn-person\">Mansoor Al Mahmoud<\/span>, disse: &#8220;Para nossas cidades progredirem, precisamos de uma nova onda de inova\u00e7\u00f5es. Tecnologias de transporte sem emiss\u00f5es, habilitadas por intelig\u00eancia artificial (IA), ir\u00e3o ajudar a promover a mobilidade urbana, ao mesmo tempo que diminui congestionamentos e aumenta a efici\u00eancia energ\u00e9tica&#8221;.<\/p>&nbsp;&nbsp;\n<p>O presidente-executivo da QIA, acrescentou: &#8220;Estamos orgulhosos da parceria da QIA com a Volkswagen, que ir\u00e1 colocar o Catar na linha de frente dessas novas tecnologias. O desenvolvimento de uma solu\u00e7\u00e3o de transporte inteligente ir\u00e1 ajudar a transformar o futuro da mobilidade humana, domesticamente e em todo o mundo&#8221;.<\/p>&nbsp;&nbsp;\n<p>A estrat\u00e9gia de investimento da QIA se baseia na responsabilidade de gerar retornos fortes e sustent\u00e1veis e nossa capacidade de identificar valor de longo prazo dentro de uma grande empresa global \u00e9 uma impulsionadora essencial de nosso sucesso.<\/p>&nbsp;&nbsp;\n<p>Como tal, a QIA mant\u00e9m um estreito relacionamento com as empresas de seu portf\u00f3lio e est\u00e1 profundamente concentrada em sua vis\u00e3o. A QIA \u00e9 h\u00e1 longo tempo investidora no Grupo Volkswagen e tem dois representantes altamente conceituados em seu Conselho Supervisor de Administra\u00e7\u00e3o. A QIA continua dando suporte ao crescimento do Grupo VW, incluindo sua expans\u00e3o em andamento e a posi\u00e7\u00e3o de lideran\u00e7a que assumiu na produ\u00e7\u00e3o em massa de ve\u00edculos el\u00e9tricos.<\/p>&nbsp;&nbsp;\n<p><b>Sobre a marca Volkswagen Commercial Vehicles<\/b>:<br \/><\/br>&#8220;N\u00f3s transportamos o sucesso&#8221;. Como marca aut\u00f4noma dentro do Grupo Volkswagen, a Volkswagen Commercial Vehicles (VWCV) \u00e9 respons\u00e1vel pelo desenvolvimento, constru\u00e7\u00e3o e vendas de ve\u00edculos comerciais leves. Eles incluem os ve\u00edculos das s\u00e9ries Transporter, Caddy e Amarok, que s\u00e3o produzidos em <span class=\"xn-location\">Hannover<\/span> (Alemanha), Pozna? (Pol\u00f4nia), Wrze?nia (Pol\u00f4nia) e Pacheco (<span class=\"xn-location\">Argentina<\/span>). Nossos ve\u00edculos transportam trabalhadores de constru\u00e7\u00e3o, fam\u00edlias e aventureiros, p\u00e3es, pacotes e pranchas de surfe. Todos os dias eles ajudam in\u00fameras pessoas, de todo o mundo, a fazer um bom trabalho, operam como oficinas ambulantes e conduzem param\u00e9dicos e policiais para onde for necess\u00e1rio. Em 2018, a marca Volkswagen Commercial Vehicles comercializou cerca de 500.000 ve\u00edculos. Nas unidades da empresa no mundo, trabalham mais de 24.000 empregados, incluindo cerca de 15.000 na f\u00e1brica de <span class=\"xn-location\">Hannover<\/span>.<\/p>&nbsp;&nbsp;\n<p>Informa\u00e7\u00f5es sobre a unidade de <span class=\"xn-location\">Hannover<\/span> podem ser encontradas em: <br \/><\/br><a href=\"https:\/\/www.facebook.com\/VolkswagenNutzfahrzeugeMeinWerk\/\" rel=\"nofollow noopener noreferrer\" target=\"_blank\">https:\/\/www.facebook.com\/VolkswagenNutzfahrzeugeMeinWerk\/<\/a>\u00a0<\/p>\n<p><b>Sobre a marca Scania:<br \/><\/br><\/b>A Scania \u00e9 uma provedora de solu\u00e7\u00f5es sustent\u00e1veis de transporte e \u00e9 parte do projeto que est\u00e1 explorando oportunidades para o transporte aut\u00f4nomo de pessoas, no contexto das solu\u00e7\u00f5es de mobilidade em <span class=\"xn-location\">Doha<\/span>, Catar.<\/p>&nbsp;&nbsp;\n<p><b>Sobre a MOIA:<br \/><\/br><\/b>A MOIA, subsidi\u00e1ria do Grupo Volkswagen, desenvolve servi\u00e7os de mobilidade e trabalha em parceria com as cidades e operadores de transporte p\u00fablico local. Atualmente, a MOIA est\u00e1 desenvolvendo e implementando o sistema de transporte compartilhado (<i>ridepooling<\/i>), para reduzir o tr\u00e1fego de carros individuais e usar a infraestrutura vi\u00e1ria de forma mais eficiente. As cidades t\u00eam menos congestionamentos, barulho e emiss\u00f5es. O servi\u00e7o de \u00f4nibus a pedido (<i>on-demand<\/i>) da MOIA come\u00e7ou nas cidades alem\u00e3s da <span class=\"xn-location\">Hannover<\/span> e Hamburgo.<\/p>&nbsp;&nbsp;\n<p><b>Sobre a AID-Autonomous Intelligent Driving:<br \/><\/br><\/b>A AID \u00e9 o Centro de Excel\u00eancia para o desenvolvimento de dire\u00e7\u00e3o aut\u00f4noma de n\u00edvel 4 em ambientes urbanos para todo o Grupo VW. A empresa re\u00fane os melhores talentos do mundo em <i>software<\/i>, rob\u00f3tica, IA e tecnologia automotiva para construir sistemas autodirig\u00edveis capazes de melhorar a vida de milh\u00f5es de pessoas. Com sede em Munique, a equipe da AID tem, atualmente, mais de 260 especialistas, de 47 nacionalidades diferentes. Para a empresa, o futuro n\u00e3o \u00e9 apenas fabricar ve\u00edculos mais aut\u00f4nomos, mas tornar as pessoas mais aut\u00f4nomas.<\/p>&nbsp;&nbsp;\n<p><b>Sobre a Autoridade de Investimento do Catar (QIA \u2013<i> Qatar Investment Authority<\/i>):<br \/><\/br><\/b>A Autoridade de Investimento do Catar \u00e9 o fundo soberano do Estado do Catar e uma grande contribuinte para a realiza\u00e7\u00e3o da Vis\u00e3o Nacional do Catar para 2030. A QIA foi fundada em 2005 para fortalecer a economia do pa\u00eds, promovendo a diversifica\u00e7\u00e3o em novas classes de ativos. Estruturando-se na tradi\u00e7\u00e3o de investimentos do Catar, de mais de tr\u00eas d\u00e9cadas, o crescente portf\u00f3lio da <span class=\"xn-person\">QIA de<\/span> investimentos de longo prazo ajudam a complementar a riqueza do Estado do Catar em recursos naturais. Com sede em <span class=\"xn-location\">Doha<\/span> e subsidi\u00e1ria em <span class=\"xn-person\">Nova York<\/span> (QIA Advisory), a QIA \u00e9 estruturada para operar nos n\u00edveis mais altos do investimento global. Como investidora de classe mundial, a QIA adere \u00e0s mais r\u00edgidas disciplinas financeiras e comerciais. A QIA tem um forte hist\u00f3rico de investimentos em m\u00faltiplas classes de ativos, incluindo valores mobili\u00e1rios registrados, propriedades, ativos alternativos e participa\u00e7\u00f5es privadas em todos os principais mercados do mundo. A QIA faz investimentos socialmente, economicamente e ambientalmente respons\u00e1veis e contempla al\u00e9m de investimentos de curto prazo, porque a QIA busca crescimento equilibrado e sustent\u00e1vel para maximizar retornos de longo prazo.<\/p>&nbsp;&nbsp;\n<p><b>Aviso de isen\u00e7\u00e3o<br \/><\/br><\/b>Algumas das declara\u00e7\u00f5es neste <i>press release<\/i> podem ser declara\u00e7\u00f5es prospectivas ou declara\u00e7\u00f5es de expectativas futuras, baseadas em informa\u00e7\u00f5es dispon\u00edveis atualmente. Tais declara\u00e7\u00f5es s\u00e3o naturalmente sujeitas a riscos e incertezas. Fatores tais como o desenvolvimento de condi\u00e7\u00f5es econ\u00f4micas gerais, condi\u00e7\u00f5es futuras do mercado, eventos de perdas catastr\u00f3ficas incomuns, mudan\u00e7as nos mercados de capitais e outras circunst\u00e2ncias podem fazer com que os eventos ou resultados reais sejam substancialmente diferentes dos que foram previstos em tais declara\u00e7\u00f5es. A QIA n\u00e3o faz qualquer representa\u00e7\u00e3o ou d\u00e1 garantias, expressas ou impl\u00edcitas, no que se refere \u00e0 precis\u00e3o, inteireza ou status atualizado de tais declara\u00e7\u00f5es. Portanto, em nenhum caso, de forma alguma, a QIA ou qualquer de suas empresas afiliadas respectivas, ser\u00e3o responsabilizas por quem que que seja por qualquer decis\u00e3o ou a\u00e7\u00e3o tomadas em combina\u00e7\u00e3o com as informa\u00e7\u00f5es e\/ou declara\u00e7\u00f5es neste press release ou por qualquer dano relacionado.<\/p>&nbsp;&nbsp;\n<p>Foto &#8211; <a href=\"https:\/\/mma.prnewswire.com\/media\/1044989\/QIA_VW_Microvan_ext.jpg\" rel=\"nofollow noopener noreferrer\" target=\"_blank\">https:\/\/mma.prnewswire.com\/media\/1044989\/QIA_VW_Microvan_ext.jpg<\/a><br \/><\/br>Foto &#8211; <a href=\"https:\/\/mma.prnewswire.com\/media\/1044990\/QIA_VW_Microvan_int.jpg\" rel=\"nofollow noopener noreferrer\" target=\"_blank\">https:\/\/mma.prnewswire.com\/media\/1044990\/QIA_VW_Microvan_int.jpg<\/a><br \/><\/br>Foto &#8211; <a href=\"https:\/\/mma.prnewswire.com\/media\/1044995\/QIA_VW_Microvan.jpg\" rel=\"nofollow noopener noreferrer\" target=\"_blank\">https:\/\/mma.prnewswire.com\/media\/1044995\/QIA_VW_Microvan.jpg<\/a><br \/><\/br>Foto &#8211; <a href=\"https:\/\/mma.prnewswire.com\/media\/1045097\/VW_and_QIA_CEO.jpg\" rel=\"nofollow noopener noreferrer\" target=\"_blank\">https:\/\/mma.prnewswire.com\/media\/1045097\/VW_and_QIA_CEO.jpg<\/a> <br \/><\/br>Logo &#8211; <a href=\"https:\/\/mma.prnewswire.com\/media\/1044991\/QIA_VW_Logo.jpg\" rel=\"nofollow noopener noreferrer\" target=\"_blank\">https:\/\/mma.prnewswire.com\/media\/1044991\/QIA_VW_Logo.jpg<\/a><\/p>\n<p><b>Contatos com a m\u00eddia<\/b>\u00a0<br \/><\/br>Volkswagen Commercial Vehicles:\u00a0<a href=\"http:\/\/www.vwn-presse.de\/\" rel=\"nofollow noopener noreferrer\" target=\"_blank\">www.vwn-presse.de<\/a><br \/><\/br>Scania:\u00a0<a href=\"https:\/\/www.scania.com\/group\/en\/press-contacts\/\" rel=\"nofollow noopener noreferrer\" target=\"_blank\">https:\/\/www.scania.com\/group\/en\/press-contacts<\/a><br \/><\/br>AID-Autonomous Intelligent Driving:\u00a0<a href=\"https:\/\/aid-driving.eu\/home\/press\/\" rel=\"nofollow noopener noreferrer\" target=\"_blank\">https:\/\/aid-driving.eu\/home\/press<\/a><br \/><\/br>Qatar Investment Authority (QIA):\u00a0<a href=\"http:\/\/www.qia.qa\/\" rel=\"nofollow noopener noreferrer\" target=\"_blank\">www.qia.qa<\/a><\/p>\n<div class=\"PRN_ImbeddedAssetReference\" id=\"DivAssetPlaceHolder2\">\n<\/p>\n<\/div>\n<p>FONTE Qatar Investment Authority (QIA)<\/p>\n<\/div>\n<p><!-- Este texto tem o apoio do Sistema ECOMPARE de lojas virtuais <a rel=\"nofollow\" href=\"https:\/\/prnewswire.com.br\/releases\/project-qatar-mobility-shuttles-autodirigiveis-posicionados-para-elevar-o-transporte-publico-local-de-doha-para-um-novo-patamar-em-2022\/\">&#8216;Project Qatar Mobility&#8217;: shuttles autodirig\u00edveis posicionados para elevar o transporte p\u00fablico local de Doha para um novo patamar em 2022<\/a> apareceu primeiro em <a rel=\"nofollow\" href=\"https:\/\/prnewswire.com.br\">PR Newswire<\/a>.<\/p>&nbsp;&nbsp;\n","protected":false},"excerpt":{"rendered":"<p>HANNOVER, Alemanha,\u00a0e DOHA, Catar, 15 de dezembro de 2019 &#8212;\u00a0 A QIA e a Volkswagen&#8230;<\/p>\n","protected":false},"author":1,"featured_media":0,"comment_status":"open","ping_status":"open","sticky":false,"template":"","format":"standard","meta":{"fifu_image_url":"","fifu_image_alt":"","footnotes":""},"categories":[727],"tags":[],"class_list":["post-77195","post","type-post","status-publish","format-standard","hentry","category-noticias","wpcat-727-id"],"_links":{"self":[{"href":"https:\/\/verde-amarelo.net\/verdeamarelo\/wp-json\/wp\/v2\/posts\/77195","targetHints":{"allow":["GET"]}}],"collection":[{"href":"https:\/\/verde-amarelo.net\/verdeamarelo\/wp-json\/wp\/v2\/posts"}],"about":[{"href":"https:\/\/verde-amarelo.net\/verdeamarelo\/wp-json\/wp\/v2\/types\/post"}],"author":[{"embeddable":true,"href":"https:\/\/verde-amarelo.net\/verdeamarelo\/wp-json\/wp\/v2\/users\/1"}],"replies":[{"embeddable":true,"href":"https:\/\/verde-amarelo.net\/verdeamarelo\/wp-json\/wp\/v2\/comments?post=77195"}],"version-history":[{"count":0,"href":"https:\/\/verde-amarelo.net\/verdeamarelo\/wp-json\/wp\/v2\/posts\/77195\/revisions"}],"wp:attachment":[{"href":"https:\/\/verde-amarelo.net\/verdeamarelo\/wp-json\/wp\/v2\/media?parent=77195"}],"wp:term":[{"taxonomy":"category","embeddable":true,"href":"https:\/\/verde-amarelo.net\/verdeamarelo\/wp-json\/wp\/v2\/categories?post=77195"},{"taxonomy":"post_tag","embeddable":true,"href":"https:\/\/verde-amarelo.net\/verdeamarelo\/wp-json\/wp\/v2\/tags?post=77195"}],"curies":[{"name":"wp","href":"https:\/\/api.w.org\/{rel}","templated":true}]}}