{"id":77196,"date":"2019-12-16T15:00:00","date_gmt":"2019-12-16T18:00:00","guid":{"rendered":"https:\/\/verde-amarelo.net\/verdeamarelo\/2019\/12\/nivel-de-automacao-no-brasil-cresce-4\/"},"modified":"2019-12-16T15:00:00","modified_gmt":"2019-12-16T18:00:00","slug":"nivel-de-automacao-no-brasil-cresce-4","status":"publish","type":"post","link":"https:\/\/verde-amarelo.net\/verdeamarelo\/2019\/12\/nivel-de-automacao-no-brasil-cresce-4\/","title":{"rendered":"N\u00edvel de automa\u00e7\u00e3o no Brasil cresce 4%"},"content":{"rendered":"<div class=\"xn-content\">\n<ul type=\"disc\">\n<li><i>\u00cdndice de Automa\u00e7\u00e3o do <span class=\"xn-person\">Mercado Brasileiro<\/span> \u00e9 calculado pela Associa\u00e7\u00e3o Brasileira de Automa\u00e7\u00e3o-GS1 Brasil e conta com apoio da empresa de pesquisas GfK <\/i><\/li>\n<li><i>Apura\u00e7\u00e3o chega ao terceiro ano de publica\u00e7\u00e3o e traz v\u00e1rios diagn\u00f3sticos de ind\u00fastria, varejo\/servi\u00e7os e consumidores<\/i><\/li>\n<\/ul>\n<p>S\u00c3O PAULO, 16 de dezembro de 2019 - Atualizado -  &#8212; O \u00cdndice de Automa\u00e7\u00e3o do <span class=\"xn-person\">Mercado Brasileiro<\/span> chega ao terceiro ano de publica\u00e7\u00e3o e constata que o n\u00edvel de automa\u00e7\u00e3o nas empresas aumentou 4% de 2018 para 2019. O estudo, realizado pela Associa\u00e7\u00e3o Brasileira de Automa\u00e7\u00e3o-GS1 Brasil com apoio da empresa de pesquisas GfK, tem como objetivo mensurar o quanto a automa\u00e7\u00e3o est\u00e1 presente nas empresas brasileiras e na vida do consumidor. O \u00edndice \u00e9 mensurado em um intervalo de avalia\u00e7\u00e3o de 0 a 1, sendo 0 a aus\u00eancia de automa\u00e7\u00e3o e 1 a representa\u00e7\u00e3o da automa\u00e7\u00e3o plena.<\/p>&nbsp;&nbsp;\n<p><b>Ind\u00fastria<br \/><\/br><\/b>O m\u00e9todo de estudo contempla seis dimens\u00f5es para as ind\u00fastrias (Sistemas, Log\u00edstica, Atendimento, Relacionamento com o Colaborador, Relacionamento com o Cliente e F\u00e1brica), avaliando em cada dimens\u00e3o como \u00e9 a ado\u00e7\u00e3o de tecnologias de automa\u00e7\u00e3o. Com leituras por porte e categorias de uso, no \u00faltimo ano se destacaram ind\u00fastrias de pequeno porte que aumentaram seu \u00edndice de automa\u00e7\u00e3o de 0,273 para 0,275, e do setor de Bens de Consumo Semidur\u00e1veis que passou de um \u00edndice de 0,249 para 0,259.<\/p>&nbsp;&nbsp;\n<div class=\"prntac\">\n<table border=\"0\" cellpadding=\"0\" cellspacing=\"0\" class=\"prntblns\">\n<tr>\n<td class=\"prngen2\" colspan=\"7\">\n<p class=\"prnews_p\"><span class=\"prnews_span\"><b>\u00cdNDICE DE AUTOMA\u00c7\u00c3O DO MERCADO BRASILEIRO (por categorias de uso)<\/b><\/span><\/p>\n<\/td>\n<\/tr>\n<tr>\n<td class=\"prngen3\">\n<p class=\"prnews_p\"><span class=\"prnews_span\"><b>ANO<\/b><\/span><\/p>\n<\/td>\n<td class=\"prngen4\">\n<p class=\"prnews_p\"><span class=\"prnews_span\"><b>IND\u00daSTRIA EM GERAL<\/b><\/span><\/p>\n<\/td>\n<td class=\"prngen4\">\n<p class=\"prnews_p\"><span class=\"prnews_span\"><b>BENS DE CONSUMO N\u00c3O DUR\u00c1VEIS<\/b><\/span><\/p>\n<\/td>\n<td class=\"prngen4\">\n<p class=\"prnews_p\"><span class=\"prnews_span\"><b>BENS DE CONSUMO SEMIDUR\u00c1VEIS<\/b><\/span><\/p>\n<\/td>\n<td class=\"prngen4\">\n<p class=\"prnews_p\"><span class=\"prnews_span\"><b>BENS DE CONSUMO DUR\u00c1VEIS<\/b><\/span><\/p>\n<\/td>\n<td class=\"prngen4\">\n<p class=\"prnews_p\"><span class=\"prnews_span\"><b>BENS INTERMEDI\u00c1RIOS<\/b><\/span><\/p>\n<\/td>\n<td class=\"prngen4\">\n<p class=\"prnews_p\"><span class=\"prnews_span\"><b>BENS DE CAPITAL<\/b><\/span><\/p>\n<\/td>\n<\/tr>\n<tr>\n<td class=\"prngen5\">\n<p class=\"prnews_p\"><span class=\"prnews_span\"><b>2018<\/b><\/span><\/p>\n<\/td>\n<td class=\"prngen6\">\n<p class=\"prnews_p\"><span class=\"prnews_span\">0.296<\/span><\/p>\n<\/td>\n<td class=\"prngen6\">\n<p class=\"prnews_p\"><span class=\"prnews_span\">0.327<\/span><\/p>\n<\/td>\n<td class=\"prngen6\">\n<p class=\"prnews_p\"><span class=\"prnews_span\">0.249<\/span><\/p>\n<\/td>\n<td class=\"prngen6\">\n<p class=\"prnews_p\"><span class=\"prnews_span\">0.296<\/span><\/p>\n<\/td>\n<td class=\"prngen6\">\n<p class=\"prnews_p\"><span class=\"prnews_span\">0.307<\/span><\/p>\n<\/td>\n<td class=\"prngen6\">\n<p class=\"prnews_p\"><span class=\"prnews_span\">0.313<\/span><\/p>\n<\/td>\n<\/tr>\n<tr>\n<td class=\"prngen5\">\n<p class=\"prnews_p\"><span class=\"prnews_span\"><b>2019<\/b><\/span><\/p>\n<\/td>\n<td class=\"prngen6\">\n<p class=\"prnews_p\"><span class=\"prnews_span\"><b>0.298<\/b><\/span><\/p>\n<\/td>\n<td class=\"prngen6\">\n<p class=\"prnews_p\"><span class=\"prnews_span\"><b>0.326<\/b><\/span><\/p>\n<\/td>\n<td class=\"prngen6\">\n<p class=\"prnews_p\"><span class=\"prnews_span\"><b>0.259<\/b><\/span><\/p>\n<\/td>\n<td class=\"prngen6\">\n<p class=\"prnews_p\"><span class=\"prnews_span\"><b>0.295<\/b><\/span><\/p>\n<\/td>\n<td class=\"prngen6\">\n<p class=\"prnews_p\"><span class=\"prnews_span\"><b>0.313<\/b><\/span><\/p>\n<\/td>\n<td class=\"prngen6\">\n<p class=\"prnews_p\"><span class=\"prnews_span\"><b>0.292<\/b><\/span><\/p>\n<\/td>\n<\/tr>\n<\/table>\n<\/div>\n<p>\u00a0<\/p>\n<p><b>Com\u00e9rcio e Servi\u00e7os<br \/><\/br><\/b>Para o setor de Com\u00e9rcio e servi\u00e7os, tamb\u00e9m s\u00e3o consideradas seis dimens\u00f5es, sendo diferenciado da ind\u00fastria pela inclus\u00e3o da avalia\u00e7\u00e3o da loja (Sistemas, Log\u00edstica, Atendimento, Relacionamento com o Colaborador, Relacionamento com o Cliente e Loja). Com leituras por porte e por tipo (Varejo, Atacado e Servi\u00e7os). Entre os destaques para o ano de 2019 est\u00e3o o varejo que passou de um \u00edndice de 0,213 para 0,234, e o e-commerce que passou de 0,295 para 0,317.<\/p>&nbsp;&nbsp;\n<div>\n<table border=\"0\" cellpadding=\"0\" cellspacing=\"0\" class=\"prntblns\">\n<tr>\n<td class=\"prngen2\" colspan=\"6\">\n<p class=\"prnews_p\"><span class=\"prnews_span\"><b>\u00cdNDICE DE AUTOMA\u00c7\u00c3O DO MERCADO BRASILEIRO (tipo de estabelecimento)<\/b><\/span><\/p>\n<\/td>\n<\/tr>\n<tr>\n<td class=\"prngen3\">\n<p class=\"prnews_p\"><span class=\"prnews_span\"><b>ANO<\/b><\/span><\/p>\n<\/td>\n<td class=\"prngen4\">\n<p class=\"prnews_p\"><span class=\"prnews_span\"><b>COM\u00c9RCIO E SERVI\u00c7OS<\/b><\/span><\/p>\n<\/td>\n<td class=\"prngen4\">\n<p class=\"prnews_p\"><span class=\"prnews_span\"><b>VAREJO<\/b><\/span><\/p>\n<\/td>\n<td class=\"prngen4\">\n<p class=\"prnews_p\"><span class=\"prnews_span\"><b>ATACADO<\/b><\/span><\/p>\n<\/td>\n<td class=\"prngen4\">\n<p class=\"prnews_p\"><span class=\"prnews_span\"><b>E-COMMERCE<\/b><\/span><\/p>\n<\/td>\n<td class=\"prngen4\">\n<p class=\"prnews_p\"><span class=\"prnews_span\"><b>SERVI\u00c7OS<\/b><\/span><\/p>\n<\/td>\n<\/tr>\n<tr>\n<td class=\"prngen5\">\n<p class=\"prnews_p\"><span class=\"prnews_span\"><b>2018<\/b><\/span><\/p>\n<\/td>\n<td class=\"prngen6\">\n<p class=\"prnews_p\"><span class=\"prnews_span\">0.204<\/span><\/p>\n<\/td>\n<td class=\"prngen6\">\n<p class=\"prnews_p\"><span class=\"prnews_span\">0.213<\/span><\/p>\n<\/td>\n<td class=\"prngen6\">\n<p class=\"prnews_p\"><span class=\"prnews_span\">0.224<\/span><\/p>\n<\/td>\n<td class=\"prngen6\">\n<p class=\"prnews_p\"><span class=\"prnews_span\">0.295<\/span><\/p>\n<\/td>\n<td class=\"prngen6\">\n<p class=\"prnews_p\"><span class=\"prnews_span\">0.176<\/span><\/p>\n<\/td>\n<\/tr>\n<tr>\n<td class=\"prngen5\">\n<p class=\"prnews_p\"><span class=\"prnews_span\"><b>2019<\/b><\/span><\/p>\n<\/td>\n<td class=\"prngen6\">\n<p class=\"prnews_p\"><span class=\"prnews_span\"><b>0.222<\/b><\/span><\/p>\n<\/td>\n<td class=\"prngen6\">\n<p class=\"prnews_p\"><span class=\"prnews_span\"><b>0.234<\/b><\/span><\/p>\n<\/td>\n<td class=\"prngen6\">\n<p class=\"prnews_p\"><span class=\"prnews_span\"><b>0.236<\/b><\/span><\/p>\n<\/td>\n<td class=\"prngen6\">\n<p class=\"prnews_p\"><span class=\"prnews_span\"><b>0.317<\/b><\/span><\/p>\n<\/td>\n<td class=\"prngen6\">\n<p class=\"prnews_p\"><span class=\"prnews_span\"><b>0.19<\/b><\/span><\/p>\n<\/td>\n<\/tr>\n<\/table>\n<\/div>\n<p>De acordo com Jo\u00e3o <span class=\"xn-person\">Carlos de Oliveira<\/span>, presidente da Associa\u00e7\u00e3o Brasileira de Automa\u00e7\u00e3o-GS1 Brasil, o \u00cdndice de Automa\u00e7\u00e3o do <span class=\"xn-person\">Mercado Brasileiro<\/span> foi criado para auxiliar empresas a planejar estrat\u00e9gias com base nas novas demandas na era 4.0. &#8220;A comunidade de neg\u00f3cios pode contar com nossa entidade para compreender melhor a din\u00e2mica da automa\u00e7\u00e3o e da inova\u00e7\u00e3o.&#8221;<\/p>\n<p>O estudo constata que o conceito de automa\u00e7\u00e3o est\u00e1 bem difundido nas empresas e que est\u00e1 diretamente ligado \u00e0 produtividade e \u00e0 inova\u00e7\u00e3o. Enquanto o conceito de automa\u00e7\u00e3o para a ind\u00fastria est\u00e1 mais ligado \u00e0 produ\u00e7\u00e3o e log\u00edstica com o uso de maquin\u00e1rio, esteiras e sensores \u00f3ticos, para o com\u00e9rcio e servi\u00e7os ele se amplia a todos os equipamentos que tornam os processos mais eficientes \u2013 incluindo sistemas de gest\u00e3o do ponto de vendas e do estoque.<\/p>&nbsp;&nbsp;\n<p><b>Consumidores<br \/><\/br><\/b>A automa\u00e7\u00e3o para consumidores est\u00e1 muito mais ligada \u00e0 ado\u00e7\u00e3o de tecnologias. Tamb\u00e9m avaliado em 6 dimens\u00f5es, mas com um foco diferente das empresas, o \u00edndice de automa\u00e7\u00e3o do consumidor brasileiro tamb\u00e9m teve uma evolu\u00e7\u00e3o em 2019, passando de 0,174 pontos para 0,181.<\/p>&nbsp;&nbsp;\n<p>As maiores evolu\u00e7\u00f5es na ado\u00e7\u00e3o de tecnologias pelos consumidores ocorreram no aumento do acesso \u00e0 internet e na ado\u00e7\u00e3o de tecnologias no ve\u00edculo como sensor de r\u00e9 e a integra\u00e7\u00e3o do celular e do GPS ao sistema de multim\u00eddia dos ve\u00edculos.<\/p>&nbsp;&nbsp;\n<div>\n<table border=\"0\" cellpadding=\"0\" cellspacing=\"0\" class=\"prntblns\">\n<tr>\n<td class=\"prngen2\">\n<p class=\"prnews_p\"><span class=\"prnews_span\"><b>CONSUMIDORES<\/b><\/span><\/p>\n<\/td>\n<td class=\"prngen7\">\n<p class=\"prnews_p\"><span class=\"prnews_span\"><b>2018<\/b><\/span><\/p>\n<\/td>\n<td class=\"prngen7\">\n<p class=\"prnews_p\"><span class=\"prnews_span\"><b>2019<\/b><\/span><\/p>\n<\/td>\n<\/tr>\n<tr>\n<td class=\"prngen8\">\n<p class=\"prnews_p\"><span class=\"prnews_span\"><b>Acesso \u00e0 Internet<\/b><\/span><\/p>\n<\/td>\n<td class=\"prngen9\">\n<p class=\"prnews_p\"><span class=\"prnews_span\"><b>0.410<\/b><\/span><\/p>\n<\/td>\n<td class=\"prngen9\">\n<p class=\"prnews_p\"><span class=\"prnews_span\"><b>0.429<\/b><\/span><\/p>\n<\/td>\n<\/tr>\n<tr>\n<td class=\"prngen8\">\n<p class=\"prnews_p\"><span class=\"prnews_span\"><b>Aplicativos<\/b><\/span><\/p>\n<\/td>\n<td class=\"prngen9\">\n<p class=\"prnews_p\"><span class=\"prnews_span\"><b>0.325<\/b><\/span><\/p>\n<\/td>\n<td class=\"prngen9\">\n<p class=\"prnews_p\"><span class=\"prnews_span\"><b>0.330<\/b><\/span><\/p>\n<\/td>\n<\/tr>\n<tr>\n<td class=\"prngen8\">\n<p class=\"prnews_p\"><span class=\"prnews_span\"><b>Eletrodom\u00e9sticos\/eletroeletr\u00f4nicos<\/b><\/span><\/p>\n<\/td>\n<td class=\"prngen9\">\n<p class=\"prnews_p\"><span class=\"prnews_span\"><b>0.160<\/b><\/span><\/p>\n<\/td>\n<td class=\"prngen9\">\n<p class=\"prnews_p\"><span class=\"prnews_span\"><b>0.163<\/b><\/span><\/p>\n<\/td>\n<\/tr>\n<tr>\n<td class=\"prngen10\">\n<p class=\"prnews_p\"><span class=\"prnews_span\"><b>Carro<\/b><\/span><\/p>\n<\/td>\n<td class=\"prngen11\">\n<p class=\"prnews_p\"><span class=\"prnews_span\"><b>0.080<\/b><\/span><\/p>\n<\/td>\n<td class=\"prngen11\">\n<p class=\"prnews_p\"><span class=\"prnews_span\"><b>0.097<\/b><\/span><\/p>\n<\/td>\n<\/tr>\n<tr>\n<td class=\"prngen8\">\n<p class=\"prnews_p\"><span class=\"prnews_span\"><b>Resid\u00eancia<\/b><\/span><\/p>\n<\/td>\n<td class=\"prngen9\">\n<p class=\"prnews_p\"><span class=\"prnews_span\"><b>0.041<\/b><\/span><\/p>\n<\/td>\n<td class=\"prngen9\">\n<p class=\"prnews_p\"><span class=\"prnews_span\"><b>0.037<\/b><\/span><\/p>\n<\/td>\n<\/tr>\n<tr>\n<td class=\"prngen8\">\n<p class=\"prnews_p\"><span class=\"prnews_span\"><b>Itens pessoais<\/b><\/span><\/p>\n<\/td>\n<td class=\"prngen9\">\n<p class=\"prnews_p\"><span class=\"prnews_span\"><b>0.030<\/b><\/span><\/p>\n<\/td>\n<td class=\"prngen9\">\n<p class=\"prnews_p\"><span class=\"prnews_span\"><b>0.030<\/b><\/span><\/p>\n<\/td>\n<\/tr>\n<tr>\n<td class=\"prngen10\">\n<p class=\"prnews_p\"><span class=\"prnews_span\"><b>\u00cdndice Brasil<\/b><\/span><\/p>\n<\/td>\n<td class=\"prngen11\">\n<p class=\"prnews_p\"><span class=\"prnews_span\"><b>0.174<\/b><\/span><\/p>\n<\/td>\n<td class=\"prngen11\">\n<p class=\"prnews_p\"><span class=\"prnews_span\"><b>0.181<\/b><\/span><\/p>\n<\/td>\n<\/tr>\n<\/table>\n<\/div>\n<p>\u00a0\u00a0\u00a0\u00a0\u00a0\u00a0\u00a0\u00a0 <\/p>\n<p>Durante um ano foram entrevistados 2.680 consumidores; na ind\u00fastria, 1.979 empresas; e no com\u00e9rcio\/servi\u00e7os, 2.833 empresas de todos os portes e com abrang\u00eancia nacional. No ano de 2019, o c\u00e1lculo do \u00edndice de Automa\u00e7\u00e3o do mercado Brasileiro foi reformulado para considerar as novas tecnologias de automa\u00e7\u00e3o dispon\u00edveis no mercado nacional.<\/p>&nbsp;&nbsp;\n<p>Mais detalhes sobre este e outros estudos voc\u00ea pode acessar na \u00e1rea de dados e estat\u00edsticas da GS1 Brasil <a href=\"http:\/\/www.gs1br.org\/dados\" rel=\"nofollow noopener noreferrer\" target=\"_blank\">www.gs1br.org\/dados<\/a>. <\/p>\n<p><b>Sobre a Associa\u00e7\u00e3o Brasileira de Automa\u00e7\u00e3o-GS1 Brasil <br \/><\/br><\/b>A Associa\u00e7\u00e3o Brasileira de Automa\u00e7\u00e3o-GS1 Brasil, \u00e9 uma organiza\u00e7\u00e3o multissetorial sem fins lucrativos que representa nacionalmente a GS1 Global. Em todo o mundo, a GS1 \u00e9 respons\u00e1vel pelo padr\u00e3o global de identifica\u00e7\u00e3o de produtos e servi\u00e7os (C\u00f3digo de Barras e EPC\/RFID) e comunica\u00e7\u00e3o (EDI e GDSN) na cadeia de suprimentos. Al\u00e9m de estabelecer padr\u00f5es de identifica\u00e7\u00e3o de produtos e comunica\u00e7\u00e3o, a associa\u00e7\u00e3o oferece servi\u00e7os e solu\u00e7\u00f5es para as \u00e1reas de varejo, sa\u00fade, transporte e log\u00edstica. A organiza\u00e7\u00e3o brasileira tem 58 mil associados. Mais informa\u00e7\u00f5es em <a href=\"http:\/\/www.gs1br.org\/\" rel=\"nofollow noopener noreferrer\" target=\"_blank\">www.gs1br.org<\/a>.<\/p>&nbsp;&nbsp;\n<p>FONTE Associa\u00e7\u00e3o Brasileira de Automa\u00e7\u00e3o-GS1 Brasil<\/p>\n<\/div>\n<p><!-- Este texto tem o apoio do Sistema ECOMPARE de lojas virtuais <a rel=\"nofollow\" href=\"https:\/\/prnewswire.com.br\/releases\/nivel-de-automacao-no-brasil-cresce-4\/\">N\u00edvel de automa\u00e7\u00e3o no Brasil cresce 4%<\/a> apareceu primeiro em <a rel=\"nofollow\" href=\"https:\/\/prnewswire.com.br\">PR Newswire<\/a>.<\/p>&nbsp;&nbsp;\n","protected":false},"excerpt":{"rendered":"<p>\u00cdndice de Automa\u00e7\u00e3o do Mercado Brasileiro \u00e9 calculado pela Associa\u00e7\u00e3o Brasileira de Automa\u00e7\u00e3o-GS1 Brasil e&#8230;<\/p>\n","protected":false},"author":1,"featured_media":0,"comment_status":"open","ping_status":"open","sticky":false,"template":"","format":"standard","meta":{"fifu_image_url":"","fifu_image_alt":"","footnotes":""},"categories":[727],"tags":[],"class_list":["post-77196","post","type-post","status-publish","format-standard","hentry","category-noticias","wpcat-727-id"],"_links":{"self":[{"href":"https:\/\/verde-amarelo.net\/verdeamarelo\/wp-json\/wp\/v2\/posts\/77196","targetHints":{"allow":["GET"]}}],"collection":[{"href":"https:\/\/verde-amarelo.net\/verdeamarelo\/wp-json\/wp\/v2\/posts"}],"about":[{"href":"https:\/\/verde-amarelo.net\/verdeamarelo\/wp-json\/wp\/v2\/types\/post"}],"author":[{"embeddable":true,"href":"https:\/\/verde-amarelo.net\/verdeamarelo\/wp-json\/wp\/v2\/users\/1"}],"replies":[{"embeddable":true,"href":"https:\/\/verde-amarelo.net\/verdeamarelo\/wp-json\/wp\/v2\/comments?post=77196"}],"version-history":[{"count":0,"href":"https:\/\/verde-amarelo.net\/verdeamarelo\/wp-json\/wp\/v2\/posts\/77196\/revisions"}],"wp:attachment":[{"href":"https:\/\/verde-amarelo.net\/verdeamarelo\/wp-json\/wp\/v2\/media?parent=77196"}],"wp:term":[{"taxonomy":"category","embeddable":true,"href":"https:\/\/verde-amarelo.net\/verdeamarelo\/wp-json\/wp\/v2\/categories?post=77196"},{"taxonomy":"post_tag","embeddable":true,"href":"https:\/\/verde-amarelo.net\/verdeamarelo\/wp-json\/wp\/v2\/tags?post=77196"}],"curies":[{"name":"wp","href":"https:\/\/api.w.org\/{rel}","templated":true}]}}