{"id":77199,"date":"2019-12-16T13:27:00","date_gmt":"2019-12-16T16:27:00","guid":{"rendered":"https:\/\/verde-amarelo.net\/verdeamarelo\/2019\/12\/alta-performance-na-vida-e-na-carreira-em-2020\/"},"modified":"2019-12-16T13:27:00","modified_gmt":"2019-12-16T16:27:00","slug":"alta-performance-na-vida-e-na-carreira-em-2020","status":"publish","type":"post","link":"https:\/\/verde-amarelo.net\/verdeamarelo\/2019\/12\/alta-performance-na-vida-e-na-carreira-em-2020\/","title":{"rendered":"Alta performance na vida e na carreira em 2020"},"content":{"rendered":"<p><i><b>APEX NID LEADER promete inovar na edi\u00e7\u00e3o de 2020 com o novo m\u00e9todo de treinamento, com t\u00e9cnicas que ir\u00e3o te ajudar a ter alta performance na vida e na carreira<\/b><\/i><\/p>\n<div class=\"xn-content\">\n<p>S\u00c3O PAULO, 16 de dezembro de 2019 - Atualizado -  &#8212; O final do ano \u00e9, tradicionalmente, um momento de mudan\u00e7as e encerramento de ciclos. Reflex\u00f5es, novos objetivos e supersti\u00e7\u00f5es fazem parte dos h\u00e1bitos desta \u00e9poca. A cada 12 meses, milhares de pessoas procuram recursos e ferramentas que ajudem a come\u00e7ar o novo ano de uma maneira mais produtiva e saud\u00e1vel.<\/p>&nbsp;&nbsp;\n<div class=\"PRN_ImbeddedAssetReference\" id=\"DivAssetPlaceHolder1\">\n<\/div>\n<p>&#8220;H\u00e1 muitas mudan\u00e7as que podem ser alcan\u00e7adas no encerramento de um ciclo. Podemos\u00a0rever e corrigir nossos erros, reconciliar nossas rela\u00e7\u00f5es, vislumbrar o prop\u00f3sito de vida e se planejar para alcan\u00e7ar seus objetivos&#8221;, conclui Daniel Alves da NID Comportamental.<\/p>&nbsp;&nbsp;\n<p>De acordo com a terapeuta corporal qu\u00e2ntica <span class=\"xn-person\">Talita Moreno<\/span>, palestrante do APEX em 2020,\u00a0&#8220;a virada de ano chega com uma nova chance, um novo come\u00e7o, uma nova f\u00e9, um novo ciclo. Mas, um novo ciclo s\u00f3 se inicia mesmo quando voc\u00ea deixa a d\u00favida de lado e coloca em a\u00e7\u00e3o a busca por si mesmo, para encontrar a sua melhor vers\u00e3o. Quando voc\u00ea muda seus pensamentos, h\u00e1bitos e atitudes, \u00e9 como se uma for\u00e7a poderosa fosse instalada dentro de si mesmo, e faz com que voc\u00ea inicie novos desafios.&#8221; Ent\u00e3o lhe pergunto: voc\u00ea est\u00e1 disposto a encerrar esse ciclo de desafios e dar in\u00edcio\u00a0a um novo momento em sua vida, com alta performance? <\/p>\n<p>A busca por programas que te ajudam a encontrar a sua melhor vers\u00e3o \u00e9 cada vez mais importante. Voc\u00ea sabe qual \u00e9 o seu alvo? Sabe para qual caminho est\u00e1 seguindo? Ou est\u00e1 perdido, sem foco? Agora \u00e9\u00a0tempo de redirecionamento!<\/p>\n<p>Os ciclos de vida n\u00e3o s\u00e3o ben\u00e9ficos apenas para medir o tempo, mas trazem benef\u00edcios para diferentes \u00e1reas, pois nos d\u00e3o a sensa\u00e7\u00e3o de recome\u00e7o. Sendo assim, devemos aprender a usar estes ciclos em nosso favor.<\/p>&nbsp;&nbsp;\n<p>Que tal aproveitar o encerramento de um ciclo para investir em uma grande mudan\u00e7a em sua vida? Nos dias 24 a 26 de abril ir\u00e1 acontecer o APEX NID LEADER, um evento que tem o objetivo de promover um ambiente de reflex\u00e3o e autoconhecimento com diferentes palestras e atividades, onde o tema central do evento ser\u00e1: Como ter alta performance na vida e na carreira!<\/p>\n<p>O evento ir\u00e1 ocorrer no Hotel Terras Altas, localizado em de Itapecerica da Serra, e contar\u00e1 com a presen\u00e7a de grandes palestrantes, que ir\u00e3o abordar temas sobre resili\u00eancia, lideran\u00e7a, trabalho em equipe, <i>mindfulness<\/i>, entre outros. <\/p>\n<p>Para se inscrever, entre em contato por um dos canais da empresa: <a href=\"http:\/\/www.apexnidleader.com.br\/\" rel=\"nofollow noopener noreferrer\" target=\"_blank\">www.apexnidleader.com.br<\/a>, ou <a href=\"mailto:apexnidleader@nidconsultoria.com.br\" rel=\"nofollow noopener noreferrer\" target=\"_blank\">apexnidleader@nidconsultoria.com.br<\/a> ou pelo Whatsapp +55 11 99413-6060.<\/p>&nbsp;&nbsp;\n<p>Foto &#8211; <a href=\"https:\/\/mma.prnewswire.com\/media\/1044822\/nid.jpg?p=original\" rel=\"nofollow noopener noreferrer\" target=\"_blank\">https:\/\/mma.prnewswire.com\/media\/1044822\/nid.jpg?p=original<\/a> <\/p>\n<div class=\"PRN_ImbeddedAssetReference\" id=\"DivAssetPlaceHolder2\">\n<\/div>\n<p>FONTE NID Comportamental<\/p>\n<\/div>\n<p><!-- Este texto tem o apoio do Sistema ECOMPARE de lojas virtuais <a rel=\"nofollow\" href=\"https:\/\/prnewswire.com.br\/releases\/alta-performance-na-vida-e-na-carreira-em-2020\/\">Alta performance na vida e na carreira em 2020<\/a> apareceu primeiro em <a rel=\"nofollow\" href=\"https:\/\/prnewswire.com.br\">PR Newswire<\/a>.<\/p>&nbsp;&nbsp;\n","protected":false},"excerpt":{"rendered":"<p>APEX NID LEADER promete inovar na edi\u00e7\u00e3o de 2020 com o novo m\u00e9todo de treinamento,&#8230;<\/p>\n","protected":false},"author":1,"featured_media":0,"comment_status":"open","ping_status":"open","sticky":false,"template":"","format":"standard","meta":{"fifu_image_url":"","fifu_image_alt":"","footnotes":""},"categories":[727],"tags":[],"class_list":["post-77199","post","type-post","status-publish","format-standard","hentry","category-noticias","wpcat-727-id"],"_links":{"self":[{"href":"https:\/\/verde-amarelo.net\/verdeamarelo\/wp-json\/wp\/v2\/posts\/77199","targetHints":{"allow":["GET"]}}],"collection":[{"href":"https:\/\/verde-amarelo.net\/verdeamarelo\/wp-json\/wp\/v2\/posts"}],"about":[{"href":"https:\/\/verde-amarelo.net\/verdeamarelo\/wp-json\/wp\/v2\/types\/post"}],"author":[{"embeddable":true,"href":"https:\/\/verde-amarelo.net\/verdeamarelo\/wp-json\/wp\/v2\/users\/1"}],"replies":[{"embeddable":true,"href":"https:\/\/verde-amarelo.net\/verdeamarelo\/wp-json\/wp\/v2\/comments?post=77199"}],"version-history":[{"count":0,"href":"https:\/\/verde-amarelo.net\/verdeamarelo\/wp-json\/wp\/v2\/posts\/77199\/revisions"}],"wp:attachment":[{"href":"https:\/\/verde-amarelo.net\/verdeamarelo\/wp-json\/wp\/v2\/media?parent=77199"}],"wp:term":[{"taxonomy":"category","embeddable":true,"href":"https:\/\/verde-amarelo.net\/verdeamarelo\/wp-json\/wp\/v2\/categories?post=77199"},{"taxonomy":"post_tag","embeddable":true,"href":"https:\/\/verde-amarelo.net\/verdeamarelo\/wp-json\/wp\/v2\/tags?post=77199"}],"curies":[{"name":"wp","href":"https:\/\/api.w.org\/{rel}","templated":true}]}}