{"id":77201,"date":"2019-12-16T20:03:36","date_gmt":"2019-12-16T23:03:36","guid":{"rendered":"https:\/\/verde-amarelo.net\/verdeamarelo\/2019\/12\/balanca-tem-superavit-de-us-649-milhoes-na-segunda-semana-do-mes\/"},"modified":"2019-12-16T20:03:36","modified_gmt":"2019-12-16T23:03:36","slug":"balanca-tem-superavit-de-us-649-milhoes-na-segunda-semana-do-mes","status":"publish","type":"post","link":"https:\/\/verde-amarelo.net\/verdeamarelo\/2019\/12\/balanca-tem-superavit-de-us-649-milhoes-na-segunda-semana-do-mes\/","title":{"rendered":"Balan\u00e7a tem super\u00e1vit de US$ 649 milh\u00f5es na segunda semana do m\u00eas"},"content":{"rendered":"<div class=\"form-item form-type-item\"> <label>Idioma <\/label> Portugu\u00eas, Brasil\n<\/div>\n<div class=\"field field-name-field-data-noticia field-type-datetime field-label-hidden\">\n<div class=\"field-items\">\n<div class=\"field-item even\"><span class=\"date-display-single\" property=\"dc:date\" datatype=\"xsd:dateTime\" content=\"2019-12-16T00:00:00-02:00\">16 de Dezembro de 2019<\/span><\/div>\n<\/div>\n<\/div>\n<div class=\"field field-name-body field-type-text-with-summary field-label-hidden\">\n<div class=\"field-items\">\n<div class=\"field-item even\" property=\"content:encoded\">\n<p><em>Corrente de com\u00e9rcio foi de US$ 7,426 bilh\u00f5es no per\u00edodo; no acumulado de dezembro, saldo positivo \u00e9 de US$ 2,253 bilh\u00f5es e, no ano, alcan\u00e7a US$ 43,327 bilh\u00f5es<\/em><\/p>\n<p>A balan\u00e7a comercial registrou super\u00e1vit de US$ 649 milh\u00f5es e corrente de com\u00e9rcio de US$ 7,426 bilh\u00f5es, na segunda semana de dezembro de 2019, segundo dados da Secretaria de Com\u00e9rcio Exterior (Secex) do Minist\u00e9rio da Economia, divulgados, nesta segunda-feira (16\/12). O saldo foi resultado de exporta\u00e7\u00f5es no valor de US$ 4,037 bilh\u00f5es e importa\u00e7\u00f5es de US$ 3,389 bilh\u00f5es.<\/p>&nbsp;&nbsp;\n<p>No m\u00eas, as exporta\u00e7\u00f5es somam US$ 9,068 bilh\u00f5es e as importa\u00e7\u00f5es, US$ 6,816 bilh\u00f5es, com saldo positivo de US$ 2,253 bilh\u00f5es e corrente de com\u00e9rcio de US$ 15,884 bilh\u00f5es. No ano, as exporta\u00e7\u00f5es totalizam US$ 214,932 bilh\u00f5es e as importa\u00e7\u00f5es, US$ 171,605 bilh\u00f5es, com saldo positivo de US$ 43,327 bilh\u00f5es e corrente de com\u00e9rcio de US$ 386,536 bilh\u00f5es.<\/p>&nbsp;&nbsp;\n<p><a href=\"http:\/\/www.mdic.gov.br\/index.php\/comercio-exterior\/estatisticas-de-comercio-exterior\/balanca-comercial-brasileira-semanal\" target=\"_blank\" rel=\"noopener noreferrer\">Confira os dados completos da balan\u00e7a comercial<\/a><\/p>\n<p>A m\u00e9dia das exporta\u00e7\u00f5es da segunda semana chegou a US$ 807,5 milh\u00f5es, 19,7% abaixo da m\u00e9dia de US$ 1,006 bilh\u00e3o da primeira semana, em raz\u00e3o da queda nas exporta\u00e7\u00f5es das tr\u00eas categorias de produtos: semimanufaturados (-50,4%), de US$ 128,2 milh\u00f5es para US$ 63,6 milh\u00f5es, por conta de celulose, ferro-ligas, semimanufaturados de ferro\/a\u00e7o, a\u00e7\u00facar em bruto, ouro em formas semimanufaturadas; manufaturados (-23,1%), de US$ 332,5 milh\u00f5es para US$ 255,7 milh\u00f5es, em raz\u00e3o de \u00f3leos combust\u00edveis, avi\u00f5es, autom\u00f3veis de passageiros, gasolina, suco de laranja n\u00e3o congelado; e b\u00e1sicos (-10,5%), de US$ 545,5 milh\u00f5es para US$ 488,1 milh\u00f5es, por conta de petr\u00f3leo em bruto, milho em gr\u00e3o, farelo de soja, algod\u00e3o em bruto, carnes bovina e de frango.<\/p>&nbsp;&nbsp;\n<p>Do lado das importa\u00e7\u00f5es, houve diminui\u00e7\u00e3o de 1,1% sobre igual per\u00edodo comparativo \u2013 m\u00e9dia da segunda semana, de US$ 677,7 milh\u00f5es, sobre a m\u00e9dia da primeira semana, de US$ 685,4 milh\u00f5es. A queda \u00e9 explicada, principalmente, pela redu\u00e7\u00e3o nos gastos com equipamentos eletroeletr\u00f4nicos, qu\u00edmicos org\u00e2nicos e inorg\u00e2nicos, aeronaves e pe\u00e7as, filamentos e fibras sint\u00e9ticas e artificiais, sider\u00fargicos.<\/p>&nbsp;&nbsp;\n<p><strong>Exporta\u00e7\u00f5es do m\u00eas<\/strong><\/p>\n<p>Nas exporta\u00e7\u00f5es, comparadas as m\u00e9dias at\u00e9 a segunda semana de dezembro deste ano (US$ 906,8 milh\u00f5es) com a de dezembro de 2018 (US$ 967,3 milh\u00f5es), houve queda de 6,2%, em raz\u00e3o da diminui\u00e7\u00e3o nas vendas de produtos semimanufaturados (-26,9%), de US$ 131,3 milh\u00f5es para US$ 95,9 milh\u00f5es, por conta de celulose, semimanufaturados de ferro\/a\u00e7o, ferro-ligas, ferro fundido, a\u00e7\u00facar em bruto, e manufaturados (-15,8%), de US$ 349,2 milh\u00f5es para US$ 294,1 milh\u00f5es, por conta de avi\u00f5es, partes de motores e turbinas para avia\u00e7\u00e3o, pol\u00edmeros pl\u00e1sticos, laminados planos de ferro\/a\u00e7o, motores para ve\u00edculos autom\u00f3veis e suas partes.<\/p>&nbsp;&nbsp;\n<p>Por outro lado, cresceram as vendas de produtos b\u00e1sicos (+6,2%), de US$ 486,7 milh\u00f5es para US$ 516,8 milh\u00f5es, por conta de petr\u00f3leo em bruto, milho em gr\u00e3o, carnes bovina, su\u00edna e de frango, algod\u00e3o em bruto.<br \/>\nRelativamente a novembro de 2019, houve crescimento de 3,1%, em virtude da expans\u00e3o nas vendas de produtos b\u00e1sicos (+14,9%), de US$ 449,6 milh\u00f5es para US$ 516,8 milh\u00f5es, enquanto diminu\u00edram as vendas de produtos semimanufaturados (-17,8%), de US$ 116,6 milh\u00f5es para US$ 95,9 milh\u00f5es, e manufaturados (-6,2%), de US$ 313,6 milh\u00f5es para US$ 294,1 milh\u00f5es.<\/p>&nbsp;&nbsp;\n<p><strong>Importa\u00e7\u00f5es<\/strong><\/p>\n<p>Nas importa\u00e7\u00f5es, a m\u00e9dia di\u00e1ria at\u00e9 a segunda semana de dezembro de 2019, de US$ 681,6 milh\u00f5es, ficou 5,5% acima da m\u00e9dia de dezembro do ano passado (US$ 645,8 milh\u00f5es). Nesse comparativo, cresceram os gastos, principalmente, com pl\u00e1sticos e obras (+35,4%), equipamentos eletroeletr\u00f4nicos (+31,8%), ve\u00edculos autom\u00f3veis e partes (+30%), equipamentos mec\u00e2nicos (+27,8%), qu\u00edmicos org\u00e2nicos e inorg\u00e2nicos (+18,1%).<br \/>\nAnte novembro de 2019, houve queda de 3,8% nas importa\u00e7\u00f5es, pela diminui\u00e7\u00e3o em aeronaves e pe\u00e7as (-42,1%), combust\u00edveis e lubrificantes (-32,9%), adubos e fertilizantes (-29,7%), cobre e suas obras (-27,5%), e farmac\u00eauticos (-11,8%).<br \/>\n&nbsp;<\/p>\n<\/div>\n<\/div>\n<\/div>\n<div class=\"field field-name-field-fonte field-type-text field-label-hidden\">\n<div class=\"field-items\">\n<div class=\"field-item even\">Minist\u00e9rio da Economia <\/div>\n<\/div>\n<\/div>\n<div class=\"field field-name-field-destaque field-type-list-boolean field-label-above\">\n<div class=\"field-label\">Colocar not\u00edcia em destaque:&nbsp;<\/div>\n<div class=\"field-items\">\n<div class=\"field-item even\">1<\/div>\n<\/div>\n<\/div>\n<p> <a href=\"http:\/\/www.investexportbrasil.gov.br\/balanca-tem-superavit-de-us-649-milhoes-na-segunda-semana-do-mes\" target=\"_blank\" rel=\"noopener noreferrer\">Mais em http:\/\/www.investexportbrasil.gov.br\/balanca-tem-superavit-de-us-649-milhoes-na-segunda-semana-do-mes<\/a><\/p>\n","protected":false},"excerpt":{"rendered":"<p>Idioma Portugu\u00eas, Brasil 16 de Dezembro de 2019 Corrente de com\u00e9rcio foi de US$ 7,426&#8230;<\/p>\n","protected":false},"author":1,"featured_media":0,"comment_status":"open","ping_status":"open","sticky":false,"template":"","format":"standard","meta":{"fifu_image_url":"","fifu_image_alt":"","footnotes":""},"categories":[727],"tags":[],"class_list":["post-77201","post","type-post","status-publish","format-standard","hentry","category-noticias","wpcat-727-id"],"_links":{"self":[{"href":"https:\/\/verde-amarelo.net\/verdeamarelo\/wp-json\/wp\/v2\/posts\/77201","targetHints":{"allow":["GET"]}}],"collection":[{"href":"https:\/\/verde-amarelo.net\/verdeamarelo\/wp-json\/wp\/v2\/posts"}],"about":[{"href":"https:\/\/verde-amarelo.net\/verdeamarelo\/wp-json\/wp\/v2\/types\/post"}],"author":[{"embeddable":true,"href":"https:\/\/verde-amarelo.net\/verdeamarelo\/wp-json\/wp\/v2\/users\/1"}],"replies":[{"embeddable":true,"href":"https:\/\/verde-amarelo.net\/verdeamarelo\/wp-json\/wp\/v2\/comments?post=77201"}],"version-history":[{"count":0,"href":"https:\/\/verde-amarelo.net\/verdeamarelo\/wp-json\/wp\/v2\/posts\/77201\/revisions"}],"wp:attachment":[{"href":"https:\/\/verde-amarelo.net\/verdeamarelo\/wp-json\/wp\/v2\/media?parent=77201"}],"wp:term":[{"taxonomy":"category","embeddable":true,"href":"https:\/\/verde-amarelo.net\/verdeamarelo\/wp-json\/wp\/v2\/categories?post=77201"},{"taxonomy":"post_tag","embeddable":true,"href":"https:\/\/verde-amarelo.net\/verdeamarelo\/wp-json\/wp\/v2\/tags?post=77201"}],"curies":[{"name":"wp","href":"https:\/\/api.w.org\/{rel}","templated":true}]}}