{"id":77203,"date":"2019-12-16T21:48:00","date_gmt":"2019-12-17T00:48:00","guid":{"rendered":"https:\/\/verde-amarelo.net\/verdeamarelo\/2019\/12\/linea-alimentos-encerra-o-ano-com-inumeras-novidades-de-produtos-para-quem-deseja-uma-alimentacao-mais-saudavel-e-saborosa\/"},"modified":"2019-12-16T21:48:00","modified_gmt":"2019-12-17T00:48:00","slug":"linea-alimentos-encerra-o-ano-com-inumeras-novidades-de-produtos-para-quem-deseja-uma-alimentacao-mais-saudavel-e-saborosa","status":"publish","type":"post","link":"https:\/\/verde-amarelo.net\/verdeamarelo\/2019\/12\/linea-alimentos-encerra-o-ano-com-inumeras-novidades-de-produtos-para-quem-deseja-uma-alimentacao-mais-saudavel-e-saborosa\/","title":{"rendered":"Linea Alimentos encerra o ano com in\u00fameras novidades de produtos para quem deseja uma alimenta\u00e7\u00e3o mais saud\u00e1vel e saborosa"},"content":{"rendered":"<p><i><b>Lan\u00e7amentos tornam a empresa ainda mais presente na rotina de quem procura uma vida equilibrada<\/b><\/i><\/p>\n<div class=\"xn-content\">\n<p>S\u00c3O PAULO, 16 de dezembro de 2019 - Atualizado -  &#8212; Barras de prote\u00edna e de cereais, biscoitos integrais, shake. Tudo sem adi\u00e7\u00e3o de a\u00e7\u00facar. Essas s\u00e3o algumas novidades que a Linea Alimentos trouxe para o mercado em 2019 comprovando a sua presen\u00e7a em todos os momentos do dia dos consumidores que desejam manter uma alimenta\u00e7\u00e3o com foco na sa\u00fade e, ao mesmo tempo, gostosa.\u00a0<\/p>\n<div class=\"PRN_ImbeddedAssetReference\" id=\"DivAssetPlaceHolder1\">\n<\/div>\n<p>Segundo o mais recente estudo Estilos de Vida 2019 da Nielsen, 28% dos lares brasileiros adotam alguma medida saud\u00e1vel e essa \u00e9 uma aspira\u00e7\u00e3o para 53% deles. Al\u00e9m disso, 64% da popula\u00e7\u00e3o segue alguma dieta que limita o consumo de determinados ingredientes. De olho nesse p\u00fablico cada vez maior e mais exigente, a Linea Alimentos, reconhecida pelo maior portf\u00f3lio de alimenta\u00e7\u00e3o saud\u00e1vel sem a\u00e7\u00facar do pa\u00eds, investiu esse ano num mercado com uma alta demanda: os snacks de prote\u00edna.<\/p>&nbsp;&nbsp;\n<p>Esse tipo de produto que, at\u00e9 ent\u00e3o, estava presente apenas em lojas esportivas, agora tamb\u00e9m pode ser encontrado nas grandes redes varejistas. A Linea Alimentos entrou nesse setor com um produto, sem a\u00e7\u00facar, que sacia a fome com 11 gramas de prote\u00edna por por\u00e7\u00e3o. Numa dieta equilibrada, usar uma alta quantidade de prote\u00edna ajuda a acelerar o metabolismo, prevenir a perda de massa muscular e a reduzir o \u00edndice glic\u00eamico do carboidrato, evitando o ac\u00famulo de gordura corporal.<\/p>&nbsp;&nbsp;\n<p>Outro produto com eficientes macronutrientes para o gerenciamento de peso \u00e9 o shake substituto de refei\u00e7\u00e3o. Esse ano a empresa lan\u00e7ou um novo sabor, o <i>Cookies&#8217; n Cream<\/i>, o primeiro do mercado com BCAA (suplemento auxiliar no ganho de massa muscular) e com prote\u00ednas de alto valor biol\u00f3gico, como col\u00e1geno e <i>Wey Protein<\/i>.<\/p>&nbsp;&nbsp;\n<p>Esses s\u00e3o alguns exemplos que comprovam a preocupa\u00e7\u00e3o da empresa em oferecer um portf\u00f3lio cada vez mais diversificado de produtos sem a\u00e7\u00facar e saud\u00e1vel. Como \u00e9 o caso da reformula\u00e7\u00e3o das barras de cereais que auxiliam na melhoria nutricional, a partir da jun\u00e7\u00e3o de tr\u00eas gr\u00e3os integrais: chia, linha\u00e7a e quinoa.<\/p>&nbsp;&nbsp;\n<p>&#8220;Nossos investimentos esse ano tiveram como objetivo tornar mais democr\u00e1tico o acesso dos consumidores a um portf\u00f3lio cada vez mais amplo de produtos saborosos, saud\u00e1veis e seguros. E esperamos continuar lan\u00e7ando novos produtos com esse mesmo foco em 2020&#8221;, afirma <span class=\"xn-person\">Fernanda Perillo<\/span>, gerente de marketing da Linea Alimentos. <\/p>\n<p>Foto: <a href=\"https:\/\/mma.prnewswire.com\/media\/1055806\/Pack_Linea_2020__1.jpg\" rel=\"nofollow noopener noreferrer\" target=\"_blank\">https:\/\/mma.prnewswire.com\/media\/1055806\/Pack_Linea_2020__1.jpg<\/a> <\/p>\n<div class=\"PRN_ImbeddedAssetReference\" id=\"DivAssetPlaceHolder2\">\n<\/div>\n<p>FONTE Linea Alimentos<\/p>\n<\/div>\n<p><!-- Este texto tem o apoio do Sistema ECOMPARE de lojas virtuais <a rel=\"nofollow\" href=\"https:\/\/prnewswire.com.br\/releases\/linea-alimentos-encerra-o-ano-com-inumeras-novidades-de-produtos-para-quem-deseja-uma-alimentacao-mais-saudavel-e-saborosa\/\">Linea Alimentos encerra o ano com in\u00fameras novidades de produtos para quem deseja uma alimenta\u00e7\u00e3o mais saud\u00e1vel e saborosa<\/a> apareceu primeiro em <a rel=\"nofollow\" href=\"https:\/\/prnewswire.com.br\">PR Newswire<\/a>.<\/p>&nbsp;&nbsp;\n","protected":false},"excerpt":{"rendered":"<p>Lan\u00e7amentos tornam a empresa ainda mais presente na rotina de quem procura uma vida equilibrada&#8230;<\/p>\n","protected":false},"author":1,"featured_media":0,"comment_status":"open","ping_status":"open","sticky":false,"template":"","format":"standard","meta":{"fifu_image_url":"","fifu_image_alt":"","footnotes":""},"categories":[727],"tags":[],"class_list":["post-77203","post","type-post","status-publish","format-standard","hentry","category-noticias","wpcat-727-id"],"_links":{"self":[{"href":"https:\/\/verde-amarelo.net\/verdeamarelo\/wp-json\/wp\/v2\/posts\/77203","targetHints":{"allow":["GET"]}}],"collection":[{"href":"https:\/\/verde-amarelo.net\/verdeamarelo\/wp-json\/wp\/v2\/posts"}],"about":[{"href":"https:\/\/verde-amarelo.net\/verdeamarelo\/wp-json\/wp\/v2\/types\/post"}],"author":[{"embeddable":true,"href":"https:\/\/verde-amarelo.net\/verdeamarelo\/wp-json\/wp\/v2\/users\/1"}],"replies":[{"embeddable":true,"href":"https:\/\/verde-amarelo.net\/verdeamarelo\/wp-json\/wp\/v2\/comments?post=77203"}],"version-history":[{"count":0,"href":"https:\/\/verde-amarelo.net\/verdeamarelo\/wp-json\/wp\/v2\/posts\/77203\/revisions"}],"wp:attachment":[{"href":"https:\/\/verde-amarelo.net\/verdeamarelo\/wp-json\/wp\/v2\/media?parent=77203"}],"wp:term":[{"taxonomy":"category","embeddable":true,"href":"https:\/\/verde-amarelo.net\/verdeamarelo\/wp-json\/wp\/v2\/categories?post=77203"},{"taxonomy":"post_tag","embeddable":true,"href":"https:\/\/verde-amarelo.net\/verdeamarelo\/wp-json\/wp\/v2\/tags?post=77203"}],"curies":[{"name":"wp","href":"https:\/\/api.w.org\/{rel}","templated":true}]}}