{"id":77204,"date":"2019-12-16T21:11:00","date_gmt":"2019-12-17T00:11:00","guid":{"rendered":"https:\/\/verde-amarelo.net\/verdeamarelo\/2019\/12\/tecfil-fortalece-lideranca-de-mercado-e-reforca-equipe-comercial-e-de-marketing\/"},"modified":"2019-12-16T21:11:00","modified_gmt":"2019-12-17T00:11:00","slug":"tecfil-fortalece-lideranca-de-mercado-e-reforca-equipe-comercial-e-de-marketing","status":"publish","type":"post","link":"https:\/\/verde-amarelo.net\/verdeamarelo\/2019\/12\/tecfil-fortalece-lideranca-de-mercado-e-reforca-equipe-comercial-e-de-marketing\/","title":{"rendered":"Tecfil fortalece lideran\u00e7a de mercado e refor\u00e7a equipe comercial e de marketing"},"content":{"rendered":"<p><i><b>Em momento de crescimento e forte amplia\u00e7\u00e3o da linha de produtos, empresa traz dois destacados profissionais do setor<\/b><\/i><\/p>\n<div class=\"xn-content\">\n<p>S\u00c3O PAULO, 16 de dezembro de 2019 - Atualizado -  &#8212; <b>A Tecfil<\/b>, maior fabricante de filtros automotivos da Am\u00e9rica Latina, prepara-se para fortalecer a j\u00e1 s\u00f3lida lideran\u00e7a de mercado, com uma s\u00e9rie de a\u00e7\u00f5es inovadoras, que tiveram in\u00edcio em 2019 e seguir\u00e3o em 2020, impulsionando ainda mais seu crescimento. E para comandar os novos projetos, est\u00e1 ampliando seu time, com a contrata\u00e7\u00e3o de dois profissionais com trajet\u00f3ria destacada do mercado de autope\u00e7as e inova\u00e7\u00e3o: Wagner Vieira, executivo com 28 anos de experi\u00eancia no setor, que assume as diretorias Comercial e Marketing, e Plinio Fazol, com experi\u00eancia de 20 anos na \u00e1rea e que passa a ocupar o cargo de Gerente de Marketing, Trade Marketing, Intelig\u00eancia de Mercado e Novos Produtos.<\/p>&nbsp;&nbsp;\n<div class=\"PRN_ImbeddedAssetReference\" id=\"DivAssetPlaceHolder1\">\n<\/div>\n<p>Wagner Vieira, bacharel em Economia, construiu uma bem-sucedida carreira em empresas nacionais e multinacionais do setor de autope\u00e7as, ocupando cargos de dire\u00e7\u00e3o. Entre elas, a fabricante de freios WABCO, o grupo alem\u00e3o Knorr-Bremse, especializado em freios pneum\u00e1ticos para ve\u00edculos comerciais, al\u00e9m da alem\u00e3 ZF e a norte-americana TRW, especializada em autope\u00e7as. Na Tecfil, ele comandar\u00e1 as diretorias que englobam toda a opera\u00e7\u00e3o Comercial e de Marketing, bem como as diversas frentes de relacionamento com o cliente, que t\u00eam import\u00e2ncia fundamental na atual estrat\u00e9gia de crescimento da companhia.\u00a0 <\/p>\n<p>O novo Gerente de Marketing, Trade Marketing, Intelig\u00eancia de Mercado e Novos Produtos, Plinio Fazol, tamb\u00e9m acumula uma trajet\u00f3ria destacada no setor de autope\u00e7as, em empresas como Gates do Brasil, Freudenberg-NOK Sealing Technologies e The Warranty Group Brasil, de seguros e servi\u00e7os automotivos.<\/p>&nbsp;&nbsp;\n<p>&#8220;Nossa miss\u00e3o ser\u00e1 conduzir o processo de consolida\u00e7\u00e3o da lideran\u00e7a j\u00e1 s\u00f3lida e constante da Tecfil. Em 2020, nossos times v\u00e3o trabalhar intensivamente para isso, com o lan\u00e7amento de um volume de produtos ainda maior do que o realizado em 2019&#8221;, conta Vieira. Ele destaca que a Tecfil segue a estrat\u00e9gia de ter um portf\u00f3lio completo, destinado a suprir todas as necessidades dos clientes, desde as grandes empresas automotivas at\u00e9 os aplicadores de filtros e usu\u00e1rios finais, e em 2020 atuar\u00e1 fortemente tamb\u00e9m para atender os setores do agroneg\u00f3cio, usinas e minera\u00e7\u00e3o.<\/p>&nbsp;&nbsp;\n<p>J\u00e1 o novo Gerente de Marketing, Trade Marketing, Intelig\u00eancia de Mercado e Novos Produtos destaca a import\u00e2ncia do suporte aos clientes. &#8220;Tamb\u00e9m buscaremos uma proximidade cada vez maior com os nossos clientes, principalmente com os aplicadores, balconistas e, inclusive, usu\u00e1rios finais&#8221;, conclui Fazol. <\/p>\n<p><b>Sobre a Tecfil<br \/><\/br><\/b>Maior fabricante de filtros automotivos da Am\u00e9rica Latina, a Tecfil conta com duas unidades fabris e um centro de distribui\u00e7\u00e3o, localizados no munic\u00edpio de Guarulhos, ocupando uma \u00e1rea total aproximada de 108 mil m\u00b2. Conta com mais de 1.300 colaboradores e produz mais de 1.500 modelos de filtros, destinados a mais de 100 mil modelos de ve\u00edculos, o que inclui todas as marcas de autom\u00f3veis, o setor de caminh\u00f5es, de m\u00e1quinas pesadas e implementos agr\u00edcolas.\u00a0A empresa se destaca por fornecer filtros originais de f\u00e1brica para diversas montadoras. Fundada em 1953 por Ab\u00edlio Gurgel, a Tecfil foi adquirida pelo Fundo HIG em outubro de 2018. Atualmente, a marca est\u00e1 presente em todo o Brasil e exporta para 20 pa\u00edses levando ao mercado filtros com alta capacidade e qualidade.<\/p>&nbsp;&nbsp;\n<p>Foto &#8211; <a href=\"https:\/\/mma.prnewswire.com\/media\/1055757\/tecfil.jpg\" rel=\"nofollow noopener noreferrer\" target=\"_blank\">https:\/\/mma.prnewswire.com\/media\/1055757\/tecfil.jpg?p=original<\/a><\/p>\n<div class=\"PRN_ImbeddedAssetReference\" id=\"DivAssetPlaceHolder2\">\n<\/div>\n<p>FONTE Tecfil<\/p>\n<\/div>\n<p><!-- Este texto tem o apoio do Sistema ECOMPARE de lojas virtuais <a rel=\"nofollow\" href=\"https:\/\/prnewswire.com.br\/releases\/tecfil-fortalece-lideranca-de-mercado-e-reforca-equipe-comercial-e-de-marketing\/\">Tecfil fortalece lideran\u00e7a de mercado e refor\u00e7a equipe comercial e de marketing<\/a> apareceu primeiro em <a rel=\"nofollow\" href=\"https:\/\/prnewswire.com.br\">PR Newswire<\/a>.<\/p>&nbsp;&nbsp;\n","protected":false},"excerpt":{"rendered":"<p>Em momento de crescimento e forte amplia\u00e7\u00e3o da linha de produtos, empresa traz dois destacados&#8230;<\/p>\n","protected":false},"author":1,"featured_media":0,"comment_status":"open","ping_status":"open","sticky":false,"template":"","format":"standard","meta":{"fifu_image_url":"","fifu_image_alt":"","footnotes":""},"categories":[727],"tags":[],"class_list":["post-77204","post","type-post","status-publish","format-standard","hentry","category-noticias","wpcat-727-id"],"_links":{"self":[{"href":"https:\/\/verde-amarelo.net\/verdeamarelo\/wp-json\/wp\/v2\/posts\/77204","targetHints":{"allow":["GET"]}}],"collection":[{"href":"https:\/\/verde-amarelo.net\/verdeamarelo\/wp-json\/wp\/v2\/posts"}],"about":[{"href":"https:\/\/verde-amarelo.net\/verdeamarelo\/wp-json\/wp\/v2\/types\/post"}],"author":[{"embeddable":true,"href":"https:\/\/verde-amarelo.net\/verdeamarelo\/wp-json\/wp\/v2\/users\/1"}],"replies":[{"embeddable":true,"href":"https:\/\/verde-amarelo.net\/verdeamarelo\/wp-json\/wp\/v2\/comments?post=77204"}],"version-history":[{"count":0,"href":"https:\/\/verde-amarelo.net\/verdeamarelo\/wp-json\/wp\/v2\/posts\/77204\/revisions"}],"wp:attachment":[{"href":"https:\/\/verde-amarelo.net\/verdeamarelo\/wp-json\/wp\/v2\/media?parent=77204"}],"wp:term":[{"taxonomy":"category","embeddable":true,"href":"https:\/\/verde-amarelo.net\/verdeamarelo\/wp-json\/wp\/v2\/categories?post=77204"},{"taxonomy":"post_tag","embeddable":true,"href":"https:\/\/verde-amarelo.net\/verdeamarelo\/wp-json\/wp\/v2\/tags?post=77204"}],"curies":[{"name":"wp","href":"https:\/\/api.w.org\/{rel}","templated":true}]}}