{"id":77208,"date":"2019-12-16T15:15:00","date_gmt":"2019-12-16T18:15:00","guid":{"rendered":"https:\/\/verde-amarelo.net\/verdeamarelo\/2019\/12\/prime-vacation-inaugura-sala-de-atendimento-na-rio-star-e-expande-horario-de-funcionamento-na-unidade-de-foz-do-iguacu\/"},"modified":"2019-12-16T15:15:00","modified_gmt":"2019-12-16T18:15:00","slug":"prime-vacation-inaugura-sala-de-atendimento-na-rio-star-e-expande-horario-de-funcionamento-na-unidade-de-foz-do-iguacu","status":"publish","type":"post","link":"https:\/\/verde-amarelo.net\/verdeamarelo\/2019\/12\/prime-vacation-inaugura-sala-de-atendimento-na-rio-star-e-expande-horario-de-funcionamento-na-unidade-de-foz-do-iguacu\/","title":{"rendered":"PRIME VACATION inaugura sala de atendimento na Rio Star e expande hor\u00e1rio de funcionamento na unidade de Foz do Igua\u00e7u"},"content":{"rendered":"<p><i><b>Ser\u00e1 a terceira sala de vendas da empresa de multipropriedade tur\u00edstica na capital fluminense. Em Foz do Igua\u00e7u, a unidade da PRIME VACATION ter\u00e1 hor\u00e1rio de atendimento estendido at\u00e9 \u00e0 noite.<\/b><\/i><\/p>\n<div class=\"xn-content\">\n<p>GRAMADO, <span class=\"xn-location\">Brasil<\/span>, 16 de dezembro de 2019 - Atualizado -  &#8212; Com a inaugura\u00e7\u00e3o da <span class=\"xn-person\">Rio Star<\/span>, dia 6 de dezembro, maior roda gigante da Am\u00e9rica do Sul,\u00a0e na trilha do crescimento de 15% do mercado de fra\u00e7\u00f5es imobili\u00e1rias para o turismo no <span class=\"xn-location\">Brasil<\/span> em 2019*, a PRIME VACATION, \u00fanica empresa de gest\u00e3o completa de projetos de multipropriedade tur\u00edstica no Pa\u00eds, abre seu terceiro Universo Prime no <span class=\"xn-location\">Rio de Janeiro<\/span>, depois daqueles localizados no Corcovado e no P\u00e3o de A\u00e7\u00facar. A sala de vendas empregar\u00e1 mais de 40 colaboradores, funcionar\u00e1 das 09h \u00e0s 18h e tem <span class=\"xn-money\">480 m<\/span><sup>2<\/sup> e 24 mesas de atendimento. <span class=\"xn-person\">Ronaldo Fagundes<\/span>, CEO da empresa, comentou: &#8220;estamos otimistas com a venda de fra\u00e7\u00f5es imobili\u00e1rias para f\u00e9rias em 2020 nesta nova unidade&#8221;. A divulga\u00e7\u00e3o e capta\u00e7\u00e3o de novos clientes para esse novo espa\u00e7o ser\u00e1 feita tamb\u00e9m por equipe especializada da empresa na <span class=\"xn-person\">Rio Star<\/span>, no Corcovado, no P\u00e3o de A\u00e7\u00facar e em outros pontos tur\u00edsticos da cidade que ainda est\u00e3o em negocia\u00e7\u00e3o.<\/p>&nbsp;&nbsp;\n<div class=\"PRN_ImbeddedAssetReference\" id=\"DivAssetPlaceHolder1\">\n<\/div>\n<p>Na mesma \u00e9poca, a PRIME VACATION faz investimento tamb\u00e9m no Universo Prime de Foz do Igua\u00e7u, localizada desde 2017 em um complexo onde est\u00e1 o Museu de Cera, o Super Carros e o Ice Bar, e onde ser\u00e1 inaugurado, no primeiro semestre de 2020, o museu e o bar e restaurante tem\u00e1tico da <span class=\"xn-person\">Harley Davidson<\/span>, al\u00e9m de ser o local onde ser\u00e1 constru\u00eddo o Aquan Prime Resort, da PRIME, e outras atra\u00e7\u00f5es, a apenas 5 km das Cataratas. Por conta do hor\u00e1rio de funcionamento do complexo da Harley, a sala de vendas da PRIME passou a abrir, desde o dia 5 dezembro, das 10h \u00e0s 22h, diariamente. Anteriormente, a sala fechava \u00e0s 16h. Com isso, 30 novos colaboradores se juntaram aos 40 que j\u00e1 trabalhavam ali. As outras atra\u00e7\u00f5es do local tamb\u00e9m devem fazer altera\u00e7\u00f5es no hor\u00e1rio de funcionamento. &#8220;Com esse aumento de demanda em um espa\u00e7o que j\u00e1 est\u00e1 turisticamente consolidado em Foz, acreditamos que aumentaremos a venda de fra\u00e7\u00f5es imobili\u00e1rias nesta unidade em 2020&#8221;, projeta Ronaldo. A divulga\u00e7\u00e3o e capta\u00e7\u00e3o de clientes para esse espa\u00e7o \u00e9 feita por equipe especializada nas entradas do Super Carros, Museu de Cera, Harley, Ice Bar, Helisul e, em breve, em outros parceiros da cidade e do Paraguai. Em 2020, mais uma sala de vendas em Foz dever\u00e1 ser aberta.<\/p>&nbsp;&nbsp;\n<p>Nas salas Universo Prime, o cliente tem contato com os detalhes dos produtos de multipropriedade imobili\u00e1ria comercializados para f\u00e9rias em fam\u00edlia, com o aux\u00edlio de consultores especializados, proje\u00e7\u00e3o de filme, visita a apartamento decorado, material informativo, kids club com monitores para as crian\u00e7as, em um ambiente confort\u00e1vel, agrad\u00e1vel e requintado. A fra\u00e7\u00e3o ou multipropriedade imobili\u00e1ria \u00e9 mais uma modalidade que vem crescendo dentro do conceito de economia compartilhada. Um n\u00famero de fra\u00e7\u00f5es de uma mesma unidade imobili\u00e1ria, geralmente um apartamento em um resort administrado por rede hoteleira, s\u00e3o legalmente vendidas para fam\u00edlias que podem, assim, realizar o sonho de ter uma propriedade de f\u00e9rias, com escritura e direitos garantidos. De acordo com a modalidade comprada, a fam\u00edlia tem direito a um certo n\u00famero de semanas para uso por ano. Se n\u00e3o desejar us\u00e1-las, poder\u00e1 ou deix\u00e1-las com o hotel para loca\u00e7\u00e3o ou troc\u00e1-las por semanas de f\u00e9rias em outras localidades por interm\u00e9dio do parceiro RCI, maior rede de interc\u00e2mbio de f\u00e9rias do mundo.<\/p>&nbsp;&nbsp;\n<p>Criada em Gramado em 2016, a PRIME VACATION \u00e9 a \u00fanica empresa do setor de multipropriedade tur\u00edstica no <span class=\"xn-location\">Brasil<\/span> que se responsabiliza por todas as fases dos projetos que comercializa: incorpora\u00e7\u00e3o, desenvolvimento, jur\u00eddico, intelig\u00eancia de neg\u00f3cio, marketing, comercializa\u00e7\u00e3o e gest\u00e3o de clientes. Para Fagundes, a\u00ed reside o principal diferencial da PRIME: &#8220;ao cuidarmos de todas as fases do projeto, inclusive e especialmente do cont\u00ednuo relacionamento com os mais de 16 mil clientes que j\u00e1 compraram conosco, podemos garantir maior controle e qualidade de todas as etapas, empenhar os melhores esfor\u00e7os em tecnologia, novas pr\u00e1ticas internacionais de mercado e treinamento de pessoas para a completa realiza\u00e7\u00e3o do sonho de f\u00e9rias inteligentes em fam\u00edlia de nossos clientes&#8221;.<\/p>&nbsp;&nbsp;\n<p>A PRIME VACATION conta hoje com mais de 10 salas Universo Prime nos seguintes destinos: Gramado, <span class=\"xn-location\">Porto Alegre<\/span>, Foz do Igua\u00e7u, <span class=\"xn-location\">Rio de Janeiro<\/span>, <span class=\"xn-location\">Praia<\/span> de Carneiros e <span class=\"xn-location\">Porto<\/span> de Galinhas. Em suas bases fora de Gramado, tem foco atualmente na comercializa\u00e7\u00e3o do Aquan Prime Resort, empreendimento de alto padr\u00e3o que estar\u00e1 localizado junto a um complexo tur\u00edstico em desenvolvimento sem precedentes no <span class=\"xn-location\">Brasil<\/span>, a 5 km das Cataratas do Igua\u00e7u, com previs\u00e3o de entrega em 2026. Al\u00e9m disso, mant\u00e9m negocia\u00e7\u00f5es de expans\u00f5es para os estados de S\u00e3o Paulo, <span class=\"xn-location\">Santa Catarina<\/span>, Pernambuco e <span class=\"xn-location\">Rio de Janeiro<\/span>.<\/p>&nbsp;&nbsp;\n<p>A PRIME \u00e9 fruto dos mesmos criadores de Snowland, Rasen Platz, Bier Park, Casa Aveiro by Dolores, Museu do Festival de <a target=\"_blank\"  href=\"https:\/\/www.vigilanterodoviario.com.br\/retro\/\"><a href=\"https:\/\/www.vigilanterodoviario.com.br\/retro\/\" target=\"_blank\" rel=\"noopener\">cinema<\/a><\/a> de Gramado, Caf\u00e9 Bela Vista, Gramado Termas Park, Wyndham Gramado Termas Resort Spa, Gramado BV Resort, Gramado Exclusive Resort e Gramado Buona Vitta Resort Spa, em Gramado, da <span class=\"xn-person\">Rio Star<\/span>, no <span class=\"xn-location\">Rio de Janeiro<\/span>, e do Aquan Prime Resort, em Foz do Igua\u00e7u.<\/p>&nbsp;&nbsp;\n<p>Mais informa\u00e7\u00f5es: <a href=\"http:\/\/primevacation.com.br\/\" rel=\"nofollow noopener noreferrer\" target=\"_blank\">http:\/\/primevacation.com.br\/<\/a><\/p>\n<p>* <a href=\"http:\/\/www.caiocalfat.com.br\/2019\/06\/06\/cenario-do-desenvolvimento-de-multipropriedades-2019\/\" rel=\"nofollow noopener noreferrer\" target=\"_blank\">Estudo da Caio Calfat Real Estate Consulting<\/a><\/p>\n<p>Foto &#8211; <a href=\"https:\/\/mma.prnewswire.com\/media\/1055560\/Sala_Prime_Vacation.jpg?p=original\" rel=\"nofollow noopener noreferrer\" target=\"_blank\">https:\/\/mma.prnewswire.com\/media\/1055560\/Sala_Prime_Vacation.jpg?p=original<\/a><\/p>\n<div class=\"PRN_ImbeddedAssetReference\" id=\"DivAssetPlaceHolder2\">\n<\/div>\n<p>FONTE Prime Vacation<\/p>\n<\/div>\n<p><!-- Este texto tem o apoio do Sistema ECOMPARE de lojas virtuais <a rel=\"nofollow\" href=\"https:\/\/prnewswire.com.br\/releases\/prime-vacation-inaugura-sala-de-atendimento-na-rio-star-e-expande-horario-de-funcionamento-na-unidade-de-foz-do-iguacu\/\">PRIME VACATION inaugura sala de atendimento na Rio Star e expande hor\u00e1rio de funcionamento na unidade de Foz do Igua\u00e7u<\/a> apareceu primeiro em <a rel=\"nofollow\" href=\"https:\/\/prnewswire.com.br\">PR Newswire<\/a>.<\/p>&nbsp;&nbsp;\n","protected":false},"excerpt":{"rendered":"<p>Ser\u00e1 a terceira sala de vendas da empresa de multipropriedade tur\u00edstica na capital fluminense. Em&#8230;<\/p>\n","protected":false},"author":1,"featured_media":0,"comment_status":"open","ping_status":"open","sticky":false,"template":"","format":"standard","meta":{"fifu_image_url":"","fifu_image_alt":"","footnotes":""},"categories":[727],"tags":[],"class_list":["post-77208","post","type-post","status-publish","format-standard","hentry","category-noticias","wpcat-727-id"],"_links":{"self":[{"href":"https:\/\/verde-amarelo.net\/verdeamarelo\/wp-json\/wp\/v2\/posts\/77208","targetHints":{"allow":["GET"]}}],"collection":[{"href":"https:\/\/verde-amarelo.net\/verdeamarelo\/wp-json\/wp\/v2\/posts"}],"about":[{"href":"https:\/\/verde-amarelo.net\/verdeamarelo\/wp-json\/wp\/v2\/types\/post"}],"author":[{"embeddable":true,"href":"https:\/\/verde-amarelo.net\/verdeamarelo\/wp-json\/wp\/v2\/users\/1"}],"replies":[{"embeddable":true,"href":"https:\/\/verde-amarelo.net\/verdeamarelo\/wp-json\/wp\/v2\/comments?post=77208"}],"version-history":[{"count":0,"href":"https:\/\/verde-amarelo.net\/verdeamarelo\/wp-json\/wp\/v2\/posts\/77208\/revisions"}],"wp:attachment":[{"href":"https:\/\/verde-amarelo.net\/verdeamarelo\/wp-json\/wp\/v2\/media?parent=77208"}],"wp:term":[{"taxonomy":"category","embeddable":true,"href":"https:\/\/verde-amarelo.net\/verdeamarelo\/wp-json\/wp\/v2\/categories?post=77208"},{"taxonomy":"post_tag","embeddable":true,"href":"https:\/\/verde-amarelo.net\/verdeamarelo\/wp-json\/wp\/v2\/tags?post=77208"}],"curies":[{"name":"wp","href":"https:\/\/api.w.org\/{rel}","templated":true}]}}