{"id":77209,"date":"2019-12-16T23:34:23","date_gmt":"2019-12-17T02:34:23","guid":{"rendered":"https:\/\/verde-amarelo.net\/verdeamarelo\/2019\/12\/destaque-do-ano-ford-ranger-a-picape-mais-premiada-de-2019\/"},"modified":"2019-12-16T23:34:23","modified_gmt":"2019-12-17T02:34:23","slug":"destaque-do-ano-ford-ranger-a-picape-mais-premiada-de-2019","status":"publish","type":"post","link":"https:\/\/verde-amarelo.net\/verdeamarelo\/2019\/12\/destaque-do-ano-ford-ranger-a-picape-mais-premiada-de-2019\/","title":{"rendered":"Destaque do Ano: Ford Ranger &eacute; a picape mais premiada de 2019"},"content":{"rendered":"<\/div>\n<div>&nbsp;<\/div>\n<div>&nbsp;<\/div>\n<div>&nbsp;&nbsp;&nbsp;&nbsp;&nbsp;&nbsp;&nbsp;&nbsp;&nbsp;&nbsp;&nbsp; A Ford   Ranger foi o grande destaque do segmento de picapes em 2019, vencendo os   principais pr\u00eamios e comparativos da ind\u00fastria. No total, a picape m\u00e9dia da Ford   recebeu dez pr\u00eamios com o lan\u00e7amento da linha 2020, que introduziu tecnologias   in\u00e9ditas na categoria.<\/div>\n<div>&nbsp;<\/div>\n<div>&nbsp;&nbsp;&nbsp;&nbsp;&nbsp;&nbsp;&nbsp;&nbsp;&nbsp;&nbsp;&nbsp;   Concedidas pelo voto de especialistas ou do p\u00fablico, todas as premia\u00e7\u00f5es   reconheceram o grande avan\u00e7o da Ranger em rela\u00e7\u00e3o \u00e0s concorrentes,   principalmente nos quesitos de seguran\u00e7a, conforto e respeito ao bolso do   cliente, com um excelente custo-benef\u00edcio. Ela \u00e9 a primeira a oferecer as   tecnologias de assist\u00eancia de frenagem aut\u00f4noma com detec\u00e7\u00e3o de pedestres e   reconhecimento de sinais de tr\u00e2nsito, que contribuem para tornar a dire\u00e7\u00e3o mais   confiante e segura.<\/div>\n<div>&nbsp;<\/div>\n<div><b><span style=\"FONT-SIZE: 18pt; LINE-HEIGHT: 200%\"><img decoding=\"async\" src=\"data:image\/gif;base64,R0lGODlhAQABAIAAAAAAAP\/\/\/ywAAAAAAQABAAACAUwAOw==\" fifu-lazy=\"1\" fifu-data-sizes=\"auto\" fifu-data-srcset=\"https:\/\/i1.wp.com\/www.truckbrasil.com.br\/wp\/wp-content\/uploads\/2019\/12\/image006-1.jpg?ssl=1&w=75&resize=75&ssl=1 75w, https:\/\/i1.wp.com\/www.truckbrasil.com.br\/wp\/wp-content\/uploads\/2019\/12\/image006-1.jpg?ssl=1&w=100&resize=100&ssl=1 100w, https:\/\/i1.wp.com\/www.truckbrasil.com.br\/wp\/wp-content\/uploads\/2019\/12\/image006-1.jpg?ssl=1&w=150&resize=150&ssl=1 150w, https:\/\/i1.wp.com\/www.truckbrasil.com.br\/wp\/wp-content\/uploads\/2019\/12\/image006-1.jpg?ssl=1&w=240&resize=240&ssl=1 240w, https:\/\/i1.wp.com\/www.truckbrasil.com.br\/wp\/wp-content\/uploads\/2019\/12\/image006-1.jpg?ssl=1&w=320&resize=320&ssl=1 320w, https:\/\/i1.wp.com\/www.truckbrasil.com.br\/wp\/wp-content\/uploads\/2019\/12\/image006-1.jpg?ssl=1&w=500&resize=500&ssl=1 500w, https:\/\/i1.wp.com\/www.truckbrasil.com.br\/wp\/wp-content\/uploads\/2019\/12\/image006-1.jpg?ssl=1&w=640&resize=640&ssl=1 640w, https:\/\/i1.wp.com\/www.truckbrasil.com.br\/wp\/wp-content\/uploads\/2019\/12\/image006-1.jpg?ssl=1&w=800&resize=800&ssl=1 800w, https:\/\/i1.wp.com\/www.truckbrasil.com.br\/wp\/wp-content\/uploads\/2019\/12\/image006-1.jpg?ssl=1&w=1024&resize=1024&ssl=1 1024w, https:\/\/i1.wp.com\/www.truckbrasil.com.br\/wp\/wp-content\/uploads\/2019\/12\/image006-1.jpg?ssl=1&w=1280&resize=1280&ssl=1 1280w, https:\/\/i1.wp.com\/www.truckbrasil.com.br\/wp\/wp-content\/uploads\/2019\/12\/image006-1.jpg?ssl=1&w=1600&resize=1600&ssl=1 1600w\" id=Picture_x0020_1   style=\"HEIGHT: 6.812in; WIDTH: 10.02in\" border=0   fifu-data-src=\"https:\/\/i1.wp.com\/www.truckbrasil.com.br\/wp\/wp-content\/uploads\/2019\/12\/image006-1.jpg?ssl=1\" width=962   height=654><o_p><\/o_p><\/span><\/b><\/div>\n<div>&nbsp;<\/div>\n<div>Equipada com os confi\u00e1veis motores diesel Duratorq 3.2 e 2.2, a Ranger \u00e9   reconhecida pelo desempenho todo-terreno e ganhou um novo ajuste de suspens\u00e3o   que torna a rodagem mais refinada. Traz ainda um sistema que facilita a abertura   e fechamento da tampa da ca\u00e7amba, bot\u00e3o de partida e monitoramento individual de   press\u00e3o dos pneus. <\/div>\n<div>&nbsp;<\/div>\n<div>Ela continua a ser a \u00fanica do segmento a oferecer piloto autom\u00e1tico   adaptativo, sistema de perman\u00eancia em faixa e cinco anos de garantia. J\u00e1 vem de   s\u00e9rie com controle de estabilidade e tra\u00e7\u00e3o AdvanceTrac e, desde a vers\u00e3o XLS,   traz ar-condicionado digital de dupla zona, multim\u00eddia SYNC 3 com tela de 8   polegadas, c\u00e2mera de r\u00e9 e sete airbags. <\/div>\n<div>&nbsp;<\/div>\n<div>Conhe\u00e7a os dez pr\u00eamios conquistados pela Ford Ranger 2020:<\/div>\n<div>&nbsp;<\/div>\n<div>\u00b7&nbsp;&nbsp;&nbsp;&nbsp;&nbsp;&nbsp;&nbsp;&nbsp; Melhor Compra 2019, da   Revista Quatro Rodas, com avalia\u00e7\u00e3o de itens como pre\u00e7o, seguro, motoriza\u00e7\u00e3o,   consumo, espa\u00e7o interno, garantia, custo de revis\u00f5es, pe\u00e7as e   desvaloriza\u00e7\u00e3o;<\/div>\n<div>&nbsp;<\/div>\n<div>\u00b7&nbsp;&nbsp;&nbsp;&nbsp;&nbsp;&nbsp;&nbsp;&nbsp; Os Eleitos, pesquisa da   revista Quatro Rodas que mede o n\u00edvel de satisfa\u00e7\u00e3o dos propriet\u00e1rios com os   ve\u00edculos; <\/div>\n<div>&nbsp;<\/div>\n<div>\u00b7&nbsp;&nbsp;&nbsp;&nbsp;&nbsp;&nbsp;&nbsp;&nbsp; A Granja do Ano, da   revista A Granja, um dos mais tradicionais do agroneg\u00f3cio, h\u00e1 34 anos, com   vota\u00e7\u00e3o direta dos produtores rurais; <\/div>\n<div>&nbsp;<\/div>\n<div>\u00b7&nbsp;&nbsp;&nbsp;&nbsp;&nbsp;&nbsp;&nbsp;&nbsp; Pr\u00eamio AutoData,   concedido pelos jornalistas da AutoData Editora e voto dos leitores da   publica\u00e7\u00e3o;<\/div>\n<div>&nbsp;<\/div>\n<div>\u00b7&nbsp;&nbsp;&nbsp;&nbsp;&nbsp;&nbsp;&nbsp;&nbsp; Pr\u00eamio Americar 2020, da   Associa\u00e7\u00e3o Am\u00e9rica Latina da Imprensa de Carros, com os votos de 58 jornalistas   especializados de 12 pa\u00edses da regi\u00e3o;<\/div>\n<div>&nbsp;<\/div>\n<div>\u00b7&nbsp;&nbsp;&nbsp;&nbsp;&nbsp;&nbsp;&nbsp;&nbsp; Os Melhores 2020, do   Jornal do Carro, selecionados pelos jornalistas da publica\u00e7\u00e3o \u2013 oitava vit\u00f3ria   consecutiva da Ranger;<\/div>\n<div>&nbsp;<\/div>\n<div>\u00b7&nbsp;&nbsp;&nbsp;&nbsp;&nbsp;&nbsp;&nbsp;&nbsp; Pr\u00eamio UOL Carros, com um   j\u00fari formado por 12 jornalistas especializados;<\/div>\n<div>&nbsp;<\/div>\n<div>\u00b7&nbsp;&nbsp;&nbsp;&nbsp;&nbsp;&nbsp;&nbsp;&nbsp; Carsughi L\u2019Auto Preferita   2019, com os votos de 21 jornalistas especializados;&nbsp; <\/div>\n<div>&nbsp;<\/div>\n<div>\u00b7&nbsp;&nbsp;&nbsp;&nbsp;&nbsp;&nbsp;&nbsp;&nbsp; Top Car TV, na 18\u00aa   edi\u00e7\u00e3o, com um j\u00fari formado por 38 jornalistas automotivos produtores de   mat\u00e9rias em v\u00eddeo para televis\u00e3o ou internet.<\/div>\n<div>&nbsp;<\/div>\n<div>\u00b7&nbsp;&nbsp;&nbsp;&nbsp;&nbsp;&nbsp;&nbsp;&nbsp; Pr\u00eamio Abiauto, da   Associa\u00e7\u00e3o Brasileira da Imprensa Automotiva, que na 21\u00aa edi\u00e7\u00e3o reuniu mais de   40 jornalistas especializados de todo o Brasil. <\/div>\n<div>&nbsp;<\/div>\n<div>\n","protected":false},"excerpt":{"rendered":"<p>&nbsp; &nbsp; &nbsp;&nbsp;&nbsp;&nbsp;&nbsp;&nbsp;&nbsp;&nbsp;&nbsp;&nbsp;&nbsp; A Ford Ranger foi o grande destaque do segmento de picapes em&#8230;<\/p>\n","protected":false},"author":1,"featured_media":0,"comment_status":"open","ping_status":"open","sticky":false,"template":"","format":"standard","meta":{"fifu_image_url":"","fifu_image_alt":"","footnotes":""},"categories":[8427],"tags":[],"class_list":["post-77209","post","type-post","status-publish","format-standard","hentry","category-geral","wpcat-8427-id"],"_links":{"self":[{"href":"https:\/\/verde-amarelo.net\/verdeamarelo\/wp-json\/wp\/v2\/posts\/77209","targetHints":{"allow":["GET"]}}],"collection":[{"href":"https:\/\/verde-amarelo.net\/verdeamarelo\/wp-json\/wp\/v2\/posts"}],"about":[{"href":"https:\/\/verde-amarelo.net\/verdeamarelo\/wp-json\/wp\/v2\/types\/post"}],"author":[{"embeddable":true,"href":"https:\/\/verde-amarelo.net\/verdeamarelo\/wp-json\/wp\/v2\/users\/1"}],"replies":[{"embeddable":true,"href":"https:\/\/verde-amarelo.net\/verdeamarelo\/wp-json\/wp\/v2\/comments?post=77209"}],"version-history":[{"count":0,"href":"https:\/\/verde-amarelo.net\/verdeamarelo\/wp-json\/wp\/v2\/posts\/77209\/revisions"}],"wp:attachment":[{"href":"https:\/\/verde-amarelo.net\/verdeamarelo\/wp-json\/wp\/v2\/media?parent=77209"}],"wp:term":[{"taxonomy":"category","embeddable":true,"href":"https:\/\/verde-amarelo.net\/verdeamarelo\/wp-json\/wp\/v2\/categories?post=77209"},{"taxonomy":"post_tag","embeddable":true,"href":"https:\/\/verde-amarelo.net\/verdeamarelo\/wp-json\/wp\/v2\/tags?post=77209"}],"curies":[{"name":"wp","href":"https:\/\/api.w.org\/{rel}","templated":true}]}}