{"id":77210,"date":"2019-12-16T23:34:24","date_gmt":"2019-12-17T02:34:24","guid":{"rendered":"https:\/\/verde-amarelo.net\/verdeamarelo\/2019\/12\/jamef-leva-esprito-natalino-para-as-estradas-do-brasil\/"},"modified":"2019-12-16T23:34:24","modified_gmt":"2019-12-17T02:34:24","slug":"jamef-leva-esprito-natalino-para-as-estradas-do-brasil","status":"publish","type":"post","link":"https:\/\/verde-amarelo.net\/verdeamarelo\/2019\/12\/jamef-leva-esprito-natalino-para-as-estradas-do-brasil\/","title":{"rendered":"Jamef leva esp&iacute;rito natalino para as estradas do Brasil"},"content":{"rendered":"<\/div>\n<div>&nbsp;<\/div>\n<div><img decoding=\"async\" src=\"data:image\/gif;base64,R0lGODlhAQABAIAAAAAAAP\/\/\/ywAAAAAAQABAAACAUwAOw==\" fifu-lazy=\"1\" fifu-data-sizes=\"auto\" fifu-data-srcset=\"https:\/\/i2.wp.com\/files.pressmanager.net\/clientes\/6553258b3e83124270ca58fb2103dc2b\/imagens\/2019\/12\/16\/5131854573e95673f5993cdbc97d6cb5_medium.jpg?ssl=1&w=75&resize=75&ssl=1 75w, https:\/\/i2.wp.com\/files.pressmanager.net\/clientes\/6553258b3e83124270ca58fb2103dc2b\/imagens\/2019\/12\/16\/5131854573e95673f5993cdbc97d6cb5_medium.jpg?ssl=1&w=100&resize=100&ssl=1 100w, https:\/\/i2.wp.com\/files.pressmanager.net\/clientes\/6553258b3e83124270ca58fb2103dc2b\/imagens\/2019\/12\/16\/5131854573e95673f5993cdbc97d6cb5_medium.jpg?ssl=1&w=150&resize=150&ssl=1 150w, https:\/\/i2.wp.com\/files.pressmanager.net\/clientes\/6553258b3e83124270ca58fb2103dc2b\/imagens\/2019\/12\/16\/5131854573e95673f5993cdbc97d6cb5_medium.jpg?ssl=1&w=240&resize=240&ssl=1 240w, https:\/\/i2.wp.com\/files.pressmanager.net\/clientes\/6553258b3e83124270ca58fb2103dc2b\/imagens\/2019\/12\/16\/5131854573e95673f5993cdbc97d6cb5_medium.jpg?ssl=1&w=320&resize=320&ssl=1 320w, https:\/\/i2.wp.com\/files.pressmanager.net\/clientes\/6553258b3e83124270ca58fb2103dc2b\/imagens\/2019\/12\/16\/5131854573e95673f5993cdbc97d6cb5_medium.jpg?ssl=1&w=500&resize=500&ssl=1 500w, https:\/\/i2.wp.com\/files.pressmanager.net\/clientes\/6553258b3e83124270ca58fb2103dc2b\/imagens\/2019\/12\/16\/5131854573e95673f5993cdbc97d6cb5_medium.jpg?ssl=1&w=640&resize=640&ssl=1 640w, https:\/\/i2.wp.com\/files.pressmanager.net\/clientes\/6553258b3e83124270ca58fb2103dc2b\/imagens\/2019\/12\/16\/5131854573e95673f5993cdbc97d6cb5_medium.jpg?ssl=1&w=800&resize=800&ssl=1 800w, https:\/\/i2.wp.com\/files.pressmanager.net\/clientes\/6553258b3e83124270ca58fb2103dc2b\/imagens\/2019\/12\/16\/5131854573e95673f5993cdbc97d6cb5_medium.jpg?ssl=1&w=1024&resize=1024&ssl=1 1024w, https:\/\/i2.wp.com\/files.pressmanager.net\/clientes\/6553258b3e83124270ca58fb2103dc2b\/imagens\/2019\/12\/16\/5131854573e95673f5993cdbc97d6cb5_medium.jpg?ssl=1&w=1280&resize=1280&ssl=1 1280w, https:\/\/i2.wp.com\/files.pressmanager.net\/clientes\/6553258b3e83124270ca58fb2103dc2b\/imagens\/2019\/12\/16\/5131854573e95673f5993cdbc97d6cb5_medium.jpg?ssl=1&w=1600&resize=1600&ssl=1 1600w\" style=\"FLOAT: right; DISPLAY: inline\" border=0   fifu-data-src=\"https:\/\/i2.wp.com\/files.pressmanager.net\/clientes\/6553258b3e83124270ca58fb2103dc2b\/imagens\/2019\/12\/16\/5131854573e95673f5993cdbc97d6cb5_medium.jpg?ssl=1\"   align=right>O final de ano chegou e com ele os sentimentos de paz, esperan\u00e7a e   amor que essa \u00e9poca renova. Com essa premissa, a Jamef Encomedas Urgentes   pretende levar o espirito natalino e alegria por onde passar. Para isso, a   empresa preparou decora\u00e7\u00f5es especiais de natal em alguns ve\u00edculos de sua frota:   carretas e Accelos.<\/div>\n<div>&nbsp;<\/div>\n<div>A decora\u00e7\u00e3o deste ano tem como objetivo estimular a imagina\u00e7\u00e3o de quem   encontra os ve\u00edculos nas ruas e estradas. Eles foram personalizados com o tema   do Papai Noel saindo de dentro dos ba\u00fas, mostrando os presentes, simbolizando as   entregas especiais que a Jamef realiza durante esta \u00e9poca do ano.<\/div>\n<div>&nbsp;<\/div>\n<div>Pensando sempre na seguran\u00e7a vi\u00e1ria, a Jamef optou por um recurso de   plotagem que em nada interfere na vis\u00e3o de outros motoristas nas ruas e ou   estradas. \u201cEstamos fazendo o que fazemos de melhor: entregando as encomendas por   todo o pa\u00eds com o foco nos prazos, total cuidado e seguran\u00e7a, compromissos que   fazem parte do DNA da Jamef. E agora, fazemos isso com esp\u00edrito de festas\u201d,   conta Paulo Nogueir\u00e3o, diretor comercial &amp; marketing da Jamef.<\/div>\n<div>&nbsp;<\/div>\n<div>De acordo com Paulo, os colaboradores da empresa sabem que, principalmente   nesta \u00e9poca do ano, as encomendas t\u00eam destinos especiais, pois dentro das caixas   est\u00e3o presentes de Natal repletos de sonhos e expectativas. \u201cCom as carretas de   final de ano ficamos mais pr\u00f3ximos de nossos clientes e parceiros, estreitando o   relacionamento, al\u00e9m de deixar as estradas do Brasil mais alegres\u201d, finaliza   Nogueir\u00e3o.<\/div>\n<div>&nbsp;<\/div>\n<div>Sobre a Jamef Encomendas Urgentes \u2013 Fundada em 1963 e especializada no   transporte de cargas fracionadas, a Jamef Encomendas Urgentes (<a href=\"http:\/\/www.jamef.com.br\">www.jamef.com.br<\/a>)   atua em todo o territ\u00f3rio nacional por meio dos modais rodovi\u00e1rio e a\u00e9reo e   conta com mais de 3.000 colaboradores diretos, 1.200 ve\u00edculos e 30 unidades. A   empresa investe constantemente em infraestrutura, tecnologias integradas,   capacita\u00e7\u00e3o de colaboradores, a\u00e7\u00f5es sustent\u00e1veis e inova\u00e7\u00e3o para sempre levar o   melhor servi\u00e7o ao cliente, com pontualidade e cuidado no transporte de   mercadorias e aten\u00e7\u00e3o no atendimento. Toda a frota \u00e9 100% rastreada via sat\u00e9lite   e os terminais s\u00e3o monitorados 24 horas por dia, para garantir a seguran\u00e7a total   de todas as cargas, desde a coleta at\u00e9 a entrega. No site \u00e9 poss\u00edvel acompanhar   cada etapa do transporte, em tempo real, e ainda realizar cota\u00e7\u00f5es e solicitar a   coleta.&nbsp; <\/div>\n<div>\n","protected":false},"excerpt":{"rendered":"<p>&nbsp; O final de ano chegou e com ele os sentimentos de paz, esperan\u00e7a e&#8230;<\/p>\n","protected":false},"author":1,"featured_media":0,"comment_status":"open","ping_status":"open","sticky":false,"template":"","format":"standard","meta":{"fifu_image_url":"","fifu_image_alt":"","footnotes":""},"categories":[8701],"tags":[],"class_list":["post-77210","post","type-post","status-publish","format-standard","hentry","category-geralcaminhoes","wpcat-8701-id"],"_links":{"self":[{"href":"https:\/\/verde-amarelo.net\/verdeamarelo\/wp-json\/wp\/v2\/posts\/77210","targetHints":{"allow":["GET"]}}],"collection":[{"href":"https:\/\/verde-amarelo.net\/verdeamarelo\/wp-json\/wp\/v2\/posts"}],"about":[{"href":"https:\/\/verde-amarelo.net\/verdeamarelo\/wp-json\/wp\/v2\/types\/post"}],"author":[{"embeddable":true,"href":"https:\/\/verde-amarelo.net\/verdeamarelo\/wp-json\/wp\/v2\/users\/1"}],"replies":[{"embeddable":true,"href":"https:\/\/verde-amarelo.net\/verdeamarelo\/wp-json\/wp\/v2\/comments?post=77210"}],"version-history":[{"count":0,"href":"https:\/\/verde-amarelo.net\/verdeamarelo\/wp-json\/wp\/v2\/posts\/77210\/revisions"}],"wp:attachment":[{"href":"https:\/\/verde-amarelo.net\/verdeamarelo\/wp-json\/wp\/v2\/media?parent=77210"}],"wp:term":[{"taxonomy":"category","embeddable":true,"href":"https:\/\/verde-amarelo.net\/verdeamarelo\/wp-json\/wp\/v2\/categories?post=77210"},{"taxonomy":"post_tag","embeddable":true,"href":"https:\/\/verde-amarelo.net\/verdeamarelo\/wp-json\/wp\/v2\/tags?post=77210"}],"curies":[{"name":"wp","href":"https:\/\/api.w.org\/{rel}","templated":true}]}}