{"id":77211,"date":"2019-12-17T00:44:41","date_gmt":"2019-12-17T03:44:41","guid":{"rendered":"https:\/\/verde-amarelo.net\/verdeamarelo\/2019\/12\/setor-de-embalagens-sinaliza-retomada-da-economia-e-crescimento-da-indstria-para-o-prximo-ano\/"},"modified":"2019-12-17T00:44:41","modified_gmt":"2019-12-17T03:44:41","slug":"setor-de-embalagens-sinaliza-retomada-da-economia-e-crescimento-da-indstria-para-o-prximo-ano","status":"publish","type":"post","link":"https:\/\/verde-amarelo.net\/verdeamarelo\/2019\/12\/setor-de-embalagens-sinaliza-retomada-da-economia-e-crescimento-da-indstria-para-o-prximo-ano\/","title":{"rendered":"Setor de embalagens sinaliza retomada da economia e crescimento da ind&uacute;stria para o pr&oacute;ximo ano"},"content":{"rendered":"<\/div>\n<div>&nbsp;<\/div>\n<div><img decoding=\"async\" src=\"data:image\/gif;base64,R0lGODlhAQABAIAAAAAAAP\/\/\/ywAAAAAAQABAAACAUwAOw==\" fifu-lazy=\"1\" fifu-data-sizes=\"auto\" fifu-data-srcset=\"https:\/\/i3.wp.com\/files.pressmanager.net\/clientes\/266b8c0c21c436843181b6aed8421f07\/imagens\/2019\/09\/30\/254864b7d540ba0414f0d3a08e72fd86.png?ssl=1&w=75&resize=75&ssl=1 75w, https:\/\/i3.wp.com\/files.pressmanager.net\/clientes\/266b8c0c21c436843181b6aed8421f07\/imagens\/2019\/09\/30\/254864b7d540ba0414f0d3a08e72fd86.png?ssl=1&w=100&resize=100&ssl=1 100w, https:\/\/i3.wp.com\/files.pressmanager.net\/clientes\/266b8c0c21c436843181b6aed8421f07\/imagens\/2019\/09\/30\/254864b7d540ba0414f0d3a08e72fd86.png?ssl=1&w=150&resize=150&ssl=1 150w, https:\/\/i3.wp.com\/files.pressmanager.net\/clientes\/266b8c0c21c436843181b6aed8421f07\/imagens\/2019\/09\/30\/254864b7d540ba0414f0d3a08e72fd86.png?ssl=1&w=240&resize=240&ssl=1 240w, https:\/\/i3.wp.com\/files.pressmanager.net\/clientes\/266b8c0c21c436843181b6aed8421f07\/imagens\/2019\/09\/30\/254864b7d540ba0414f0d3a08e72fd86.png?ssl=1&w=320&resize=320&ssl=1 320w, https:\/\/i3.wp.com\/files.pressmanager.net\/clientes\/266b8c0c21c436843181b6aed8421f07\/imagens\/2019\/09\/30\/254864b7d540ba0414f0d3a08e72fd86.png?ssl=1&w=500&resize=500&ssl=1 500w, https:\/\/i3.wp.com\/files.pressmanager.net\/clientes\/266b8c0c21c436843181b6aed8421f07\/imagens\/2019\/09\/30\/254864b7d540ba0414f0d3a08e72fd86.png?ssl=1&w=640&resize=640&ssl=1 640w, https:\/\/i3.wp.com\/files.pressmanager.net\/clientes\/266b8c0c21c436843181b6aed8421f07\/imagens\/2019\/09\/30\/254864b7d540ba0414f0d3a08e72fd86.png?ssl=1&w=800&resize=800&ssl=1 800w, https:\/\/i3.wp.com\/files.pressmanager.net\/clientes\/266b8c0c21c436843181b6aed8421f07\/imagens\/2019\/09\/30\/254864b7d540ba0414f0d3a08e72fd86.png?ssl=1&w=1024&resize=1024&ssl=1 1024w, https:\/\/i3.wp.com\/files.pressmanager.net\/clientes\/266b8c0c21c436843181b6aed8421f07\/imagens\/2019\/09\/30\/254864b7d540ba0414f0d3a08e72fd86.png?ssl=1&w=1280&resize=1280&ssl=1 1280w, https:\/\/i3.wp.com\/files.pressmanager.net\/clientes\/266b8c0c21c436843181b6aed8421f07\/imagens\/2019\/09\/30\/254864b7d540ba0414f0d3a08e72fd86.png?ssl=1&w=1600&resize=1600&ssl=1 1600w\" style=\"FLOAT: right; DISPLAY: inline\" alt=PPW   fifu-data-src=\"https:\/\/i3.wp.com\/files.pressmanager.net\/clientes\/266b8c0c21c436843181b6aed8421f07\/imagens\/2019\/09\/30\/254864b7d540ba0414f0d3a08e72fd86.png?ssl=1\"   align=right>Um dos term\u00f4metros da ind\u00fastria \u00e9 o setor de embalagens. Se h\u00e1   aumento da produ\u00e7\u00e3o \u00e9 sinal de que outros setores da economia tamb\u00e9m rumam ao   crescimento. Em outubro, o segmento de embalagens produziu mais de 334 mil   toneladas de caixas, acess\u00f3rios e chapas de papel\u00e3o, registrando um aumento de   produ\u00e7\u00e3o de 2,7% maior em rela\u00e7\u00e3o ao mesmo per\u00edodo do ano passado.<\/div>\n<div>&nbsp;<\/div>\n<div>Neste cen\u00e1rio positivo, que sinaliza os caminhos para a retomada da   economia no pr\u00f3ximo ano, as empresas do setor apostam na PPW \u2013 PACKAGING &amp;   PROCESS WEEK, Feira Internacional de Tecnologia e Processos para a Ind\u00fastria de   Embalagens, que ser\u00e1 de 15 a 18 de setembro no S\u00e3o Paulo Expo, em S\u00e3o   Paulo.<\/div>\n<div>&nbsp;<\/div>\n<div>A Varpe, l\u00edder mundial em fabrica\u00e7\u00e3o de solu\u00e7\u00f5es de alta tecnologia em   controle de peso e detec\u00e7\u00e3o de contaminantes nos processos de produ\u00e7\u00e3o, \u00e9 uma   das empresas que participar\u00e1 da PPW. O diretor da Varpe, Armando Aquino, afirma   que houve um crescimento de 20% nas vendas este ano em compara\u00e7\u00e3o a 2018. \u201cO   faturamento deste ano deve fechar em R$ 12 milh\u00f5es, um acr\u00e9scimo de 20%. Desse   valor, 70% corresponde a vendas de m\u00e1quinas e o restante com revendas e vendas   de pe\u00e7as\u201d, comenta. Para o pr\u00f3ximo ano, uma das apostas da empresa \u00e9 retomar o   projeto de constru\u00e7\u00e3o de uma nova f\u00e1brica, em Santa B\u00e1rbara d\u2019Oeste (SP),   paralisado desde 2016. \u201cCom o novo espa\u00e7o, a ideia \u00e9 produzir para outros   segmentos. Vamos investir num equipamento com nova tecnologia de RX, focado na   produ\u00e7\u00e3o de corte de frango para ossos de baixa intensidade. A nova f\u00e1brica   permitir\u00e1 tamb\u00e9m a melhoria em outros processos j\u00e1 utilizados, podendo aumentar   a capacidade de produ\u00e7\u00e3o em at\u00e9 15%\u201d, descreve.<\/div>\n<div>&nbsp;<\/div>\n<div>O otimismo do setor \u00e9 refor\u00e7ado por Juliano Farina, Marketing da Tecmaes \u2013   Tecnologia de M\u00e1quinas Especiais, que participar\u00e1 da PPW e que este ano fez   investimentos de R$ 3 milh\u00f5es, que envolvem uma nova f\u00e1brica que ser\u00e1 inaugurada   em janeiro de 2020. \u201cTamb\u00e9m investimos R$ 200 mil numa impressora flexogr\u00e1fica   para a impress\u00e3o de r\u00f3tulos. Uma demanda que levava at\u00e9 um m\u00eas para ser   conclu\u00edda, com a novidade fica pronta em at\u00e9 quatro dias\u201d, estima. Segundo ele,   a previs\u00e3o em 2020 \u00e9 que o faturamento cres\u00e7a at\u00e9 20% a mais que este ano. \u201cH\u00e1   anos a Tecmaes \u00e9 parceria da ABIMAQ e estamos confiantes na proposta trazida   pela PPW. Com certeza ser\u00e1 uma grande oportunidade de promover novos neg\u00f3cios e   aumentar o nosso networking. Acreditamos muito no potencial da feira\u201d,   ressalta.<\/div>\n<div>&nbsp;<\/div>\n<div>Outra empresa que estar\u00e1 na PPW \u00e9 a multinacional alem\u00e3 SEW-Eurodrive   Brasil, l\u00edder na fabrica\u00e7\u00e3o de tecnologia de acionamentos para a ind\u00fastria em   geral, que anunciou recentemente investimentos de R$ 300 milh\u00f5es para as   unidades de Indaiatuba e Rio Claro, no interior de S\u00e3o Paulo.<\/div>\n<div>&nbsp;<\/div>\n<div>Os bons resultados do ano e as perspectivas positivas para 2020 se refletem   no otimismo tamb\u00e9m da Relco South America. \u201cEm 2020 faremos as entregas das   vendas realizadas em 2019, que superaram nossas expectativas. Percebemos que o   mercado se aqueceu pela demanda de propostas solicitadas e apostamos que ser\u00e1   ainda melhor que 2019, em quantidade de projetos e em valores. Para isso estamos   nos estruturando para atender esta demanda crescente. Investimos muito em m\u00e3o de   obra. Nosso quadro de funcion\u00e1rios t\u00e9cnicos mais que dobrou e precisamos   expandir a \u00e1rea ocupada\u201d, afirma Renata Conde, do marketing da empresa.   \u201cAcreditamos que a PPW \u00e9 uma excelente oportunidade para promover novos   neg\u00f3cios, divulgar nossa marca e aumentar o nosso networking. Utilizaremos o   potencial da feira para demonstrar que nossas solu\u00e7\u00f5es s\u00e3o as melhores rela\u00e7\u00f5es   custo\/benef\u00edcio do mercado que atuamos\u201d, ressalta. <\/div>\n<div>&nbsp;<\/div>\n<div>Realizada pela ABIMAQ &#8211; Associa\u00e7\u00e3o Brasileira da Ind\u00fastria de M\u00e1quinas e   Equipamentos, com promo\u00e7\u00e3o e organiza\u00e7\u00e3o da Reed Exhibitions Alc\u00e2ntara Machado,   a primeira edi\u00e7\u00e3o da PPW ter\u00e1 35 mil m\u00b2 de \u00e1rea de exposi\u00e7\u00e3o e contar\u00e1 com mais   de 300 expositores nacionais e internacionais, especialmente de pa\u00edses como   It\u00e1lia e Alemanha. O evento deve receber 20 mil compradores de todo o Brasil e   de pa\u00edses da Am\u00e9rica Latina.<\/div>\n<div>&nbsp;<\/div>\n<div>\u201cA Reed Exhibitions tem uma atua\u00e7\u00e3o consolidada nos cinco continentes. E   por meio dos nossos International Sales Group ao redor do mundo, com uma atua\u00e7\u00e3o   expressiva e relevante principalmente nos pa\u00edses da Am\u00e9rica Latina, firmaremos   parcerias s\u00f3lidas para garantir a presen\u00e7a de compradores de peso na PPW 2020\u201d,   refor\u00e7a o diretor da PPW na Reed Exhibitions Alc\u00e2ntara Machado, Leandro   Lara.<\/div>\n<div>&nbsp;<\/div>\n<div>\u201cAcredito que a import\u00e2ncia da PPW para o mercado brasileiro \u00e9 atrair o   p\u00fablico estrangeiro da Am\u00e9rica do Sul, principalmente da Argentina, Chile,   Equador e Peru para que os empres\u00e1rios possam conhecer as tecnologias que as   empresas t\u00eam a oferecer. Temos uma meta de crescimento em 2020 e acreditamos que   a participa\u00e7\u00e3o da feira vai auxiliar a atingir esse objetivo\u201d, refor\u00e7a o Diretor   da McPack Equipamentos, Marcelo Cozac.<\/div>\n<div>&nbsp;<\/div>\n<div>SERVI\u00c7O<\/div>\n<div>PPW \u2013 PACKAGING &amp; PROCESS WEEK<\/div>\n<div>Data: 15 a 18 de setembro de 2020<\/div>\n<div>Local: S\u00e3o Paulo Expo<\/div>\n<div>Mais informa\u00e7\u00f5es: <a href=\"https:\/\/www.ppwfeira.com.br\/pt-br.html\">www.ppwfeira.com.br\/pt-br.html<\/a><\/div>\n<div>&nbsp;<\/div>\n<div>\n","protected":false},"excerpt":{"rendered":"<p>&nbsp; Um dos term\u00f4metros da ind\u00fastria \u00e9 o setor de embalagens. Se h\u00e1 aumento da&#8230;<\/p>\n","protected":false},"author":1,"featured_media":0,"comment_status":"open","ping_status":"open","sticky":false,"template":"","format":"standard","meta":{"fifu_image_url":"","fifu_image_alt":"","footnotes":""},"categories":[8427],"tags":[],"class_list":["post-77211","post","type-post","status-publish","format-standard","hentry","category-geral","wpcat-8427-id"],"_links":{"self":[{"href":"https:\/\/verde-amarelo.net\/verdeamarelo\/wp-json\/wp\/v2\/posts\/77211","targetHints":{"allow":["GET"]}}],"collection":[{"href":"https:\/\/verde-amarelo.net\/verdeamarelo\/wp-json\/wp\/v2\/posts"}],"about":[{"href":"https:\/\/verde-amarelo.net\/verdeamarelo\/wp-json\/wp\/v2\/types\/post"}],"author":[{"embeddable":true,"href":"https:\/\/verde-amarelo.net\/verdeamarelo\/wp-json\/wp\/v2\/users\/1"}],"replies":[{"embeddable":true,"href":"https:\/\/verde-amarelo.net\/verdeamarelo\/wp-json\/wp\/v2\/comments?post=77211"}],"version-history":[{"count":0,"href":"https:\/\/verde-amarelo.net\/verdeamarelo\/wp-json\/wp\/v2\/posts\/77211\/revisions"}],"wp:attachment":[{"href":"https:\/\/verde-amarelo.net\/verdeamarelo\/wp-json\/wp\/v2\/media?parent=77211"}],"wp:term":[{"taxonomy":"category","embeddable":true,"href":"https:\/\/verde-amarelo.net\/verdeamarelo\/wp-json\/wp\/v2\/categories?post=77211"},{"taxonomy":"post_tag","embeddable":true,"href":"https:\/\/verde-amarelo.net\/verdeamarelo\/wp-json\/wp\/v2\/tags?post=77211"}],"curies":[{"name":"wp","href":"https:\/\/api.w.org\/{rel}","templated":true}]}}