{"id":77214,"date":"2019-12-16T21:34:26","date_gmt":"2019-12-17T00:34:26","guid":{"rendered":"https:\/\/verde-amarelo.net\/verdeamarelo\/2019\/12\/ministerio-realiza-a-primeira-edicao-da-reuniao-de-avaliacao-da-estrategia\/"},"modified":"2019-12-16T21:34:26","modified_gmt":"2019-12-17T00:34:26","slug":"ministerio-realiza-a-primeira-edicao-da-reuniao-de-avaliacao-da-estrategia","status":"publish","type":"post","link":"https:\/\/verde-amarelo.net\/verdeamarelo\/2019\/12\/ministerio-realiza-a-primeira-edicao-da-reuniao-de-avaliacao-da-estrategia\/","title":{"rendered":"Minist\u00e9rio realiza a primeira edi\u00e7\u00e3o da Reuni\u00e3o de Avalia\u00e7\u00e3o da Estrat\u00e9gia"},"content":{"rendered":"<p style=\"text-align: center;\"><em>Durante o encontro, autoridades da Pasta e das entidades vinculadas fizeram balan&ccedil;o e deliberaram sobre melhorias na gest&atilde;o para 2020<\/em><\/p>\n<p><img decoding=\"async\" src=\"data:image\/gif;base64,R0lGODlhAQABAIAAAAAAAP\/\/\/ywAAAAAAQABAAACAUwAOw==\" fifu-lazy=\"1\" fifu-data-sizes=\"auto\" fifu-data-srcset=\"https:\/\/i3.wp.com\/transportes.gov.br\/images\/2019_canal_servidor\/12\/RAE_2.jpg?ssl=1&w=75&resize=75&ssl=1 75w, https:\/\/i3.wp.com\/transportes.gov.br\/images\/2019_canal_servidor\/12\/RAE_2.jpg?ssl=1&w=100&resize=100&ssl=1 100w, https:\/\/i3.wp.com\/transportes.gov.br\/images\/2019_canal_servidor\/12\/RAE_2.jpg?ssl=1&w=150&resize=150&ssl=1 150w, https:\/\/i3.wp.com\/transportes.gov.br\/images\/2019_canal_servidor\/12\/RAE_2.jpg?ssl=1&w=240&resize=240&ssl=1 240w, https:\/\/i3.wp.com\/transportes.gov.br\/images\/2019_canal_servidor\/12\/RAE_2.jpg?ssl=1&w=320&resize=320&ssl=1 320w, https:\/\/i3.wp.com\/transportes.gov.br\/images\/2019_canal_servidor\/12\/RAE_2.jpg?ssl=1&w=500&resize=500&ssl=1 500w, https:\/\/i3.wp.com\/transportes.gov.br\/images\/2019_canal_servidor\/12\/RAE_2.jpg?ssl=1&w=640&resize=640&ssl=1 640w, https:\/\/i3.wp.com\/transportes.gov.br\/images\/2019_canal_servidor\/12\/RAE_2.jpg?ssl=1&w=800&resize=800&ssl=1 800w, https:\/\/i3.wp.com\/transportes.gov.br\/images\/2019_canal_servidor\/12\/RAE_2.jpg?ssl=1&w=1024&resize=1024&ssl=1 1024w, https:\/\/i3.wp.com\/transportes.gov.br\/images\/2019_canal_servidor\/12\/RAE_2.jpg?ssl=1&w=1280&resize=1280&ssl=1 1280w, https:\/\/i3.wp.com\/transportes.gov.br\/images\/2019_canal_servidor\/12\/RAE_2.jpg?ssl=1&w=1600&resize=1600&ssl=1 1600w\" fifu-data-src=\"https:\/\/i3.wp.com\/transportes.gov.br\/images\/2019_canal_servidor\/12\/RAE_2.jpg?ssl=1\" alt=\"RAE 2\" width=\"750\" height=\"501\" style=\"margin: 5px auto; display: block;\" \/><\/p>\n<p style=\"text-align: justify;\">Com o objetivo de realizar um balan&ccedil;o das a&ccedil;&otilde;es de 2019, aprovar os Programas da Pasta e deliberar sobre a metodologia e governan&ccedil;a do monitoramento da estrat&eacute;gia do Minist&eacute;rio, a Secretaria-Executiva do Minist&eacute;rio da Infraestrutura, por meio da Subsecretaria de Gest&atilde;o Estrat&eacute;gica e Inova&ccedil;&atilde;o (SGEI), realizou, na &uacute;ltima sexta-feira (13), em Bras&iacute;lia, a 1&ordf; Reuni&atilde;o de Avalia&ccedil;&atilde;o da Estrat&eacute;gia (RAE). O encontro reuniu autoridades de todas as secretarias da Pasta e de suas entidades vinculadas.&nbsp;<\/p>\n<p style=\"text-align: justify;\"><img decoding=\"async\" src=\"data:image\/gif;base64,R0lGODlhAQABAIAAAAAAAP\/\/\/ywAAAAAAQABAAACAUwAOw==\" fifu-lazy=\"1\" fifu-data-sizes=\"auto\" fifu-data-srcset=\"https:\/\/i3.wp.com\/transportes.gov.br\/images\/2019_canal_servidor\/12\/RAE_1.jpg?ssl=1&w=75&resize=75&ssl=1 75w, https:\/\/i3.wp.com\/transportes.gov.br\/images\/2019_canal_servidor\/12\/RAE_1.jpg?ssl=1&w=100&resize=100&ssl=1 100w, https:\/\/i3.wp.com\/transportes.gov.br\/images\/2019_canal_servidor\/12\/RAE_1.jpg?ssl=1&w=150&resize=150&ssl=1 150w, https:\/\/i3.wp.com\/transportes.gov.br\/images\/2019_canal_servidor\/12\/RAE_1.jpg?ssl=1&w=240&resize=240&ssl=1 240w, https:\/\/i3.wp.com\/transportes.gov.br\/images\/2019_canal_servidor\/12\/RAE_1.jpg?ssl=1&w=320&resize=320&ssl=1 320w, https:\/\/i3.wp.com\/transportes.gov.br\/images\/2019_canal_servidor\/12\/RAE_1.jpg?ssl=1&w=500&resize=500&ssl=1 500w, https:\/\/i3.wp.com\/transportes.gov.br\/images\/2019_canal_servidor\/12\/RAE_1.jpg?ssl=1&w=640&resize=640&ssl=1 640w, https:\/\/i3.wp.com\/transportes.gov.br\/images\/2019_canal_servidor\/12\/RAE_1.jpg?ssl=1&w=800&resize=800&ssl=1 800w, https:\/\/i3.wp.com\/transportes.gov.br\/images\/2019_canal_servidor\/12\/RAE_1.jpg?ssl=1&w=1024&resize=1024&ssl=1 1024w, https:\/\/i3.wp.com\/transportes.gov.br\/images\/2019_canal_servidor\/12\/RAE_1.jpg?ssl=1&w=1280&resize=1280&ssl=1 1280w, https:\/\/i3.wp.com\/transportes.gov.br\/images\/2019_canal_servidor\/12\/RAE_1.jpg?ssl=1&w=1600&resize=1600&ssl=1 1600w\" fifu-data-src=\"https:\/\/i3.wp.com\/transportes.gov.br\/images\/2019_canal_servidor\/12\/RAE_1.jpg?ssl=1\" alt=\"RAE 1\" width=\"380\" height=\"254\" style=\"margin: 5px; float: right;\" \/>Segundo o secret&aacute;rio-Executivo do Minist&eacute;rio da Infraestrutura, Marcelo Sampaio,&nbsp;a inten&ccedil;&atilde;o da reuni&atilde;o era realizar um balan&ccedil;o das entregas realizadas em 2019 e iniciar o alinhamento estrat&eacute;gico para 2020. &ldquo;Temos um grande objetivo estrat&eacute;gico: colocar o Brasil na lideran&ccedil;a em competitividade na Am&eacute;rica Latina. Em 2019 tivemos grandes avan&ccedil;os e entregas, o que reflete a busca por essa lideran&ccedil;a&rdquo;, destacou Sampaio. &ldquo;A inten&ccedil;&atilde;o &eacute; que em 2020 possamos manter essa performance com m&eacute;todo, disciplina e trabalho para atendermos &agrave;s expectativas da sociedade&rdquo;, completou.<span style=\"font-size: 1em;\"><\/span><\/p>\n<p style=\"text-align: justify;\">Durante a reuni&atilde;o, foram aprovados os 28 Programas Estrat&eacute;gicos, agrupados sem 6 eixos tem&aacute;ticos. Esse portf&oacute;lio foi consolidado&nbsp;desde o lan&ccedil;amento do Mapa Estrat&eacute;gico do Minist&eacute;rio, em abril deste ano, quando se iniciou o processo de desdobramento da estrat&eacute;gia, que envolveu 20 oficinas realizadas em todas as secretarias, subsecretarias e unidades vinculadas, com mais de 200 participantes. Ap&oacute;s o desdobramento, 35 Programas passaram&nbsp;pelo processo de estrutura&ccedil;&atilde;o pelos respectivos l&iacute;deres, que definiram objetivos, indicadores, metas e carteira de projetos para os mesmos. Durante o processo de estrutura&ccedil;&atilde;o, houve reagrupamento e consolida&ccedil;&otilde;es de iniciativas, at&eacute; culminar na estrutura aprovada, considerada madura pelos participantes.&nbsp;&nbsp;<\/p>\n<p style=\"text-align: justify;\">A metodologia e governan&ccedil;a do monitoramento da estrat&eacute;gia aprovada contar&aacute; com quatro RAEs setoriais e uma ministerial, num ciclo trimestral. As RAEs dos setores de Transportes Terrestres, Avia&ccedil;&atilde;o Civil, Portos e Transportes Aquavi&aacute;rios, al&eacute;m de uma Transversal,&nbsp;contar&atilde;o com autoridades das secretarias e das vinculadas participantes do setor, que deliberar&atilde;o sobre resolu&ccedil;&atilde;o de entraves &agrave; consecu&ccedil;&atilde;o dos Programas e corre&ccedil;&atilde;o de rumo para alcance dos objetivos estrat&eacute;gicos.<\/p>&nbsp;&nbsp;\n<p style=\"text-align: justify;\">Estiveram presentes autoridades, l&iacute;deres de programa e servidores de todas as secretarias que comp&otilde;em o Minist&eacute;rio da Infraestrutura. Entre eles, os secret&aacute;rios Ronei Glanzann (SAC), Diogo Piloni (SNPTA), Nat&aacute;lia Marcassa (SFPP), Rodrigo Cruz (secret&aacute;rio-Executivo adjunto) e Fernando Coelho (SGEI).<\/p>&nbsp;&nbsp;\n<p style=\"text-align: justify;\">Tamb&eacute;m participaram representantes das entidades vinculadas &agrave; Pasta: Ag&ecirc;ncia Nacional de Avia&ccedil;&atilde;o Civil (Anac), Empresa Brasileira de Infraestrutura Aeroportu&aacute;ria (Infraero), Empresa de Planejamento e Log&iacute;stica (EPL), Valec Engenharia, Constru&ccedil;&otilde;es e Ferrovias S\/A, Ag&ecirc;ncia Nacional de Transportes Terrestres (ANTT), Ag&ecirc;ncia Nacional de Transportes Aquavi&aacute;rios (Antaq) e do Departamento Nacional de Infraestrutura de Transportes (DNIT).&nbsp;<\/p>\n<p style=\"text-align: justify;\"><strong>Assessoria Especial de Comunica&ccedil;&atilde;o <\/strong><br \/><strong> Minist&eacute;rio da Infraestrutura <\/strong><\/p>\n<p> <a href=\"http:\/\/transportes.gov.br\/ultimas-noticias\/9377-minist%C3%A9rio-realiza-a-primeira-edi%C3%A7%C3%A3o-da-reuni%C3%A3o-de-avalia%C3%A7%C3%A3o-da-estrat%C3%A9gia.html\" target=\"_blank\" rel=\"noopener noreferrer\">Mais em http:\/\/transportes.gov.br\/ultimas-noticias\/9377-minist%C3%A9rio-realiza-a-primeira-edi%C3%A7%C3%A3o-da-reuni%C3%A3o-de-avalia%C3%A7%C3%A3o-da-estrat%C3%A9gia.html<\/a><\/p>\n","protected":false},"excerpt":{"rendered":"<p>Durante o encontro, autoridades da Pasta e das entidades vinculadas fizeram balan&ccedil;o e deliberaram sobre&#8230;<\/p>\n","protected":false},"author":1,"featured_media":0,"comment_status":"open","ping_status":"open","sticky":false,"template":"","format":"standard","meta":{"fifu_image_url":"","fifu_image_alt":"","footnotes":""},"categories":[727],"tags":[7760],"class_list":["post-77214","post","type-post","status-publish","format-standard","hentry","category-noticias","tag-ultimas-noticias","wpcat-727-id"],"_links":{"self":[{"href":"https:\/\/verde-amarelo.net\/verdeamarelo\/wp-json\/wp\/v2\/posts\/77214","targetHints":{"allow":["GET"]}}],"collection":[{"href":"https:\/\/verde-amarelo.net\/verdeamarelo\/wp-json\/wp\/v2\/posts"}],"about":[{"href":"https:\/\/verde-amarelo.net\/verdeamarelo\/wp-json\/wp\/v2\/types\/post"}],"author":[{"embeddable":true,"href":"https:\/\/verde-amarelo.net\/verdeamarelo\/wp-json\/wp\/v2\/users\/1"}],"replies":[{"embeddable":true,"href":"https:\/\/verde-amarelo.net\/verdeamarelo\/wp-json\/wp\/v2\/comments?post=77214"}],"version-history":[{"count":0,"href":"https:\/\/verde-amarelo.net\/verdeamarelo\/wp-json\/wp\/v2\/posts\/77214\/revisions"}],"wp:attachment":[{"href":"https:\/\/verde-amarelo.net\/verdeamarelo\/wp-json\/wp\/v2\/media?parent=77214"}],"wp:term":[{"taxonomy":"category","embeddable":true,"href":"https:\/\/verde-amarelo.net\/verdeamarelo\/wp-json\/wp\/v2\/categories?post=77214"},{"taxonomy":"post_tag","embeddable":true,"href":"https:\/\/verde-amarelo.net\/verdeamarelo\/wp-json\/wp\/v2\/tags?post=77214"}],"curies":[{"name":"wp","href":"https:\/\/api.w.org\/{rel}","templated":true}]}}