{"id":77215,"date":"2019-12-16T20:36:44","date_gmt":"2019-12-16T23:36:44","guid":{"rendered":"https:\/\/verde-amarelo.net\/verdeamarelo\/2019\/12\/brasil-inaugura-primeiro-aeroporto-privado-voltado-a-aviacao-executiva-sob-modelo-de-autorizacao-federal\/"},"modified":"2019-12-16T20:36:44","modified_gmt":"2019-12-16T23:36:44","slug":"brasil-inaugura-primeiro-aeroporto-privado-voltado-a-aviacao-executiva-sob-modelo-de-autorizacao-federal","status":"publish","type":"post","link":"https:\/\/verde-amarelo.net\/verdeamarelo\/2019\/12\/brasil-inaugura-primeiro-aeroporto-privado-voltado-a-aviacao-executiva-sob-modelo-de-autorizacao-federal\/","title":{"rendered":"Brasil inaugura primeiro aeroporto privado voltado \u00e0 avia\u00e7\u00e3o executiva sob modelo de autoriza\u00e7\u00e3o federal"},"content":{"rendered":"<p style=\"text-align: center;\"><em><span style=\"font-size: 1em;\">O secret&aacute;rio Nacional de Avia&ccedil;&atilde;o Civil (SAC) do Minist&eacute;rio da Infraestrutura, Ronei Glanzmann, participou da inaugura&ccedil;&atilde;o do S&atilde;o Paulo Catarina Aeroporto Executivo<\/span><\/em><\/p>\n<p><span style=\"font-size: 1em;\"><img decoding=\"async\" src=\"data:image\/gif;base64,R0lGODlhAQABAIAAAAAAAP\/\/\/ywAAAAAAQABAAACAUwAOw==\" fifu-lazy=\"1\" fifu-data-sizes=\"auto\" fifu-data-srcset=\"https:\/\/i1.wp.com\/transportes.gov.br\/images\/ronei_catarina_aeroporto.jpeg?ssl=1&w=75&resize=75&ssl=1 75w, https:\/\/i1.wp.com\/transportes.gov.br\/images\/ronei_catarina_aeroporto.jpeg?ssl=1&w=100&resize=100&ssl=1 100w, https:\/\/i1.wp.com\/transportes.gov.br\/images\/ronei_catarina_aeroporto.jpeg?ssl=1&w=150&resize=150&ssl=1 150w, https:\/\/i1.wp.com\/transportes.gov.br\/images\/ronei_catarina_aeroporto.jpeg?ssl=1&w=240&resize=240&ssl=1 240w, https:\/\/i1.wp.com\/transportes.gov.br\/images\/ronei_catarina_aeroporto.jpeg?ssl=1&w=320&resize=320&ssl=1 320w, https:\/\/i1.wp.com\/transportes.gov.br\/images\/ronei_catarina_aeroporto.jpeg?ssl=1&w=500&resize=500&ssl=1 500w, https:\/\/i1.wp.com\/transportes.gov.br\/images\/ronei_catarina_aeroporto.jpeg?ssl=1&w=640&resize=640&ssl=1 640w, https:\/\/i1.wp.com\/transportes.gov.br\/images\/ronei_catarina_aeroporto.jpeg?ssl=1&w=800&resize=800&ssl=1 800w, https:\/\/i1.wp.com\/transportes.gov.br\/images\/ronei_catarina_aeroporto.jpeg?ssl=1&w=1024&resize=1024&ssl=1 1024w, https:\/\/i1.wp.com\/transportes.gov.br\/images\/ronei_catarina_aeroporto.jpeg?ssl=1&w=1280&resize=1280&ssl=1 1280w, https:\/\/i1.wp.com\/transportes.gov.br\/images\/ronei_catarina_aeroporto.jpeg?ssl=1&w=1600&resize=1600&ssl=1 1600w\" fifu-data-src=\"https:\/\/i1.wp.com\/transportes.gov.br\/images\/ronei_catarina_aeroporto.jpeg?ssl=1\" alt=\"ronei catarina aeroporto\" width=\"324\" height=\"243\" style=\"margin: 5px; float: left;\" \/>O secret&aacute;rio Nacional de Avia&ccedil;&atilde;o Civil (SAC) do Minist&eacute;rio da Infraestrutura, Ronei Glanzmann, participou, nesta segunda-feira (16), da inaugura&ccedil;&atilde;o do Aeroporto S&atilde;o Paulo Catarina, o primeiro aeroporto privado do pa&iacute;s voltado &agrave; avia&ccedil;&atilde;o executiva. A abertura do aeroporto, da JHSF, foi poss&iacute;vel por meio da modalidade de autoriza&ccedil;&atilde;o federal, prevista no C&oacute;digo Brasileiro de Aeron&aacute;utica desde 1986, mas s&oacute; regulamentada em 2012, por meio do Decreto 7871.<\/span><\/p>\n<p>A autoriza&ccedil;&atilde;o &eacute; utilizada para outorgar empreendimentos privados, que prestam servi&ccedil;os p&uacute;blicos. O Catarina Aeroporto Executivo foi o primeiro projeto que nasceu com esse modelo no pa&iacute;s. &ldquo;O aeroporto executivo foi todo concebido com base na autoriza&ccedil;&atilde;o. O Governo Federal apoia e incentiva esse tipo de empreendimento&rdquo;, afirmou Glanzmann.<\/p>&nbsp;&nbsp;\n<p>Ap&oacute;s a inaugura&ccedil;&atilde;o do Catarina, a SAC trabalha no processo de internacionaliza&ccedil;&atilde;o do aeroporto, atuando junto &agrave; Receita Federal, Pol&iacute;cia Federal, Anvisa e Vigiagro. &ldquo;Queremos internacionalizar tanto o Catarina como o Aeroporto de Sorocaba. S&atilde;o focos diferentes, apesar de pr&oacute;ximos, sendo o Catarina para passageiros executivos e Sorocaba com voca&ccedil;&atilde;o para manuten&ccedil;&atilde;o de aeronaves, motores e avi&ocirc;nicos&rdquo;, afirmou o titular da SAC. Localizado em S&atilde;o Roque\/SP, o novo aer&oacute;dromo recebeu investimentos 100% privados que j&aacute; somam R$ 600 milh&otilde;es.<\/p>&nbsp;&nbsp;\n<p>&nbsp;<\/p>\n<p><strong>Assessoria Especial de Comunica&ccedil;&atilde;o<\/strong><\/p>\n<p><strong>Minist&eacute;rio da Infraestrutura<\/strong><\/p>\n<p> <a href=\"http:\/\/transportes.gov.br\/ultimas-noticias\/9376-brasil-inaugura-primeiro-aeroporto-privado-voltado-%C3%A0-avia%C3%A7%C3%A3o-executiva-sob-modelo-de-autoriza%C3%A7%C3%A3o-federal.html\" target=\"_blank\" rel=\"noopener noreferrer\">Mais em http:\/\/transportes.gov.br\/ultimas-noticias\/9376-brasil-inaugura-primeiro-aeroporto-privado-voltado-%C3%A0-avia%C3%A7%C3%A3o-executiva-sob-modelo-de-autoriza%C3%A7%C3%A3o-federal.html<\/a><\/p>\n","protected":false},"excerpt":{"rendered":"<p>O secret&aacute;rio Nacional de Avia&ccedil;&atilde;o Civil (SAC) do Minist&eacute;rio da Infraestrutura, Ronei Glanzmann, participou da&#8230;<\/p>\n","protected":false},"author":1,"featured_media":0,"comment_status":"open","ping_status":"open","sticky":false,"template":"","format":"standard","meta":{"fifu_image_url":"","fifu_image_alt":"","footnotes":""},"categories":[727],"tags":[7760],"class_list":["post-77215","post","type-post","status-publish","format-standard","hentry","category-noticias","tag-ultimas-noticias","wpcat-727-id"],"_links":{"self":[{"href":"https:\/\/verde-amarelo.net\/verdeamarelo\/wp-json\/wp\/v2\/posts\/77215","targetHints":{"allow":["GET"]}}],"collection":[{"href":"https:\/\/verde-amarelo.net\/verdeamarelo\/wp-json\/wp\/v2\/posts"}],"about":[{"href":"https:\/\/verde-amarelo.net\/verdeamarelo\/wp-json\/wp\/v2\/types\/post"}],"author":[{"embeddable":true,"href":"https:\/\/verde-amarelo.net\/verdeamarelo\/wp-json\/wp\/v2\/users\/1"}],"replies":[{"embeddable":true,"href":"https:\/\/verde-amarelo.net\/verdeamarelo\/wp-json\/wp\/v2\/comments?post=77215"}],"version-history":[{"count":0,"href":"https:\/\/verde-amarelo.net\/verdeamarelo\/wp-json\/wp\/v2\/posts\/77215\/revisions"}],"wp:attachment":[{"href":"https:\/\/verde-amarelo.net\/verdeamarelo\/wp-json\/wp\/v2\/media?parent=77215"}],"wp:term":[{"taxonomy":"category","embeddable":true,"href":"https:\/\/verde-amarelo.net\/verdeamarelo\/wp-json\/wp\/v2\/categories?post=77215"},{"taxonomy":"post_tag","embeddable":true,"href":"https:\/\/verde-amarelo.net\/verdeamarelo\/wp-json\/wp\/v2\/tags?post=77215"}],"curies":[{"name":"wp","href":"https:\/\/api.w.org\/{rel}","templated":true}]}}