{"id":77216,"date":"2019-12-16T20:29:57","date_gmt":"2019-12-16T23:29:57","guid":{"rendered":"https:\/\/verde-amarelo.net\/verdeamarelo\/2019\/12\/ministerio-da-infraestrutura-realiza-cerimonia-de-assinatura-de-dez-contratos-portuarios\/"},"modified":"2019-12-16T20:29:57","modified_gmt":"2019-12-16T23:29:57","slug":"ministerio-da-infraestrutura-realiza-cerimonia-de-assinatura-de-dez-contratos-portuarios","status":"publish","type":"post","link":"https:\/\/verde-amarelo.net\/verdeamarelo\/2019\/12\/ministerio-da-infraestrutura-realiza-cerimonia-de-assinatura-de-dez-contratos-portuarios\/","title":{"rendered":"Minist\u00e9rio da Infraestrutura realiza cerim\u00f4nia de assinatura de dez contratos portu\u00e1rios"},"content":{"rendered":"<p style=\"text-align: center;\"><em>Pasta entrega quatro terminais nos portos de Cabedelo\/PB e de Vit&oacute;ria\/ES, al&eacute;m de seis TUPs<\/em><\/p>\n<p><img decoding=\"async\" src=\"data:image\/gif;base64,R0lGODlhAQABAIAAAAAAAP\/\/\/ywAAAAAAQABAAACAUwAOw==\" fifu-lazy=\"1\" fifu-data-sizes=\"auto\" fifu-data-srcset=\"https:\/\/i1.wp.com\/transportes.gov.br\/images\/piloni_4.jpg?ssl=1&w=75&resize=75&ssl=1 75w, https:\/\/i1.wp.com\/transportes.gov.br\/images\/piloni_4.jpg?ssl=1&w=100&resize=100&ssl=1 100w, https:\/\/i1.wp.com\/transportes.gov.br\/images\/piloni_4.jpg?ssl=1&w=150&resize=150&ssl=1 150w, https:\/\/i1.wp.com\/transportes.gov.br\/images\/piloni_4.jpg?ssl=1&w=240&resize=240&ssl=1 240w, https:\/\/i1.wp.com\/transportes.gov.br\/images\/piloni_4.jpg?ssl=1&w=320&resize=320&ssl=1 320w, https:\/\/i1.wp.com\/transportes.gov.br\/images\/piloni_4.jpg?ssl=1&w=500&resize=500&ssl=1 500w, https:\/\/i1.wp.com\/transportes.gov.br\/images\/piloni_4.jpg?ssl=1&w=640&resize=640&ssl=1 640w, https:\/\/i1.wp.com\/transportes.gov.br\/images\/piloni_4.jpg?ssl=1&w=800&resize=800&ssl=1 800w, https:\/\/i1.wp.com\/transportes.gov.br\/images\/piloni_4.jpg?ssl=1&w=1024&resize=1024&ssl=1 1024w, https:\/\/i1.wp.com\/transportes.gov.br\/images\/piloni_4.jpg?ssl=1&w=1280&resize=1280&ssl=1 1280w, https:\/\/i1.wp.com\/transportes.gov.br\/images\/piloni_4.jpg?ssl=1&w=1600&resize=1600&ssl=1 1600w\" fifu-data-src=\"https:\/\/i1.wp.com\/transportes.gov.br\/images\/piloni_4.jpg?ssl=1\" alt=\"piloni 4\" \/><\/p>\n<p>&nbsp;<\/p>\n<p>O Minist&eacute;rio da Infraestrutura realizou, nesta segunda-feira (16), a cerim&ocirc;nia de assinatura de dez contratos de terminais portu&aacute;rios, sendo quatro nos portos organizados de Cabedelo\/PB e Vit&oacute;ria\/ES e outros seis TUPs (Terminais de Uso Privado) no Acre, Amazonas, Rio Grande do Sul, Par&aacute; e Bahia. Participaram da cerim&ocirc;nia o secret&aacute;rio-Executivo da pasta, Marcelo Sampaio, o secret&aacute;rio Nacional de Portos e Transportes Aquavi&aacute;rios, Diogo Piloni, al&eacute;m de representantes do setor portu&aacute;rio brasileiro.<\/p>&nbsp;&nbsp;\n<p>&nbsp;Os contratos dos portos organizados foram decorrentes do leil&atilde;o realizado pelo governo, em mar&ccedil;o. No total, eles preveem um somat&oacute;rio de R$ 233 milh&otilde;es em investimentos e renderam outorgas de R$ 219 milh&otilde;es aos cofres p&uacute;blicos.<\/p>&nbsp;&nbsp;\n<p>&nbsp;De acordo com Piloni, o cen&aacute;rio em Cabedelo\/PB era de precariedade contratual nos terminais, que t&ecirc;m foco em armazenamento de combust&iacute;veis. &ldquo;&Agrave;s vezes, esses terminais s&atilde;o a &uacute;nica alternativa de abastecimento de toda uma regi&atilde;o metropolitana. E essa precariedade acaba gerando um risco grande, inclusive para a popula&ccedil;&atilde;o que consome o combust&iacute;vel nos postos de gasolina. Com a assinatura, temos a possibilidade de permitir que os privados possam fazer investimentos e tenham mais seguran&ccedil;a para operar&rdquo;, explica.&nbsp;&nbsp;<\/p>\n<p>&nbsp;Em Vit&oacute;ria\/ES, o cen&aacute;rio era de baixa capacidade para a movimenta&ccedil;&atilde;o dos graneis l&iacute;quidos. &ldquo;Houve uma s&eacute;rie de ocasi&otilde;es de desabastecimento e de falta de combust&iacute;vel nos postos de gasolina e, tudo isso, devido &agrave; depend&ecirc;ncia do complexo portu&aacute;rio da regi&atilde;o. Agora, a gente agrega mais capacidade e mais investimento para que tenhamos uma situa&ccedil;&atilde;o mais confort&aacute;vel para a distribui&ccedil;&atilde;o na regi&atilde;o&rdquo;, diz o secret&aacute;rio.<\/p>&nbsp;&nbsp;\n<p>&nbsp;<\/p>\n<p><strong>Outros terminais<\/strong><\/p>\n<p>&nbsp;Na pr&oacute;xima quarta-feira (18), ser&atilde;o assinados os contratos de mais cinco terminais nos portos de Bel&eacute;m\/PA e um no porto de Vila do Conde\/PA &ndash; todos de combust&iacute;veis. &ldquo;Com isso, a gente consegue dar tranquilidade para a popula&ccedil;&atilde;o e para os grandes consumidores, n&atilde;o s&oacute; da regi&atilde;o, mas tamb&eacute;m para o abastecimento de m&aacute;quinas agr&iacute;colas no Centro-Oeste do Brasil&rdquo;, avalia Piloni.<\/p>&nbsp;&nbsp;\n<p>&nbsp;<\/p>\n<p><em>Foto:&nbsp;Ricardo Botelho\/MInfra<\/em><\/p>\n<p>&nbsp;<strong>Assessoria Especial de Comunica&ccedil;&atilde;o<\/strong><\/p>\n<p style=\"text-align: justify;\"><strong>Minist&eacute;rio da Infraestrutura<\/strong><span style=\"color: black;\"><\/span><\/p>\n<p style=\"text-align: center;\"><span style=\"color: black;\"><\/span><\/p>\n<p> <a href=\"http:\/\/transportes.gov.br\/ultimas-noticias\/9375-minist%C3%A9rio-da-infraestrutura-realiza-cerim%C3%B4nia-de-assinatura-de-dez-contratos-portu%C3%A1rios.html\" target=\"_blank\" rel=\"noopener noreferrer\">Mais em http:\/\/transportes.gov.br\/ultimas-noticias\/9375-minist%C3%A9rio-da-infraestrutura-realiza-cerim%C3%B4nia-de-assinatura-de-dez-contratos-portu%C3%A1rios.html<\/a><\/p>\n","protected":false},"excerpt":{"rendered":"<p>Pasta entrega quatro terminais nos portos de Cabedelo\/PB e de Vit&oacute;ria\/ES, al&eacute;m de seis TUPs&#8230;<\/p>\n","protected":false},"author":1,"featured_media":0,"comment_status":"open","ping_status":"open","sticky":false,"template":"","format":"standard","meta":{"fifu_image_url":"","fifu_image_alt":"","footnotes":""},"categories":[727],"tags":[7760],"class_list":["post-77216","post","type-post","status-publish","format-standard","hentry","category-noticias","tag-ultimas-noticias","wpcat-727-id"],"_links":{"self":[{"href":"https:\/\/verde-amarelo.net\/verdeamarelo\/wp-json\/wp\/v2\/posts\/77216","targetHints":{"allow":["GET"]}}],"collection":[{"href":"https:\/\/verde-amarelo.net\/verdeamarelo\/wp-json\/wp\/v2\/posts"}],"about":[{"href":"https:\/\/verde-amarelo.net\/verdeamarelo\/wp-json\/wp\/v2\/types\/post"}],"author":[{"embeddable":true,"href":"https:\/\/verde-amarelo.net\/verdeamarelo\/wp-json\/wp\/v2\/users\/1"}],"replies":[{"embeddable":true,"href":"https:\/\/verde-amarelo.net\/verdeamarelo\/wp-json\/wp\/v2\/comments?post=77216"}],"version-history":[{"count":0,"href":"https:\/\/verde-amarelo.net\/verdeamarelo\/wp-json\/wp\/v2\/posts\/77216\/revisions"}],"wp:attachment":[{"href":"https:\/\/verde-amarelo.net\/verdeamarelo\/wp-json\/wp\/v2\/media?parent=77216"}],"wp:term":[{"taxonomy":"category","embeddable":true,"href":"https:\/\/verde-amarelo.net\/verdeamarelo\/wp-json\/wp\/v2\/categories?post=77216"},{"taxonomy":"post_tag","embeddable":true,"href":"https:\/\/verde-amarelo.net\/verdeamarelo\/wp-json\/wp\/v2\/tags?post=77216"}],"curies":[{"name":"wp","href":"https:\/\/api.w.org\/{rel}","templated":true}]}}