{"id":77218,"date":"2019-12-16T23:26:00","date_gmt":"2019-12-17T02:26:00","guid":{"rendered":"https:\/\/verde-amarelo.net\/verdeamarelo\/2019\/12\/setor-de-embalagens-sinaliza-retomada-da-economia-e-crescimento-da-industria-para-o-proximo-ano\/"},"modified":"2019-12-16T23:26:00","modified_gmt":"2019-12-17T02:26:00","slug":"setor-de-embalagens-sinaliza-retomada-da-economia-e-crescimento-da-industria-para-o-proximo-ano","status":"publish","type":"post","link":"https:\/\/verde-amarelo.net\/verdeamarelo\/2019\/12\/setor-de-embalagens-sinaliza-retomada-da-economia-e-crescimento-da-industria-para-o-proximo-ano\/","title":{"rendered":"Setor de embalagens sinaliza retomada da economia e crescimento da ind\u00fastria para o pr\u00f3ximo ano"},"content":{"rendered":"<p><i><b>Com perspectivas positivas, empresas apostam no novo evento PPW &#8211; PACKAGING &#038; PROCESS WEEK, Feira Internacional de Tecnologia e Processos para a Ind\u00fastria de Embalagens, \u00fanico oficial do setor, a fim de impulsionar ainda mais os neg\u00f3cios<\/b><\/i><\/p>\n<div class=\"xn-content\">\n<p>S\u00c3O PAULO, 16 de dezembro de 2019 - Atualizado -  &#8212; Um dos term\u00f4metros da ind\u00fastria \u00e9 o setor de embalagens. Se h\u00e1 aumento da produ\u00e7\u00e3o \u00e9 sinal de que outros setores da economia tamb\u00e9m rumam ao crescimento. Em outubro, o segmento de embalagens produziu mais de 334 mil toneladas de caixas, acess\u00f3rios e chapas de papel\u00e3o, registrando um aumento de produ\u00e7\u00e3o de 2,7% maior em rela\u00e7\u00e3o ao mesmo per\u00edodo do ano passado. <\/p>\n<div class=\"PRN_ImbeddedAssetReference\" id=\"DivAssetPlaceHolder1\">\n<\/div>\n<p>Neste cen\u00e1rio positivo, que sinaliza os caminhos para a retomada da economia no pr\u00f3ximo ano, as empresas do setor apostam na PPW \u2013 PACKAGING &#038; PROCESS WEEK, Feira Internacional de Tecnologia e Processos para a Ind\u00fastria de Embalagens, que ser\u00e1 de 15 a 18 de setembro no S\u00e3o Paulo Expo, em S\u00e3o Paulo. <\/p>\n<p>A Varpe, l\u00edder mundial em fabrica\u00e7\u00e3o de solu\u00e7\u00f5es de alta tecnologia em controle de peso e detec\u00e7\u00e3o de contaminantes nos processos de produ\u00e7\u00e3o, \u00e9 uma das empresas que participar\u00e1 da PPW. O diretor da Varpe, <span class=\"xn-person\">Armando Aquino<\/span>, afirma que houve um crescimento de 20% nas vendas este ano em compara\u00e7\u00e3o a 2018. &#8220;O faturamento deste ano deve fechar em <span class=\"xn-money\">R$ 12<\/span> milh\u00f5es, um acr\u00e9scimo de 20%. Desse valor, 70% corresponde a vendas de m\u00e1quinas e o restante com revendas e vendas de pe\u00e7as&#8221;, comenta. Para o pr\u00f3ximo ano, uma das apostas da empresa \u00e9 retomar o projeto de constru\u00e7\u00e3o de uma nova f\u00e1brica, em Santa B\u00e1rbara d&#8217;Oeste (SP), paralisado desde 2016. &#8220;Com o novo espa\u00e7o, a ideia \u00e9 produzir para outros segmentos. Vamos investir num equipamento com nova tecnologia de RX, focado na produ\u00e7\u00e3o de corte de frango para ossos de baixa intensidade. A nova f\u00e1brica permitir\u00e1 tamb\u00e9m a melhoria em outros processos j\u00e1 utilizados, podendo aumentar a capacidade de produ\u00e7\u00e3o em at\u00e9 15%&#8221;, descreve. <\/p>\n<p>O otimismo do setor \u00e9 refor\u00e7ado por <span class=\"xn-person\">Juliano Farina<\/span>, Marketing da Tecmaes \u2013 Tecnologia de M\u00e1quinas Especiais, que participar\u00e1 da PPW e que este ano fez investimentos de <span class=\"xn-money\">R$ 3<\/span> milh\u00f5es, que envolvem uma nova f\u00e1brica que ser\u00e1 inaugurada em janeiro de 2020. &#8220;Tamb\u00e9m investimos <span class=\"xn-money\">R$ 200 mil<\/span> numa impressora flexogr\u00e1fica para a impress\u00e3o de r\u00f3tulos. Uma demanda que levava at\u00e9 um m\u00eas para ser conclu\u00edda, com a novidade fica pronta em at\u00e9 quatro dias&#8221;, estima. Segundo ele, a previs\u00e3o em 2020 \u00e9 que o faturamento cres\u00e7a at\u00e9 20% a mais que este ano. &#8220;H\u00e1 anos a Tecmaes \u00e9 parceria da ABIMAQ e estamos confiantes na proposta trazida pela PPW. Com certeza ser\u00e1 uma grande oportunidade de promover novos neg\u00f3cios e aumentar o nosso networking. Acreditamos muito no potencial da feira&#8221;, ressalta.<\/p>&nbsp;&nbsp;\n<p>Outra empresa que estar\u00e1 na PPW \u00e9 a multinacional alem\u00e3 SEW-Eurodrive Brasil, l\u00edder na fabrica\u00e7\u00e3o de tecnologia de acionamentos para a ind\u00fastria em geral, que anunciou recentemente investimentos de <span class=\"xn-money\">R$ 300<\/span> milh\u00f5es para as unidades de Indaiatuba e <span class=\"xn-person\">Rio Claro<\/span>, no interior de S\u00e3o Paulo.<\/p>&nbsp;&nbsp;\n<p>Os bons resultados do ano e as perspectivas positivas para 2020 se refletem no otimismo tamb\u00e9m da Relco South America. &#8220;Em 2020 faremos as entregas das vendas realizadas em 2019, que superaram nossas expectativas. Percebemos que o mercado se aqueceu pela demanda de propostas solicitadas e apostamos que ser\u00e1 ainda melhor que 2019, em quantidade de projetos e em valores. Para isso estamos nos estruturando para atender esta demanda crescente. Investimos muito em m\u00e3o de obra. Nosso quadro de funcion\u00e1rios t\u00e9cnicos mais que dobrou e precisamos expandir a \u00e1rea ocupada&#8221;, afirma <span class=\"xn-person\">Renata Conde<\/span>, do marketing da empresa. &#8220;Acreditamos que a PPW \u00e9 uma excelente oportunidade para promover novos neg\u00f3cios, divulgar nossa marca e aumentar o nosso networking. Utilizaremos o potencial da feira para demonstrar que nossas solu\u00e7\u00f5es s\u00e3o as melhores rela\u00e7\u00f5es custo\/benef\u00edcio do mercado que atuamos&#8221;, ressalta.\u00a0 <\/p>\n<p>Realizada pela ABIMAQ &#8211; Associa\u00e7\u00e3o Brasileira da Ind\u00fastria de M\u00e1quinas\u00a0e Equipamentos, com promo\u00e7\u00e3o e organiza\u00e7\u00e3o da Reed Exhibitions Alc\u00e2ntara Machado, a primeira edi\u00e7\u00e3o da PPW ter\u00e1 35 mil m\u00b2 de \u00e1rea de exposi\u00e7\u00e3o e contar\u00e1 com mais de 300 expositores nacionais e internacionais, especialmente de pa\u00edses como It\u00e1lia e Alemanha. O evento deve receber 20 mil compradores de todo o Brasil e de pa\u00edses da Am\u00e9rica Latina.<\/p>&nbsp;&nbsp;\n<p>&#8220;A Reed Exhibitions tem uma atua\u00e7\u00e3o consolidada nos cinco continentes. E por meio dos nossos <i>International Sales Group<\/i> ao redor do mundo, com uma atua\u00e7\u00e3o expressiva e relevante principalmente nos pa\u00edses da Am\u00e9rica Latina, firmaremos parcerias s\u00f3lidas para garantir a presen\u00e7a de compradores de peso na PPW 2020&#8243;, refor\u00e7a o diretor da PPW na Reed Exhibitions Alc\u00e2ntara Machado, <span class=\"xn-person\">Leandro Lara<\/span>. <\/p>\n<p>&#8220;Acredito que a import\u00e2ncia da PPW para o mercado brasileiro \u00e9 atrair o p\u00fablico estrangeiro da Am\u00e9rica do Sul, principalmente da <span class=\"xn-location\">Argentina<\/span>, <span class=\"xn-location\">Chile<\/span>, <span class=\"xn-location\">Equador<\/span> e <span class=\"xn-location\">Peru<\/span> para que os empres\u00e1rios possam conhecer as tecnologias que as empresas t\u00eam a oferecer. Temos uma meta de crescimento em 2020 e acreditamos que a participa\u00e7\u00e3o da feira vai auxiliar a atingir esse objetivo&#8221;, refor\u00e7a o Diretor da McPack Equipamentos, <span class=\"xn-person\">Marcelo Cozac<\/span>.<\/p>&nbsp;&nbsp;\n<p><b>SERVI\u00c7O<\/b><b><br \/><\/br><\/b><b>PPW \u2013 PACKAGING &#038; PROCESS WEEK<br \/><\/br><\/b><b>Data:<\/b>\u00a015 a 18 de setembro de 2020<br \/><\/br><b>Local:<\/b>\u00a0S\u00e3o Paulo Expo<br \/><\/br><b>Mais informa\u00e7\u00f5es:<\/b>\u00a0<a href=\"https:\/\/www.ppwfeira.com.br\/pt-br.html\" rel=\"nofollow noopener noreferrer\" target=\"_blank\">https:\/\/www.ppwfeira.com.br\/pt-br.html<\/a><\/p>\n<p><b>Sobre a ABIMAQ<br \/><\/br><\/b>A <b>ABIMAQ<\/b> &#8211; Associa\u00e7\u00e3o Brasileira da Ind\u00fastria de M\u00e1quinas e Equipamentos representa cerca de 7.800 empresas dos mais diferentes segmentos fabricantes de bens de capital mec\u00e2nicos, cujo desempenho tem impacto direto sobre os demais setores produtivos nacionais e est\u00e1 estruturada nacionalmente com a sede em S\u00e3o Paulo, nove regionais e um Escrit\u00f3rio Pol\u00edtico em Bras\u00edlia. Muito al\u00e9m da representa\u00e7\u00e3o institucional do setor, a ABIMAQ tem a sua gest\u00e3o profissionalizada e as suas atividades voltadas para a gera\u00e7\u00e3o de oportunidades comerciais para as suas associadas, realizando a\u00e7\u00f5es junto \u00e0s inst\u00e2ncias pol\u00edticas e econ\u00f4micas, estimulando o com\u00e9rcio e a coopera\u00e7\u00e3o internacionais e contribuindo para aprimorar seu desempenho em termos de tecnologia, capacita\u00e7\u00e3o de recursos humanos e moderniza\u00e7\u00e3o gerencial.<\/p>&nbsp;&nbsp;\n<p><b>Sobre a Reed Exhibitions Alc\u00e2ntara Machado<br \/><\/br><\/b>A Reed Exhibitions \u00e9 uma empresa l\u00edder mundial na organiza\u00e7\u00e3o de feiras e eventos com atua\u00e7\u00e3o em 38 pa\u00edses e 500 eventos distribu\u00eddos pelas Am\u00e9ricas, Europa, Oriente M\u00e9dio e \u00c1sia.\u00a0No Brasil, organiza mais de 40 feiras em todo o territ\u00f3rio nacional entre eventos de neg\u00f3cios e voltados ao consumidor final. Anualmente recebe mais de 5 mil expositores e mais de 1 milh\u00e3o de compradores em seus eventos.\u00a0A Reed Exhibitions Alc\u00e2ntara Machado est\u00e1 comprometida com o desenvolvimento dos mercados em que atua e com a gera\u00e7\u00e3o de neg\u00f3cios a toda a cadeia. <\/p>\n<p><b>A f\u00f3rmula de eventos na economia<br \/><\/br><\/b>Pesquisa in\u00e9dita liderada pela Ubrafe (Uni\u00e3o Brasileira dos Promotores de Feiras), atrav\u00e9s do instituto NewSense, traz n\u00fameros que revelam a representatividade da ind\u00fastria de eventos na economia do estado de S\u00e3o Paulo e tamb\u00e9m no PIB nacional. Em dois anos, a ind\u00fastria de eventos movimentou <b><span class=\"xn-money\">R$ 305<\/span> bilh\u00f5es de reais<\/b><br \/><\/br>Esse montante, analisado junto a demais dados, levou a pesquisa \u00e0 f\u00f3rmula <b><span class=\"xn-money\">R$1<\/span>: <span class=\"xn-money\">R$35<\/span>, ou seja, de cada <span class=\"xn-money\">R$1,00<\/span> investido por empresas em eventos houve um retorno de <span class=\"xn-money\">R$ 35,00<\/span> na economia do estado\/pa\u00eds. <\/b>Para ter acesso a pesquisa completa, acesse:\u00a0<a href=\"https:\/\/ubrafe.org.br\/\" rel=\"nofollow noopener noreferrer\" target=\"_blank\">https:\/\/ubrafe.org.br\/<\/a><\/p>\n<p>Foto: <a href=\"https:\/\/mma.prnewswire.com\/media\/1055895\/Lancamento_PPW.jpg\" rel=\"nofollow noopener noreferrer\" target=\"_blank\">https:\/\/mma.prnewswire.com\/media\/1055895\/Lancamento_PPW.jpg<\/a> <\/p>\n<div class=\"PRN_ImbeddedAssetReference\" id=\"DivAssetPlaceHolder2\">\n<\/div>\n<p>FONTE Reed Exhibitions Alc\u00e2ntara Machado<\/p>\n<\/div>\n<p><!-- Este texto tem o apoio do Sistema ECOMPARE de lojas virtuais <a rel=\"nofollow\" href=\"https:\/\/prnewswire.com.br\/releases\/setor-de-embalagens-sinaliza-retomada-da-economia-e-crescimento-da-industria-para-o-proximo-ano\/\">Setor de embalagens sinaliza retomada da economia e crescimento da ind\u00fastria para o pr\u00f3ximo ano<\/a> apareceu primeiro em <a rel=\"nofollow\" href=\"https:\/\/prnewswire.com.br\">PR Newswire<\/a>.<\/p>&nbsp;&nbsp;\n","protected":false},"excerpt":{"rendered":"<p>Com perspectivas positivas, empresas apostam no novo evento PPW &#8211; PACKAGING &#038; PROCESS WEEK, Feira&#8230;<\/p>\n","protected":false},"author":1,"featured_media":0,"comment_status":"open","ping_status":"open","sticky":false,"template":"","format":"standard","meta":{"fifu_image_url":"","fifu_image_alt":"","footnotes":""},"categories":[727],"tags":[],"class_list":["post-77218","post","type-post","status-publish","format-standard","hentry","category-noticias","wpcat-727-id"],"_links":{"self":[{"href":"https:\/\/verde-amarelo.net\/verdeamarelo\/wp-json\/wp\/v2\/posts\/77218","targetHints":{"allow":["GET"]}}],"collection":[{"href":"https:\/\/verde-amarelo.net\/verdeamarelo\/wp-json\/wp\/v2\/posts"}],"about":[{"href":"https:\/\/verde-amarelo.net\/verdeamarelo\/wp-json\/wp\/v2\/types\/post"}],"author":[{"embeddable":true,"href":"https:\/\/verde-amarelo.net\/verdeamarelo\/wp-json\/wp\/v2\/users\/1"}],"replies":[{"embeddable":true,"href":"https:\/\/verde-amarelo.net\/verdeamarelo\/wp-json\/wp\/v2\/comments?post=77218"}],"version-history":[{"count":0,"href":"https:\/\/verde-amarelo.net\/verdeamarelo\/wp-json\/wp\/v2\/posts\/77218\/revisions"}],"wp:attachment":[{"href":"https:\/\/verde-amarelo.net\/verdeamarelo\/wp-json\/wp\/v2\/media?parent=77218"}],"wp:term":[{"taxonomy":"category","embeddable":true,"href":"https:\/\/verde-amarelo.net\/verdeamarelo\/wp-json\/wp\/v2\/categories?post=77218"},{"taxonomy":"post_tag","embeddable":true,"href":"https:\/\/verde-amarelo.net\/verdeamarelo\/wp-json\/wp\/v2\/tags?post=77218"}],"curies":[{"name":"wp","href":"https:\/\/api.w.org\/{rel}","templated":true}]}}