{"id":77701,"date":"2020-04-22T23:17:31","date_gmt":"2020-04-23T02:17:31","guid":{"rendered":"https:\/\/verde-amarelo.net\/verdeamarelo\/2020\/04\/opiniao-a-pandemia-e-os-impactos-irreversiveis-na-educacao\/"},"modified":"2024-04-25T18:26:15","modified_gmt":"2024-04-25T21:26:15","slug":"opiniao-a-pandemia-e-os-impactos-irreversiveis-na-educacao","status":"publish","type":"post","link":"https:\/\/verde-amarelo.net\/verdeamarelo\/2020\/04\/opiniao-a-pandemia-e-os-impactos-irreversiveis-na-educacao\/","title":{"rendered":"Opini\u00e3o: A pandemia e os impactos irrevers\u00edveis na Educa\u00e7\u00e3o"},"content":{"rendered":"<div dir=\"ltr\">\n<div class=\"gmail_quote\">\n<div dir=\"ltr\">\n<div class=\"gmail_quote\">\n<div dir=\"ltr\">\n<div>\n<div class=\"gmail_quote\">\n<div style=\"padding: 4px;\"><center><\/p>\n<div>\n<table>\n<tbody>\n<tr>\n<td valign=\"top\">\n<div>\n<p><i>Paulo Arns da Cunha*<\/i><\/p>\n<div>\n<p>Mais de 1,5 bilh\u00e3o de alunos e 60,3 milh\u00f5es de professores de 165 pa\u00edses foram afetados pelo fechamento de escolas devido \u00e0 pandemia do coronav\u00edrus. Nessa crise sem precedentes, de propor\u00e7\u00e3o global, educadores e fam\u00edlias inteiras tiveram que lidar com a imprevisibilidade e, em benef\u00edcio da vida, (re) aprendemos a ensinar de novas maneiras. Na China, cerca de 240 milh\u00f5es de crian\u00e7as e jovens se adaptaram rapidamente ao fechamento das institui\u00e7\u00f5es de ensino e passaram a ter aulas remotas em uma escala jamais vista, da Educa\u00e7\u00e3o B\u00e1sica ao Ensino Superior. Os chineses mostraram que \u00e9 poss\u00edvel fechar as salas de aula sem parar de aprender.<\/p>&nbsp;&nbsp;\n<p>Recebi um meme que traduz a mais pura realidade: n\u00e3o \u00e9 o departamento de TI, o gestor de inova\u00e7\u00e3o ou o presidente vision\u00e1rio que est\u00e1 acelerando a digitaliza\u00e7\u00e3o das organiza\u00e7\u00f5es. \u00c9 a COVID-19. Pelo simples fato de o isolamento social ter obrigado o mundo a se adaptar \u00e0s formas digitais de trabalhar, ensinar, aprender e interagir.<\/p>&nbsp;&nbsp;\n<p>Uma quest\u00e3o a se pontuar \u00e9 a desigualdade gigante entre os sistemas p\u00fablicos e privados da Educa\u00e7\u00e3o B\u00e1sica &#8211; e a pr\u00f3pria dist\u00e2ncia social entre as fam\u00edlias dos estudantes. Enquanto alunos de escolas particulares aprendem por meio de diversos recursos e estrat\u00e9gias combinadas, como v\u00eddeo ao vivo ou gravado, envio de tarefas, mentoria e sess\u00f5es em grupos menores para tirar d\u00favidas, muitos estudantes das escolas p\u00fablicas sequer t\u00eam acesso \u00e0 internet.<\/p>&nbsp;&nbsp;\n<p>Al\u00e9m disso, nem todos os munic\u00edpios possuem estrutura de tecnologia para oferta de ensino remoto e nem todos os professores t\u00eam a forma\u00e7\u00e3o adequada para dar aulas virtuais. Outra realidade que complica a ades\u00e3o de alunos \u00e0s aulas on-line s\u00e3o os softwares utilizados para esse fim, que, em sua grande maioria, s\u00e3o desenvolvidos para funcionar em computadores &#8211; ambiente acessado atualmente por apenas 57% da popula\u00e7\u00e3o brasileira, segundo o IBGE. Muitas crian\u00e7as da gera\u00e7\u00e3o Z nunca ligaram um computador e 97% dos brasileiros acessam a internet pelo celular.<\/p>&nbsp;&nbsp;\n<p>Por isso, empresas, governos e organiza\u00e7\u00f5es do mundo inteiro n\u00e3o est\u00e3o medindo esfor\u00e7os para mobilizar recursos e aplicar solu\u00e7\u00f5es inovadoras e adaptadas ao contexto para oferecer aulas remotas e encontrar solu\u00e7\u00f5es equitativas para os 1,5 bilh\u00e3o de alunos que est\u00e3o em casa. \u00c9 gratificante ver toda a mobiliza\u00e7\u00e3o global para aportar recursos e conhecimentos especializados em tecnologia, conectividade, inova\u00e7\u00e3o e criatividade a favor da Educa\u00e7\u00e3o.<\/p>&nbsp;&nbsp;\n<p>A quest\u00e3o \u00e9 que fomos todos pegos de surpresa. Em maior ou menor grau, a comunidade teve que se adequar. E o ensino nunca mais voltar\u00e1 a ser o que era antes. Nos libertamos das paredes da sala de aula e descobrimos um mundo de oportunidades nas m\u00e3os dos jovens. Os professores vivenciaram novas formas de ensinar, novas ferramentas de avalia\u00e7\u00e3o &#8211; e os estudantes entenderam que precisam de organiza\u00e7\u00e3o, dedica\u00e7\u00e3o e planejamento para aprender no mundo digital.<\/p>&nbsp;&nbsp;\n<p>A crise do coronav\u00edrus ter\u00e1 efeitos perenes sobre a forma de aprender. O isolamento est\u00e1 criando novos h\u00e1bitos e comportamentos, tanto nas fam\u00edlias, quanto nas institui\u00e7\u00f5es de ensino, que est\u00e3o revendo uma s\u00e9rie de processos, estruturas e metodologias. Aprendemos que lidar com a imprevisibilidade exige um trabalho em grupo muito mais alinhado e que, mesmo distantes, podemos unir esfor\u00e7os em prol de um bem maior. Um exemplo? Nunca antes tinha visto tantos professores, de uma mesma disciplina e ano escolar, unidos no mundo digital para compartilhar atividades, experi\u00eancias bem sucedidas, tirar d\u00favidas e aprender uns com os outros.<\/p>&nbsp;&nbsp;\n<p>Toda crise \u00e9 uma oportunidade de aprendermos algo novo e a \u00fanica coisa que eu tenho certeza \u00e9 que o mundo vai ser diferente depois do coronav\u00edrus. As crises ensinam aos que est\u00e3o abertos ao novo. Espero, sinceramente, que depois dessa pandemia a Educa\u00e7\u00e3o volte melhor e mais forte. E que todos esses efeitos sejam irrevers\u00edveis.<\/p>&nbsp;&nbsp;\n<p>&nbsp;<\/p>\n<p><strong><em><a href=\"https:\/\/www.truckbrasil.com.br\/wp\/wp-content\/uploads\/2020\/04\/73215060c.jpg\"><img decoding=\"async\" src=\"data:image\/gif;base64,R0lGODlhAQABAIAAAAAAAP\/\/\/ywAAAAAAQABAAACAUwAOw==\" fifu-lazy=\"1\" fifu-data-sizes=\"auto\" fifu-data-srcset=\"https:\/\/i1.wp.com\/www.truckbrasil.com.br\/wp\/wp-content\/uploads\/2020\/04\/73215060c.jpg?ssl=1&w=75&resize=75&ssl=1 75w, https:\/\/i1.wp.com\/www.truckbrasil.com.br\/wp\/wp-content\/uploads\/2020\/04\/73215060c.jpg?ssl=1&w=100&resize=100&ssl=1 100w, https:\/\/i1.wp.com\/www.truckbrasil.com.br\/wp\/wp-content\/uploads\/2020\/04\/73215060c.jpg?ssl=1&w=150&resize=150&ssl=1 150w, https:\/\/i1.wp.com\/www.truckbrasil.com.br\/wp\/wp-content\/uploads\/2020\/04\/73215060c.jpg?ssl=1&w=240&resize=240&ssl=1 240w, https:\/\/i1.wp.com\/www.truckbrasil.com.br\/wp\/wp-content\/uploads\/2020\/04\/73215060c.jpg?ssl=1&w=320&resize=320&ssl=1 320w, https:\/\/i1.wp.com\/www.truckbrasil.com.br\/wp\/wp-content\/uploads\/2020\/04\/73215060c.jpg?ssl=1&w=500&resize=500&ssl=1 500w, https:\/\/i1.wp.com\/www.truckbrasil.com.br\/wp\/wp-content\/uploads\/2020\/04\/73215060c.jpg?ssl=1&w=640&resize=640&ssl=1 640w, https:\/\/i1.wp.com\/www.truckbrasil.com.br\/wp\/wp-content\/uploads\/2020\/04\/73215060c.jpg?ssl=1&w=800&resize=800&ssl=1 800w, https:\/\/i1.wp.com\/www.truckbrasil.com.br\/wp\/wp-content\/uploads\/2020\/04\/73215060c.jpg?ssl=1&w=1024&resize=1024&ssl=1 1024w, https:\/\/i1.wp.com\/www.truckbrasil.com.br\/wp\/wp-content\/uploads\/2020\/04\/73215060c.jpg?ssl=1&w=1280&resize=1280&ssl=1 1280w, https:\/\/i1.wp.com\/www.truckbrasil.com.br\/wp\/wp-content\/uploads\/2020\/04\/73215060c.jpg?ssl=1&w=1600&resize=1600&ssl=1 1600w\" class=\"alignleft size-full wp-image-103136\" fifu-data-src=\"https:\/\/i1.wp.com\/www.truckbrasil.com.br\/wp\/wp-content\/uploads\/2020\/04\/73215060c.jpg?ssl=1\" alt=\"\" width=\"120\" height=\"167\" \/><\/a>*Paulo Arns da Cunha \u00e9 diretor-executivo do Col\u00e9gio Positivo.<\/em><\/strong><\/p>\n<\/div>\n<\/div>\n<\/td>\n<\/tr>\n<\/tbody>\n<\/table>\n<\/div>\n<p><\/center><\/div>\n<\/div>\n<\/div>\n<\/div>\n<\/div>\n<\/div>\n<\/div>\n<\/div>\n","protected":false},"excerpt":{"rendered":"<p>Paulo Arns da Cunha* Mais de 1,5 bilh\u00e3o de alunos e 60,3 milh\u00f5es de professores&#8230;<\/p>\n","protected":false},"author":1,"featured_media":0,"comment_status":"open","ping_status":"open","sticky":false,"template":"","format":"standard","meta":{"fifu_image_url":"","fifu_image_alt":"","footnotes":""},"categories":[8717],"tags":[11761,2023,2494,1874,1680,4169,2425,2041,967,2451,6846,3895,2371,2647,919,792,2192,807,1405,5672,793,409,3278,3824,772,1801,3755,3897,119,39,2533,3253,7424,3279,1679,2823,2075,260,410,5063,3471,4347,3614,8321,2025,849,810,3539,1105,1839,2280,2857,707,1266,3734,1531,778,1087,2559,2373,1702,3000,3620,3599,4221,4566,2013,3308,2183,42,2184,152,2177],"class_list":["post-77701","post","type-post","status-publish","format-standard","hentry","category-artigos-de-opiniao","tag-11761","tag-alunos","tag-atividades","tag-bem","tag-beneficio","tag-brasileiros","tag-casa","tag-celular","tag-china","tag-chineses","tag-colegio-positivo","tag-computador","tag-computadores","tag-comunidade","tag-conectividade","tag-coronavirus","tag-covid","tag-covid-19","tag-criancas","tag-criatividade","tag-crise","tag-duvidas","tag-desigualdade","tag-digitais","tag-digital","tag-digitalizacao","tag-diretor","tag-e","tag-educacao","tag-empresas","tag-ensino","tag-escala","tag-estudantes","tag-executivo","tag-experiencias","tag-familias","tag-fechamento","tag-forma","tag-formacao","tag-geracao-z","tag-gigante","tag-global","tag-governos","tag-grau","tag-grupo","tag-ibge","tag-inovacao","tag-inovadoras","tag-internet","tag-isolamento","tag-isolamento-social","tag-jovens","tag-mundo","tag-oferta","tag-oportunidade","tag-organizacao","tag-pandemia","tag-planejamento","tag-populacao","tag-positivo","tag-presidente","tag-processos","tag-realidade","tag-recursos","tag-sala","tag-sem-parar","tag-simples","tag-social","tag-solucoes","tag-tecnologia","tag-ti","tag-trabalho","tag-vivo","wpcat-8717-id"],"_links":{"self":[{"href":"https:\/\/verde-amarelo.net\/verdeamarelo\/wp-json\/wp\/v2\/posts\/77701","targetHints":{"allow":["GET"]}}],"collection":[{"href":"https:\/\/verde-amarelo.net\/verdeamarelo\/wp-json\/wp\/v2\/posts"}],"about":[{"href":"https:\/\/verde-amarelo.net\/verdeamarelo\/wp-json\/wp\/v2\/types\/post"}],"author":[{"embeddable":true,"href":"https:\/\/verde-amarelo.net\/verdeamarelo\/wp-json\/wp\/v2\/users\/1"}],"replies":[{"embeddable":true,"href":"https:\/\/verde-amarelo.net\/verdeamarelo\/wp-json\/wp\/v2\/comments?post=77701"}],"version-history":[{"count":0,"href":"https:\/\/verde-amarelo.net\/verdeamarelo\/wp-json\/wp\/v2\/posts\/77701\/revisions"}],"wp:attachment":[{"href":"https:\/\/verde-amarelo.net\/verdeamarelo\/wp-json\/wp\/v2\/media?parent=77701"}],"wp:term":[{"taxonomy":"category","embeddable":true,"href":"https:\/\/verde-amarelo.net\/verdeamarelo\/wp-json\/wp\/v2\/categories?post=77701"},{"taxonomy":"post_tag","embeddable":true,"href":"https:\/\/verde-amarelo.net\/verdeamarelo\/wp-json\/wp\/v2\/tags?post=77701"}],"curies":[{"name":"wp","href":"https:\/\/api.w.org\/{rel}","templated":true}]}}