{"id":77783,"date":"2020-05-04T22:16:01","date_gmt":"2020-05-05T01:16:01","guid":{"rendered":"https:\/\/verde-amarelo.net\/verdeamarelo\/2020\/05\/covid-19-e-o-novo-cenario-do-saneamento-luiz-pladevall\/"},"modified":"2024-04-25T18:25:43","modified_gmt":"2024-04-25T21:25:43","slug":"covid-19-e-o-novo-cenario-do-saneamento-luiz-pladevall","status":"publish","type":"post","link":"https:\/\/verde-amarelo.net\/verdeamarelo\/2020\/05\/covid-19-e-o-novo-cenario-do-saneamento-luiz-pladevall\/","title":{"rendered":"&#8216;Covid-19 e o novo cen\u00e1rio do saneamento&#8217; &#8211; Luiz Pladevall"},"content":{"rendered":"<p>A pandemia provocada pela Covid-19 refor\u00e7ou a import\u00e2ncia de acelerarmos o processo de universaliza\u00e7\u00e3o dos empreendimentos e servi\u00e7os de saneamento b\u00e1sico. O pa\u00eds convive com 35 milh\u00f5es de brasileiros que n\u00e3o t\u00eam acesso a \u00e1gua pot\u00e1vel e outros 100 milh\u00f5es com moradias sem conex\u00e3o \u00e0 rede de coleta e tratamento de esgoto. Al\u00e9m de servir para a expans\u00e3o de doen\u00e7as relacionadas \u00e0 veicula\u00e7\u00e3o h\u00eddrica, essas condi\u00e7\u00f5es n\u00e3o permitem que as pessoas cumpram a higieniza\u00e7\u00e3o m\u00ednima de lavar as m\u00e3os para evitar a prolifera\u00e7\u00e3o do novo coronav\u00edrus.<\/p>&nbsp;&nbsp;\n<p>&nbsp;<\/p>\n<p>Essa popula\u00e7\u00e3o abandonada tem convivido ainda com graves problemas de sa\u00fade como dengue, diarreia, c\u00f3lera, febre tifoide, esquistossomose, hepatite infecciosa, entre muitos outros. Al\u00e9m dos preju\u00edzos causados aos cidad\u00e3os afetados por essas doen\u00e7as, elas impactam nos gastos da sa\u00fade p\u00fablica. O pr\u00f3prio IBGE (Instituto Brasileiro de Geografia e Estat\u00edstica) j\u00e1 realizou estudos mostrando que 34,7% dos munic\u00edpios brasileiros registram avan\u00e7os de epidemias ou endemias relacionadas \u00e0 transmiss\u00e3o h\u00eddrica nos \u00faltimos anos.<\/p>&nbsp;&nbsp;\n<p>&nbsp;<\/p>\n<p>O novo marco regulat\u00f3rio do saneamento, em discuss\u00e3o no Congresso Nacional, traz importantes avan\u00e7os para o setor. Por\u00e9m, da maneira como est\u00e1, a nova proposta corre o risco de n\u00e3o atender \u00e0s demandas urgentes da popula\u00e7\u00e3o que mais precisa de \u00e1gua limpa e esgotamento sanit\u00e1rio. A pandemia vai provocar mudan\u00e7as profundas no cen\u00e1rio de investimentos a curto, m\u00e9dio e longo prazos. O texto em discuss\u00e3o pelos parlamentares imp\u00f5e aos munic\u00edpios a obrigatoriedade da universaliza\u00e7\u00e3o dos servi\u00e7os de esgotamento sanit\u00e1rio e abastecimento de \u00e1gua at\u00e9 2033. Em condi\u00e7\u00f5es econ\u00f4micas normais j\u00e1 era uma tarefa invi\u00e1vel, agora com este novo panorama, a proposta se torna claramente intang\u00edvel.<\/p>&nbsp;&nbsp;\n<p>&nbsp;<\/p>\n<p>A previs\u00e3o financeira para a universaliza\u00e7\u00e3o do saneamento chega a R$ 700 bilh\u00f5es at\u00e9 2033, com uma m\u00e9dia de R$ 53 bilh\u00f5es anuais. Nosso hist\u00f3rico nas \u00faltimas d\u00e9cadas alcan\u00e7ou recursos de, no m\u00e1ximo, R$ 15 bilh\u00f5es por ano. O cen\u00e1rio de investimentos em infraestrutura tamb\u00e9m \u00e9 desolador. Em 2019, por exemplo, aplicamos apenas 1,87% do PIB (Produto Interno Bruno) em obras de infraestrutura. O panorama n\u00e3o esteve muito distante entre 2001 e 2013, quando alcan\u00e7amos uma m\u00e9dia de 2,15% de investimentos p\u00fablicos e privados. Mas tudo isso \u00e9 muito pouco para construir estradas, aeroportos, esta\u00e7\u00f5es de tratamento de \u00e1gua e esgoto. Para os pr\u00f3ximos 20 anos, dever\u00edamos investir 4,2% do PIB para melhor atender \u00e0s demandas urgentes do pa\u00eds.<\/p>&nbsp;&nbsp;\n<p>&nbsp;<\/p>\n<p>Precisamos repensar no modelo proposto pelo novo marco legal e evitar decis\u00f5es de afogadilho. Caso contr\u00e1rio, corremos o risco de aprovar uma nova legisla\u00e7\u00e3o que acabar\u00e1 inviabilizando qualquer contrato de concess\u00e3o nas pr\u00f3ximas d\u00e9cadas, afastando as empresas diante de um cen\u00e1rio de inseguran\u00e7a jur\u00eddica. Por isso, o Congresso precisa ter muita responsabilidade na finaliza\u00e7\u00e3o e aprova\u00e7\u00e3o desse marco legal.<\/p>&nbsp;&nbsp;\n<p>&nbsp;<\/p>\n<p>O saneamento precisa se tornar uma pol\u00edtica de Estado, independentemente da cor partid\u00e1ria do governo de plant\u00e3o. Precisamos afastar as propostas amadoras e investir no planejamento, incluindo os mais de 5.500 munic\u00edpios brasileiros. Somente com o avan\u00e7o na infraestrutura de abastecimento de \u00e1gua e esgotamento sanit\u00e1rio vamos contribuir para o desenvolvimento socioecon\u00f4mico de milhares de brasileiros e reduzir drasticamente a propaga\u00e7\u00e3o\u00a0de muitas doen\u00e7as.<\/p>&nbsp;&nbsp;\n<p>&nbsp;<\/p>\n<p><em><strong>(*) Luiz Pladevall <\/strong><\/em><em>\u00e9 presidente da Apecs (Associa\u00e7\u00e3o Paulista de Empresas de Consultoria e Servi\u00e7os em Saneamento e Meio Ambiente) e vice-presidente da ABES-SP (Associa\u00e7\u00e3o Brasileira de Engenharia Sanit\u00e1ria e Ambiental).<\/em><\/p>\n","protected":false},"excerpt":{"rendered":"<p>A pandemia provocada pela Covid-19 refor\u00e7ou a import\u00e2ncia de acelerarmos o processo de universaliza\u00e7\u00e3o dos&#8230;<\/p>\n","protected":false},"author":1,"featured_media":0,"comment_status":"open","ping_status":"open","sticky":false,"template":"","format":"standard","meta":{"fifu_image_url":"","fifu_image_alt":"","footnotes":""},"categories":[8717],"tags":[11761,2229,8248,8298,2198,3307,4233,2004,4437,4169,3147,4308,5737,3365,1505,1487,4250,257,792,2192,807,8562,3340,8315,3897,39,6531,6622,4088,3017,861,2753,2536,1626,849,2199,1010,2216,8411,1690,2864,8191,3322,3555,3243,778,1366,1274,1087,906,2559,4026,1702,1799,2597,4024,4362,3599,1660,2812,1619,6626,460,209,8266,3476,2829,7579,8072,6948,1976],"class_list":["post-77783","post","type-post","status-publish","format-standard","hentry","category-artigos-de-opiniao","tag-11761","tag-agua","tag-abastecimento","tag-abastecimento-de-agua","tag-aeroportos","tag-ambiental","tag-associacao","tag-avanco","tag-brasileiro","tag-brasileiros","tag-coleta","tag-concessao","tag-conexao","tag-congresso","tag-congresso-nacional","tag-consultoria","tag-contrato","tag-cor","tag-coronavirus","tag-covid","tag-covid-19","tag-dengue","tag-desenvolvimento","tag-doencas","tag-e","tag-empresas","tag-engenharia","tag-esgoto","tag-estradas","tag-estudos","tag-expansao","tag-financeira","tag-gastos","tag-governo","tag-ibge","tag-infraestrutura","tag-investimentos","tag-legislacao","tag-marco","tag-meio-ambiente","tag-modelo","tag-moradias","tag-mudancas","tag-nova","tag-obras","tag-pandemia","tag-pessoas","tag-pib","tag-planejamento","tag-politica","tag-populacao","tag-prazos","tag-presidente","tag-previsao","tag-problemas","tag-produto","tag-proposta","tag-recursos","tag-rede","tag-risco","tag-saude","tag-saneamento","tag-servicos","tag-setor","tag-sp","tag-transmissao","tag-tratamento","tag-tratamento-de-agua","tag-tratamento-de-esgoto","tag-vamos","tag-vice-presidente","wpcat-8717-id"],"_links":{"self":[{"href":"https:\/\/verde-amarelo.net\/verdeamarelo\/wp-json\/wp\/v2\/posts\/77783","targetHints":{"allow":["GET"]}}],"collection":[{"href":"https:\/\/verde-amarelo.net\/verdeamarelo\/wp-json\/wp\/v2\/posts"}],"about":[{"href":"https:\/\/verde-amarelo.net\/verdeamarelo\/wp-json\/wp\/v2\/types\/post"}],"author":[{"embeddable":true,"href":"https:\/\/verde-amarelo.net\/verdeamarelo\/wp-json\/wp\/v2\/users\/1"}],"replies":[{"embeddable":true,"href":"https:\/\/verde-amarelo.net\/verdeamarelo\/wp-json\/wp\/v2\/comments?post=77783"}],"version-history":[{"count":0,"href":"https:\/\/verde-amarelo.net\/verdeamarelo\/wp-json\/wp\/v2\/posts\/77783\/revisions"}],"wp:attachment":[{"href":"https:\/\/verde-amarelo.net\/verdeamarelo\/wp-json\/wp\/v2\/media?parent=77783"}],"wp:term":[{"taxonomy":"category","embeddable":true,"href":"https:\/\/verde-amarelo.net\/verdeamarelo\/wp-json\/wp\/v2\/categories?post=77783"},{"taxonomy":"post_tag","embeddable":true,"href":"https:\/\/verde-amarelo.net\/verdeamarelo\/wp-json\/wp\/v2\/tags?post=77783"}],"curies":[{"name":"wp","href":"https:\/\/api.w.org\/{rel}","templated":true}]}}