{"id":78173,"date":"2020-05-27T00:00:00","date_gmt":"2020-05-27T03:00:00","guid":{"rendered":"https:\/\/verde-amarelo.net\/verdeamarelo\/2020\/05\/aumento-na-busca-por-frete-na-internet-chega-a-118\/"},"modified":"2020-05-27T00:00:00","modified_gmt":"2020-05-27T03:00:00","slug":"aumento-na-busca-por-frete-na-internet-chega-a-118","status":"publish","type":"post","link":"https:\/\/verde-amarelo.net\/verdeamarelo\/2020\/05\/aumento-na-busca-por-frete-na-internet-chega-a-118\/","title":{"rendered":"Aumento na busca por frete na internet chega a 118%"},"content":{"rendered":"<p><img decoding=\"async\" src=\"data:image\/gif;base64,R0lGODlhAQABAIAAAAAAAP\/\/\/ywAAAAAAQABAAACAUwAOw==\" fifu-lazy=\"1\" fifu-data-sizes=\"auto\" fifu-data-srcset=\"https:\/\/i3.wp.com\/www.truckbrasil.com.br\/wp\/wp-content\/uploads\/2020\/05\/aumento-na-busca-por-frete-na-internet-chega-a-118.jpg?ssl=1&w=75&resize=75&ssl=1 75w, https:\/\/i3.wp.com\/www.truckbrasil.com.br\/wp\/wp-content\/uploads\/2020\/05\/aumento-na-busca-por-frete-na-internet-chega-a-118.jpg?ssl=1&w=100&resize=100&ssl=1 100w, https:\/\/i3.wp.com\/www.truckbrasil.com.br\/wp\/wp-content\/uploads\/2020\/05\/aumento-na-busca-por-frete-na-internet-chega-a-118.jpg?ssl=1&w=150&resize=150&ssl=1 150w, https:\/\/i3.wp.com\/www.truckbrasil.com.br\/wp\/wp-content\/uploads\/2020\/05\/aumento-na-busca-por-frete-na-internet-chega-a-118.jpg?ssl=1&w=240&resize=240&ssl=1 240w, https:\/\/i3.wp.com\/www.truckbrasil.com.br\/wp\/wp-content\/uploads\/2020\/05\/aumento-na-busca-por-frete-na-internet-chega-a-118.jpg?ssl=1&w=320&resize=320&ssl=1 320w, https:\/\/i3.wp.com\/www.truckbrasil.com.br\/wp\/wp-content\/uploads\/2020\/05\/aumento-na-busca-por-frete-na-internet-chega-a-118.jpg?ssl=1&w=500&resize=500&ssl=1 500w, https:\/\/i3.wp.com\/www.truckbrasil.com.br\/wp\/wp-content\/uploads\/2020\/05\/aumento-na-busca-por-frete-na-internet-chega-a-118.jpg?ssl=1&w=640&resize=640&ssl=1 640w, https:\/\/i3.wp.com\/www.truckbrasil.com.br\/wp\/wp-content\/uploads\/2020\/05\/aumento-na-busca-por-frete-na-internet-chega-a-118.jpg?ssl=1&w=800&resize=800&ssl=1 800w, https:\/\/i3.wp.com\/www.truckbrasil.com.br\/wp\/wp-content\/uploads\/2020\/05\/aumento-na-busca-por-frete-na-internet-chega-a-118.jpg?ssl=1&w=1024&resize=1024&ssl=1 1024w, https:\/\/i3.wp.com\/www.truckbrasil.com.br\/wp\/wp-content\/uploads\/2020\/05\/aumento-na-busca-por-frete-na-internet-chega-a-118.jpg?ssl=1&w=1280&resize=1280&ssl=1 1280w, https:\/\/i3.wp.com\/www.truckbrasil.com.br\/wp\/wp-content\/uploads\/2020\/05\/aumento-na-busca-por-frete-na-internet-chega-a-118.jpg?ssl=1&w=1600&resize=1600&ssl=1 1600w\" alt class=\"img-responsive\" fifu-data-src=\"https:\/\/i3.wp.com\/www.truckbrasil.com.br\/wp\/wp-content\/uploads\/2020\/05\/aumento-na-busca-por-frete-na-internet-chega-a-118.jpg?ssl=1\"><\/p>\n<p><em>A busca por frete on-line foi intensificada com o per\u00edodo de isolamento social. Aplicativos que intermediam a contrata\u00e7\u00e3o registram \u00edndice recorde<\/em><\/p>\n<p>Os caminhoneiros brasileiros est\u00e3o recorrendo cada vez mais a aplicativos de frete. Essa solu\u00e7\u00e3o vem ganhando espa\u00e7o por causa das medidas de distanciamento social. Para coibir a dissemina\u00e7\u00e3o do novo Coronav\u00edrus, v\u00e1rios terminais de carga no Pa\u00eds tiveram a atividade reduzida ou mesmo fecharam.<br \/>Na FreteBras, por exemplo, o n\u00famero de usu\u00e1rios cresceu 118% de janeiro a abril na compara\u00e7\u00e3o com o mesmo per\u00edodo de 2019. Mais 80 mil novos motoristas foram registrados no per\u00edodo. Com isso o aplicativo j\u00e1 conta com 400 mil inscritos.<\/p>&nbsp;&nbsp;\n<p>Apenas em mar\u00e7o, quando a Organiza\u00e7\u00e3o Mundial da Sa\u00fade decretou situa\u00e7\u00e3o de pandemia, o aumento do n\u00famero de usu\u00e1rios do aplicativo foi de 130%. O dado compara o total de cadastros existentes em mar\u00e7o do ano passado.<\/p>&nbsp;&nbsp;\n<p>Segundo o diretor de opera\u00e7\u00f5es da FreteBras, Bruno Hacad, de janeiro a abril a plataforma teve mais de 10 milh\u00f5es de buscas por fretes. Na compara\u00e7\u00e3o com o o mesmo per\u00edodo de 2019, o crescimento foi de cerca de 50%. Foram registradas buscas por fretes em 97% das cidades brasileiras. Isso indica uma forte tend\u00eancia de migra\u00e7\u00e3o dos caminhoneiros para o ambiente on-line. O dado confirma uma&nbsp; pesquisa feita pela Confedera\u00e7\u00e3o Nacional do Transporte. Segundo a CNT, 87% dos caminhoneiros do Brasil est\u00e3o conectados \u00e0 internet.<\/p>&nbsp;&nbsp;\n<blockquote readability=\"8\">\n<p><em>\u201cA transforma\u00e7\u00e3o digital \u00e9 realidade nos mais variados setores. No de transportes, percebemos que as medidas adotadas no combate ao novo Coronav\u00edrus contribu\u00edram para acelerar esse processo.\u201d<\/em><\/p>\n<\/blockquote>\n<p>Na TruckPad tamb\u00e9m foram registrados aumentos na demanda pelo aplicativo. De acordo com seu CEO e fundador, Carlos Mira, a pandemia est\u00e1 causando uma digitaliza\u00e7\u00e3o \u201cfor\u00e7ada\u201d no setor de transportes.<\/p>&nbsp;&nbsp;\n<blockquote readability=\"6\">\n<p><em>\u201cA ado\u00e7\u00e3o de uma nova tecnologia n\u00e3o se d\u00e1 quando o sistema est\u00e1 pronto. Ocorre quando existe uma mudan\u00e7a no comportamento do usu\u00e1rio.\u201d<\/em><\/p>\n<\/blockquote>\n<p>O n\u00famero de novos usu\u00e1rios do TruckPad crescia em m\u00e9dia de 10% ao m\u00eas antes da pandemia. De 15 de mar\u00e7o a 15 de maio, a alta no total de cadastrados foi de 40%.<\/p>&nbsp;&nbsp;\n<p>Muitos terminais de carga foram fechados para cumprir as medidas de isolamento social, for\u00e7ando a mudan\u00e7a comportamental dos caminhoneiros.<\/p>&nbsp;&nbsp;\n<p>A Fretefy tamb\u00e9m registrou aumento na procura pelos motoristas. A alta mais significativa ocorreu entre os meses de mar\u00e7o e maio deste ano.<br \/>A empresa est\u00e1 acompanhando o comportamento do setor desde o dia 16 de mar\u00e7o, m\u00eas que o aumento do n\u00famero de usu\u00e1rios cadastrados foi de 43,19%.<br \/>Em abril, o n\u00famero de novos motoristas cresceu 36,33%. E nos primeiros 20 dias de maio a alta foi de 20,38%. Segundo informa\u00e7\u00f5es da Fretefy, o aumento tamb\u00e9m \u00e9 reflexo tamb\u00e9m da redu\u00e7\u00e3o da oferta de carga no mercado de transportes.<br \/>Levantamento feito pela Fretefy registrou que no per\u00edodo de 16 de mar\u00e7o a 10 de maio a atividade de transporte havia sofrido retra\u00e7\u00e3o m\u00e9dia de 40,47%.<\/p>&nbsp;&nbsp;\n<p> <a href=\"https:\/\/revistamundologistica.com.br\/noticias\/aumento-na-busca-por-frete-na-internet-chega-a-118\" target=\"_blank\" rel=\"noopener noreferrer\">Cr\u00e9ditos: Revista Mundo Log\u00edstica &#8211; Acesse https:\/\/revistamundologistica.com.br\/noticias\/aumento-na-busca-por-frete-na-internet-chega-a-118<\/a><\/p>\n","protected":false},"excerpt":{"rendered":"<p>A busca por frete on-line foi intensificada com o per\u00edodo de isolamento social. Aplicativos que&#8230;<\/p>\n","protected":false},"author":1,"featured_media":0,"comment_status":"open","ping_status":"open","sticky":false,"template":"","format":"standard","meta":{"fifu_image_url":"","fifu_image_alt":"","footnotes":""},"categories":[8702],"tags":[],"class_list":["post-78173","post","type-post","status-publish","format-standard","hentry","category-logistica","wpcat-8702-id"],"_links":{"self":[{"href":"https:\/\/verde-amarelo.net\/verdeamarelo\/wp-json\/wp\/v2\/posts\/78173","targetHints":{"allow":["GET"]}}],"collection":[{"href":"https:\/\/verde-amarelo.net\/verdeamarelo\/wp-json\/wp\/v2\/posts"}],"about":[{"href":"https:\/\/verde-amarelo.net\/verdeamarelo\/wp-json\/wp\/v2\/types\/post"}],"author":[{"embeddable":true,"href":"https:\/\/verde-amarelo.net\/verdeamarelo\/wp-json\/wp\/v2\/users\/1"}],"replies":[{"embeddable":true,"href":"https:\/\/verde-amarelo.net\/verdeamarelo\/wp-json\/wp\/v2\/comments?post=78173"}],"version-history":[{"count":0,"href":"https:\/\/verde-amarelo.net\/verdeamarelo\/wp-json\/wp\/v2\/posts\/78173\/revisions"}],"wp:attachment":[{"href":"https:\/\/verde-amarelo.net\/verdeamarelo\/wp-json\/wp\/v2\/media?parent=78173"}],"wp:term":[{"taxonomy":"category","embeddable":true,"href":"https:\/\/verde-amarelo.net\/verdeamarelo\/wp-json\/wp\/v2\/categories?post=78173"},{"taxonomy":"post_tag","embeddable":true,"href":"https:\/\/verde-amarelo.net\/verdeamarelo\/wp-json\/wp\/v2\/tags?post=78173"}],"curies":[{"name":"wp","href":"https:\/\/api.w.org\/{rel}","templated":true}]}}