{"id":78306,"date":"2019-12-06T21:02:29","date_gmt":"2019-12-07T00:02:29","guid":{"rendered":"https:\/\/verde-amarelo.net\/verdeamarelo\/2019\/12\/chevrolet-equinox-ganha-versoes-com-motor-1-5-turbo\/"},"modified":"2019-12-06T21:02:29","modified_gmt":"2019-12-07T00:02:29","slug":"chevrolet-equinox-ganha-versoes-com-motor-1-5-turbo","status":"publish","type":"post","link":"https:\/\/verde-amarelo.net\/verdeamarelo\/2019\/12\/chevrolet-equinox-ganha-versoes-com-motor-1-5-turbo\/","title":{"rendered":"Chevrolet Equinox ganha vers\u00f5es com motor 1.5 turbo"},"content":{"rendered":"<div><img decoding=\"async\" src=\"data:image\/gif;base64,R0lGODlhAQABAIAAAAAAAP\/\/\/ywAAAAAAQABAAACAUwAOw==\" fifu-lazy=\"1\" fifu-data-sizes=\"auto\" fifu-data-srcset=\"https:\/\/i2.wp.com\/www.autoindustria.com.br\/wp-content\/uploads\/2019\/12\/Equinox-1.5T-Midnight-15-1.jpg?ssl=1&w=75&resize=75&ssl=1 75w, https:\/\/i2.wp.com\/www.autoindustria.com.br\/wp-content\/uploads\/2019\/12\/Equinox-1.5T-Midnight-15-1.jpg?ssl=1&w=100&resize=100&ssl=1 100w, https:\/\/i2.wp.com\/www.autoindustria.com.br\/wp-content\/uploads\/2019\/12\/Equinox-1.5T-Midnight-15-1.jpg?ssl=1&w=150&resize=150&ssl=1 150w, https:\/\/i2.wp.com\/www.autoindustria.com.br\/wp-content\/uploads\/2019\/12\/Equinox-1.5T-Midnight-15-1.jpg?ssl=1&w=240&resize=240&ssl=1 240w, https:\/\/i2.wp.com\/www.autoindustria.com.br\/wp-content\/uploads\/2019\/12\/Equinox-1.5T-Midnight-15-1.jpg?ssl=1&w=320&resize=320&ssl=1 320w, https:\/\/i2.wp.com\/www.autoindustria.com.br\/wp-content\/uploads\/2019\/12\/Equinox-1.5T-Midnight-15-1.jpg?ssl=1&w=500&resize=500&ssl=1 500w, https:\/\/i2.wp.com\/www.autoindustria.com.br\/wp-content\/uploads\/2019\/12\/Equinox-1.5T-Midnight-15-1.jpg?ssl=1&w=640&resize=640&ssl=1 640w, https:\/\/i2.wp.com\/www.autoindustria.com.br\/wp-content\/uploads\/2019\/12\/Equinox-1.5T-Midnight-15-1.jpg?ssl=1&w=800&resize=800&ssl=1 800w, https:\/\/i2.wp.com\/www.autoindustria.com.br\/wp-content\/uploads\/2019\/12\/Equinox-1.5T-Midnight-15-1.jpg?ssl=1&w=1024&resize=1024&ssl=1 1024w, https:\/\/i2.wp.com\/www.autoindustria.com.br\/wp-content\/uploads\/2019\/12\/Equinox-1.5T-Midnight-15-1.jpg?ssl=1&w=1280&resize=1280&ssl=1 1280w, https:\/\/i2.wp.com\/www.autoindustria.com.br\/wp-content\/uploads\/2019\/12\/Equinox-1.5T-Midnight-15-1.jpg?ssl=1&w=1600&resize=1600&ssl=1 1600w\" fifu-data-src=\"https:\/\/i2.wp.com\/www.autoindustria.com.br\/wp-content\/uploads\/2019\/12\/Equinox-1.5T-Midnight-15-1.jpg?ssl=1\" class=\"ff-og-image-inserted\"><\/div>\n<p><span class=\"et-dropcap\">A<\/span> General Motors est\u00e1 ampliando a linha do seu utilit\u00e1rio esportivo Equinox, at\u00e9 ent\u00e3o comercializada no Pa\u00eds apenas com op\u00e7\u00e3o do motor 2.0 turbo de 262 cavalos. Importado do M\u00e9xico, o SUV de m\u00e9dio porte da Chevrolet passa a oferecer a motoriza\u00e7\u00e3o 1.5 Turbo em duas novas vers\u00f5es \u2013 a LT 1.5&nbsp; e a Midnight 1.5 \u2013 al\u00e9m de tamb\u00e9m estar dispon\u00edvel agora na topo de linha Premier.<\/p>&nbsp;&nbsp;\n<p>\u201cO modelo 1.5 turbo estreia com o mesmo n\u00edvel de conte\u00fado e representa o ingresso do SUV da Chevrolet na por\u00e7\u00e3o mais procurada pelo consumidor\u201d, comentou Rodrigo Fioco, diretor de marketing de produto da GM Am\u00e9rica do Sul, durante o lan\u00e7amento das novas vers\u00f5es na Funda\u00e7\u00e3o Bienal de S\u00e3o Paulo, na capital paulista, na noite de quinta-feira, 4.<\/p>&nbsp;&nbsp;\n<p>Segundo o&nbsp;executivo, com a chegada da vers\u00e3o LT 1.5, a faixa de pre\u00e7o do modelo parte agora de R$ 129.990.&nbsp;No Brasil, o Equinox 1.5 turbo desenvolve 172 cavalos de pot\u00eancia e 27,8 kgfm de for\u00e7a, \u201cn\u00fameros superiores aos dos principais rivais\u201d, de acordo com a montadora. Sua acelera\u00e7\u00e3o vai de 0 a 100 km\/h em apenas 9,2 segundos.<\/p>&nbsp;&nbsp;\n<p><strong>LEIA MAIS<\/strong><\/p>\n<p>?<a href=\"https:\/\/www.autoindustria.com.br\/2019\/11\/27\/gm-contrata-e-amplia-a-base-de-fornecedores-em-gravatai\/\">GM contrata e amplia a base de fornecedores em Gravata\u00ed<\/a><\/p>\n<p>?<a href=\"https:\/\/www.autoindustria.com.br\/2019\/11\/04\/venda-de-suvs-cresce-o-dobro-da-media-do-mercado\/\">Venda de SUVs cresce o dobro da m\u00e9dia do mercado<\/a><\/p>\n<p>Com base em dados do Inmetro, a GM informa ainda que a nova motoriza\u00e7\u00e3o 1.5 turbo tamb\u00e9m chega como refer\u00eancia em economia. O modelo percorre, com gasolina, 11,7 km\/l na estrada e 9,5 km\/l na cidade \u2013 m\u00e9dias at\u00e9 8,3% melhores que as do modelo 2.0 Turbo, que \u00e9 equipado com transmiss\u00e3o autom\u00e1tica de nove marchas.<\/p>&nbsp;&nbsp;\n<p>A linha 2020 do Equinox estreia nas concession\u00e1rias da marca a partir do in\u00edcio do pr\u00f3ximo ano em quatro configura\u00e7\u00f5es, divididas em tr\u00eas n\u00edveis de acabamento (LT, Midnight e Premier), duas op\u00e7\u00f5es de motoriza\u00e7\u00e3o (1.5 turbo e 2.0 turbo) e duas de tra\u00e7\u00e3o (FWD e AWD).<\/p>&nbsp;&nbsp;\n<p>\n<center><strong>An\u00fancio<\/strong><br \/><ins class=\"adsbygoogle\" data-ad-layout=\"in-article\" data-ad-format=\"fluid\" data-ad-client=\"ca-pub-8786145886787391\" data-ad-slot=\"8956205923\"><\/ins> <\/center>\n<\/p>\n<p>A vers\u00e3o especial Midnight tem acabamento interno e externo todo escurecido, com predomin\u00e2ncia do preto, o que d\u00e1 um toque esportivo e customizado ao modelo. Seu conte\u00fado \u00e9 baseado no da vers\u00e3o LT, com destaque para o banco do motorista com ajuste el\u00e9trico, ar-condicionado \u201cdual zone\u201d e far\u00f3is de xen\u00f4nio.<\/p>&nbsp;&nbsp;\n<p>A vers\u00e3o topo de linha Premier, que agora tem op\u00e7\u00e3o do motor 1.5 turbo, soma diversos itens de seguran\u00e7a, como sistemas aut\u00f4nomos de detec\u00e7\u00e3o de pedestre com aux\u00edlio de frenagem e de perman\u00eancia na faixa \u2013 com alerta t\u00e1til no banco. Teto solar el\u00e9trico panor\u00e2mico, sistema de som premium, partida por controle remoto e acionamento da tampa do porta-malas por sensor de movimento fazem parte dos itens de conveni\u00eancia. J\u00e1 a tra\u00e7\u00e3o integral (AWD) com assistente de declive \u00e9 outra exclusividade da vers\u00e3o, ofertada tamb\u00e9m na configura\u00e7\u00e3o 2.0 Turbo.<\/p>&nbsp;&nbsp;\n<p>O Equinox tem 4.652 mm de comprimento, 1.843 mm de largura e 1.697 mm de altura. Seu&nbsp;entre-eixos \u00e9 de 2.725 mm, o que permite acomodar confortavelmente at\u00e9 cinco ocupantes com bagagens.<\/p>&nbsp;&nbsp;\n<p>O volume de carga m\u00e1xima do Equinox pode variar de 468 litros at\u00e9 1.627 litros, dependendo da configura\u00e7\u00e3o dos bancos. O traseiro, ali\u00e1s, pode ser rebatido por meio de uma funcional alavanca localizada na parede lateral direita do compartimento de carga, criando uma superf\u00edcie plana, facilitando assim a acomoda\u00e7\u00e3o de itens compridos.&nbsp;O porta-malas conta ainda um porta-objetos subterr\u00e2neo de 79 litros, que possibilita separar fisicamente diferentes tipos de carga.<\/p>&nbsp;&nbsp;\n<hr>\n<p>Foto: Divulga\u00e7\u00e3o\/GM<\/p>\n","protected":false},"excerpt":{"rendered":"<p>A General Motors est\u00e1 ampliando a linha do seu utilit\u00e1rio esportivo Equinox, at\u00e9 ent\u00e3o comercializada&#8230;<\/p>\n","protected":false},"author":1,"featured_media":0,"comment_status":"open","ping_status":"open","sticky":false,"template":"","format":"standard","meta":{"fifu_image_url":"","fifu_image_alt":"","footnotes":""},"categories":[10931],"tags":[10933],"class_list":["post-78306","post","type-post","status-publish","format-standard","hentry","category-lancamentosmercado","tag-equinoxgeneral-motorslancamentosmotor-1-5-turboprodutorodrigo-fiocosuv","wpcat-10931-id"],"_links":{"self":[{"href":"https:\/\/verde-amarelo.net\/verdeamarelo\/wp-json\/wp\/v2\/posts\/78306","targetHints":{"allow":["GET"]}}],"collection":[{"href":"https:\/\/verde-amarelo.net\/verdeamarelo\/wp-json\/wp\/v2\/posts"}],"about":[{"href":"https:\/\/verde-amarelo.net\/verdeamarelo\/wp-json\/wp\/v2\/types\/post"}],"author":[{"embeddable":true,"href":"https:\/\/verde-amarelo.net\/verdeamarelo\/wp-json\/wp\/v2\/users\/1"}],"replies":[{"embeddable":true,"href":"https:\/\/verde-amarelo.net\/verdeamarelo\/wp-json\/wp\/v2\/comments?post=78306"}],"version-history":[{"count":0,"href":"https:\/\/verde-amarelo.net\/verdeamarelo\/wp-json\/wp\/v2\/posts\/78306\/revisions"}],"wp:attachment":[{"href":"https:\/\/verde-amarelo.net\/verdeamarelo\/wp-json\/wp\/v2\/media?parent=78306"}],"wp:term":[{"taxonomy":"category","embeddable":true,"href":"https:\/\/verde-amarelo.net\/verdeamarelo\/wp-json\/wp\/v2\/categories?post=78306"},{"taxonomy":"post_tag","embeddable":true,"href":"https:\/\/verde-amarelo.net\/verdeamarelo\/wp-json\/wp\/v2\/tags?post=78306"}],"curies":[{"name":"wp","href":"https:\/\/api.w.org\/{rel}","templated":true}]}}