{"id":78492,"date":"2020-07-07T06:00:52","date_gmt":"2020-07-07T09:00:52","guid":{"rendered":"https:\/\/verde-amarelo.net\/verdeamarelo\/2020\/07\/a-hora-e-a-vez-do-orcamento-base-zero-nunca-o-obz-foi-tao-necessario\/"},"modified":"2024-04-25T18:25:04","modified_gmt":"2024-04-25T21:25:04","slug":"a-hora-e-a-vez-do-orcamento-base-zero-nunca-o-obz-foi-tao-necessario","status":"publish","type":"post","link":"https:\/\/verde-amarelo.net\/verdeamarelo\/2020\/07\/a-hora-e-a-vez-do-orcamento-base-zero-nunca-o-obz-foi-tao-necessario\/","title":{"rendered":"A hora e a vez do Or\u00e7amento Base Zero: nunca o OBZ foi t\u00e3o necess\u00e1rio"},"content":{"rendered":"<div class=\"td-post-featured-image\"><a href=\"https:\/\/www.mercadoeconsumo.com.br\/wp-content\/uploads\/2020\/07\/Or\u00e7amento-Base-Zero-2-scaled.jpg\" data-caption><img decoding=\"async\" src=\"data:image\/gif;base64,R0lGODlhAQABAIAAAAAAAP\/\/\/ywAAAAAAQABAAACAUwAOw==\" fifu-lazy=\"1\" fifu-data-sizes=\"auto\" fifu-data-srcset=\"https:\/\/i0.wp.com\/www.truckbrasil.com.br\/wp\/wp-content\/uploads\/2020\/07\/a-hora-e-a-vez-do-orcamento-base-zero-nunca-o-obz-foi-tao-necessario.jpg?ssl=1&w=75&resize=75&ssl=1 75w, https:\/\/i0.wp.com\/www.truckbrasil.com.br\/wp\/wp-content\/uploads\/2020\/07\/a-hora-e-a-vez-do-orcamento-base-zero-nunca-o-obz-foi-tao-necessario.jpg?ssl=1&w=100&resize=100&ssl=1 100w, https:\/\/i0.wp.com\/www.truckbrasil.com.br\/wp\/wp-content\/uploads\/2020\/07\/a-hora-e-a-vez-do-orcamento-base-zero-nunca-o-obz-foi-tao-necessario.jpg?ssl=1&w=150&resize=150&ssl=1 150w, https:\/\/i0.wp.com\/www.truckbrasil.com.br\/wp\/wp-content\/uploads\/2020\/07\/a-hora-e-a-vez-do-orcamento-base-zero-nunca-o-obz-foi-tao-necessario.jpg?ssl=1&w=240&resize=240&ssl=1 240w, https:\/\/i0.wp.com\/www.truckbrasil.com.br\/wp\/wp-content\/uploads\/2020\/07\/a-hora-e-a-vez-do-orcamento-base-zero-nunca-o-obz-foi-tao-necessario.jpg?ssl=1&w=320&resize=320&ssl=1 320w, https:\/\/i0.wp.com\/www.truckbrasil.com.br\/wp\/wp-content\/uploads\/2020\/07\/a-hora-e-a-vez-do-orcamento-base-zero-nunca-o-obz-foi-tao-necessario.jpg?ssl=1&w=500&resize=500&ssl=1 500w, https:\/\/i0.wp.com\/www.truckbrasil.com.br\/wp\/wp-content\/uploads\/2020\/07\/a-hora-e-a-vez-do-orcamento-base-zero-nunca-o-obz-foi-tao-necessario.jpg?ssl=1&w=640&resize=640&ssl=1 640w, https:\/\/i0.wp.com\/www.truckbrasil.com.br\/wp\/wp-content\/uploads\/2020\/07\/a-hora-e-a-vez-do-orcamento-base-zero-nunca-o-obz-foi-tao-necessario.jpg?ssl=1&w=800&resize=800&ssl=1 800w, https:\/\/i0.wp.com\/www.truckbrasil.com.br\/wp\/wp-content\/uploads\/2020\/07\/a-hora-e-a-vez-do-orcamento-base-zero-nunca-o-obz-foi-tao-necessario.jpg?ssl=1&w=1024&resize=1024&ssl=1 1024w, https:\/\/i0.wp.com\/www.truckbrasil.com.br\/wp\/wp-content\/uploads\/2020\/07\/a-hora-e-a-vez-do-orcamento-base-zero-nunca-o-obz-foi-tao-necessario.jpg?ssl=1&w=1280&resize=1280&ssl=1 1280w, https:\/\/i0.wp.com\/www.truckbrasil.com.br\/wp\/wp-content\/uploads\/2020\/07\/a-hora-e-a-vez-do-orcamento-base-zero-nunca-o-obz-foi-tao-necessario.jpg?ssl=1&w=1600&resize=1600&ssl=1 1600w\" width=\"696\" height=\"464\" class=\"entry-thumb td-modal-image\" fifu-data-src=\"https:\/\/i0.wp.com\/www.truckbrasil.com.br\/wp\/wp-content\/uploads\/2020\/07\/a-hora-e-a-vez-do-orcamento-base-zero-nunca-o-obz-foi-tao-necessario.jpg?ssl=1\" srcset=\"https:\/\/www.truckbrasil.com.br\/wp\/wp-content\/uploads\/2020\/07\/a-hora-e-a-vez-do-orcamento-base-zero-nunca-o-obz-foi-tao-necessario.jpg 696w, https:\/\/www.truckbrasil.com.br\/wp\/wp-content\/uploads\/2020\/07\/a-hora-e-a-vez-do-orcamento-base-zero-nunca-o-obz-foi-tao-necessario-1.jpg 300w, https:\/\/www.truckbrasil.com.br\/wp\/wp-content\/uploads\/2020\/07\/a-hora-e-a-vez-do-orcamento-base-zero-nunca-o-obz-foi-tao-necessario-2.jpg 1024w, https:\/\/www.truckbrasil.com.br\/wp\/wp-content\/uploads\/2020\/07\/a-hora-e-a-vez-do-orcamento-base-zero-nunca-o-obz-foi-tao-necessario-3.jpg 768w, https:\/\/www.truckbrasil.com.br\/wp\/wp-content\/uploads\/2020\/07\/a-hora-e-a-vez-do-orcamento-base-zero-nunca-o-obz-foi-tao-necessario-4.jpg 1536w, https:\/\/www.truckbrasil.com.br\/wp\/wp-content\/uploads\/2020\/07\/a-hora-e-a-vez-do-orcamento-base-zero-nunca-o-obz-foi-tao-necessario-5.jpg 2048w, https:\/\/www.truckbrasil.com.br\/wp\/wp-content\/uploads\/2020\/07\/a-hora-e-a-vez-do-orcamento-base-zero-nunca-o-obz-foi-tao-necessario-6.jpg 1068w, https:\/\/www.truckbrasil.com.br\/wp\/wp-content\/uploads\/2020\/07\/a-hora-e-a-vez-do-orcamento-base-zero-nunca-o-obz-foi-tao-necessario-7.jpg 1920w, https:\/\/www.truckbrasil.com.br\/wp\/wp-content\/uploads\/2020\/07\/a-hora-e-a-vez-do-orcamento-base-zero-nunca-o-obz-foi-tao-necessario-8.jpg 630w\" sizes=\"(max-width: 696px) 100vw, 696px\" alt=\"Or\u00e7amento Base Zero 2\" title=\"Or\u00e7amento Base Zero 2\"><\/a><\/div>\n<p> <!-- content --><span class=\"rt-reading-time\"><span class=\"rt-label rt-prefix\">[tempo para leitura:<\/span> <span class=\"rt-time\">3<\/span> <span class=\"rt-label rt-postfix\">minutos]<\/span><\/span><\/p>\n<p>Um ano diferente para todo o planeta. Nunca tanta coisa mudou em t\u00e3o pouco tempo.<\/p>&nbsp;&nbsp;\n<p>Em termos de or\u00e7amento, o que foi planejado nas empresas e nos governos foi por \u00e1gua abaixo diante de uma pandemia imprevis\u00edvel e sem precedentes na hist\u00f3ria moderna.<\/p>&nbsp;&nbsp;\n<p>O que mais ouvimos nos dias de hoje \u00e9 que: \u201cno novo normal algumas pr\u00e1ticas ser\u00e3o diferentes\u201d, \u201cprecisamos nos reinventar\u201d, \u201co mundo n\u00e3o ser\u00e1 o mesmo depois da pandemia\u201d e coisas assim.<\/p>&nbsp;&nbsp;\n<p>Pois bem, diante do choque de realidade quanto \u00e0 gravidade da conjuntura que vivemos, pensar de forma diferente o pr\u00f3ximo or\u00e7amento deve ser encarado como um ato de sobreviv\u00eancia. Muita coragem ser\u00e1 necess\u00e1ria nesta atividade.<\/p>&nbsp;&nbsp;\n<p>O que precisa mudar no pr\u00f3ximo or\u00e7amento das empresas?<\/p>\n<p>O or\u00e7amento de 2021 ter\u00e1 caracter\u00edsticas bem diferentes dos anos anteriores e exigir\u00e1 solu\u00e7\u00f5es inovadoras. A pandemia acelerou decis\u00f5es que n\u00e3o foram tomadas em dez anos.<\/p>&nbsp;&nbsp;\n<p>O momento \u00e9 de um questionamento radical das despesas, empurrando as empresas para um momento de revis\u00e3o generalizada de todos os seus gastos. Por\u00e9m, ao contr\u00e1rio do que possa parecer, isto \u00e9 bom. Esta mudan\u00e7a na forma de avaliar despesas pode gerar benef\u00edcios e salvar quem se mantinha ref\u00e9m da in\u00e9rcia dos gastos ineficientes.<\/p>&nbsp;&nbsp;\n<p>A cl\u00e1ssica forma de or\u00e7ar com a base hist\u00f3rica nas m\u00e3os, olhando pelo \u201cretrovisor\u201d e perpetuando a inefici\u00eancia dos gastos, precisar\u00e1 dar lugar a outra solu\u00e7\u00e3o mais criativa. E ela existe.<\/p>&nbsp;&nbsp;\n<p>Romper com o modelo or\u00e7ament\u00e1rio baseado nos gastos hist\u00f3ricos, recheado daquelas famosas \u201cgordurinhas or\u00e7ament\u00e1rias\u201d, nunca fez tanto sentido. Projetar os n\u00fameros como se as empresas estivessem sendo fundadas hoje virou uma necessidade, dado o desafio de sobreviv\u00eancia imposto pelo cen\u00e1rio atual.<\/p>&nbsp;&nbsp;\n<p><strong>N\u00e3o \u00e9 tarefa de uma pessoa. Engajamento \u00e9 mandat\u00f3rio.<\/strong><\/p>\n<p>Diferente dos exerc\u00edcios onde poucos gestores elaboram o or\u00e7amento do departamento, a ordem \u00e9 dividir a discuss\u00e3o com v\u00e1rios gestores.<\/p>&nbsp;&nbsp;\n<p>A pr\u00e1tica do \u201csempre fizemos assim\u201d precisa ser substitu\u00edda pelo debate coletivo, bem coordenado com um time de representantes de varia \u00e1reas, desafiados a construir um novo racional das despesas para todo plano de contas, como se fosse a primeira vez.<\/p>&nbsp;&nbsp;\n<p>Enquanto o planejamento estrat\u00e9gico vem de cima para baixo, definido pela dire\u00e7\u00e3o, o OBZ precisa ser gerado de baixo para cima, com a participa\u00e7\u00e3o de todos os departamentos e em sintonia com as diretrizes estrat\u00e9gicas.<\/p>&nbsp;&nbsp;\n<p>O envolvimento de mais pessoas questionando as despesas \u00e9 um dos pilares do Or\u00e7amento Base Zero por\u00e9m, isto leva mais tempo, gera mais debates e a constru\u00e7\u00e3o tende a ser mais lenta do que nos or\u00e7amentos com base hist\u00f3rica.<\/p>&nbsp;&nbsp;\n<p>Endere\u00e7ar desde j\u00e1 o tema or\u00e7ament\u00e1rio do pr\u00f3ximo ano permite estudar com calma todas particularidades do momento conturbado que vivemos.<\/p>&nbsp;&nbsp;\n<p><strong>O que o Or\u00e7amento Base Zero realmente significa?<\/strong><\/p>\n<p>Esque\u00e7a o que passou. Interessa provar que as despesas s\u00e3o inquestion\u00e1veis para a sobreviv\u00eancia da empresa. O OBZ vai usar desta estrat\u00e9gia como base para toda a reconstru\u00e7\u00e3o or\u00e7ament\u00e1ria.<\/p>&nbsp;&nbsp;\n<p>Podemos repensar os gastos m\u00ednimos de cada \u00e1rea. Esta reconstru\u00e7\u00e3o ocorre de forma colaborativa, envolvendo equipes multidisciplinares e de diferentes n\u00edveis hier\u00e1rquicos. Como consequ\u00eancia desta din\u00e2mica, cria-se um sentimento de compromisso e responsabilidade sobre a futura execu\u00e7\u00e3o do or\u00e7amento.<\/p>&nbsp;&nbsp;\n<p>Trabalhar o or\u00e7amento com a t\u00e9cnica do OBZ vai tirar as empresas da zona de conforto, estimulando a criatividade coletiva e possibilitando o exerc\u00edcio de simula\u00e7\u00f5es de novos cen\u00e1rios de gastos at\u00e9 a ado\u00e7\u00e3o da melhor solu\u00e7\u00e3o.<\/p>&nbsp;&nbsp;\n<p>A gest\u00e3o financeira deve ser uma obsess\u00e3o nos tempos atuais, assim como a efici\u00eancia em custos. A aplica\u00e7\u00e3o do OBZ significa um atalho neste caminho.<\/p>&nbsp;&nbsp;\n<p><strong>O que um o OBZ pode fazer pela sua empresa?<\/strong><\/p>\n<ul>\n<li>Uma metodologia que permite romper o ciclo vicioso de inefici\u00eancia dos or\u00e7amentos com base hist\u00f3rica, mobilizar equipes em torno de ideias criativas e eliminando desperd\u00edcios durante a execu\u00e7\u00e3o or\u00e7ament\u00e1ria.<\/li>\n<li>A metodologia permite reavaliar despesas de forma inteligente e aumenta a efici\u00eancia dos recursos financeiros aplicados.<\/li>\n<li>OBZ \u00e9 o segredo que as empresas precisam descobrir em tempos de pandemia, para virar o jogo dos custos e conseguir driblar a crise.<\/li>\n<\/ul>\n<p><strong>NOTA:<\/strong> A GS&amp;Consult apoia a evolu\u00e7\u00e3o das rela\u00e7\u00f5es de consumo e desenvolveu uma metodologia para aplicar as t\u00e9cnicas do or\u00e7amento base zero.&nbsp;Atrav\u00e9s da discuss\u00e3o coletiva do plano de contas, rompendo com a base hist\u00f3rica de gastos, \u00e9 poss\u00edvel repensar as despesas de uma forma criativa, reduzindo custos e aumentando o comprometimento das equipes durante a gest\u00e3o or\u00e7ament\u00e1ria.&nbsp;Saiba mais em: <a href=\"http:\/\/www.gseconsult.com.br\">www.gseconsult.com.br<\/a>.<\/p>&nbsp;&nbsp;\n<p><em>* Imagem reprodu\u00e7\u00e3o<\/em><\/p>\n<div class=\"sharedaddy sd-sharing-enabled\">\n<div class=\"robots-nocontent sd-block sd-social sd-social-icon-text sd-sharing\">\n<h3 class=\"sd-title\">Compartilhe isso:<\/h3>\n<\/div>\n<\/div>\n<div class=\"sharedaddy sd-block sd-like jetpack-likes-widget-wrapper jetpack-likes-widget-unloaded\" id=\"like-post-wrapper-128830143-40796-5f041ca357510\" data-src=\"https:\/\/widgets.wp.com\/likes\/#blog_id=128830143&amp;post_id=40796&amp;origin=www.mercadoeconsumo.com.br&amp;obj_id=128830143-40796-5f041ca357510\" data-name=\"like-post-frame-128830143-40796-5f041ca357510\">\n<h3 class=\"sd-title\">Curtir isso:<\/h3>\n<p><span class=\"button\"><span>Curtir<\/span><\/span> <span class=\"loading\">Carregando\u2026<\/span><\/p>\n<\/div>\n<h3 class=\"jp-relatedposts-headline\"><em>Relacionado<\/em><\/h3>\n","protected":false},"excerpt":{"rendered":"<p>[tempo para leitura: 3 minutos] Um ano diferente para todo o planeta. Nunca tanta coisa&#8230;<\/p>\n","protected":false},"author":1,"featured_media":0,"comment_status":"open","ping_status":"open","sticky":false,"template":"","format":"standard","meta":{"fifu_image_url":"","fifu_image_alt":"","footnotes":""},"categories":[8717],"tags":[2584,2229,11014,3836,3247,1874,1111,3086,3929,1810,771,5672,793,4591,3788,3434,3071,3897,3723,2008,39,1364,774,2753,260,2536,219,644,3614,2677,3469,3129,3539,2640,2877,2864,1705,4759,2538,707,3508,778,1366,2086,1087,3620,3599,6860,1967,2183,11363,514,4130],"class_list":["post-78492","post","type-post","status-publish","format-standard","hentry","category-artigos-de-opiniao","tag-2584","tag-agua","tag-artigoscartushopslider","tag-assim","tag-base","tag-bem","tag-beneficios","tag-conforto","tag-conjuntura","tag-construcao","tag-consumo","tag-criatividade","tag-crise","tag-debate","tag-desafio","tag-despesas","tag-direcao","tag-e","tag-eficiencia","tag-empresa","tag-empresas","tag-engajamento","tag-estrategia","tag-financeira","tag-forma","tag-gastos","tag-gestao","tag-gestao-financeira","tag-governos","tag-historia","tag-imagem","tag-imposto","tag-inovadoras","tag-jogo","tag-leitura","tag-modelo","tag-moderna","tag-momento","tag-mudanca","tag-mundo","tag-orcamento","tag-pandemia","tag-pessoas","tag-pilares","tag-planejamento","tag-realidade","tag-recursos","tag-revisao","tag-solucao","tag-solucoes","tag-sua-empresa","tag-tecnica","tag-time","wpcat-8717-id"],"_links":{"self":[{"href":"https:\/\/verde-amarelo.net\/verdeamarelo\/wp-json\/wp\/v2\/posts\/78492","targetHints":{"allow":["GET"]}}],"collection":[{"href":"https:\/\/verde-amarelo.net\/verdeamarelo\/wp-json\/wp\/v2\/posts"}],"about":[{"href":"https:\/\/verde-amarelo.net\/verdeamarelo\/wp-json\/wp\/v2\/types\/post"}],"author":[{"embeddable":true,"href":"https:\/\/verde-amarelo.net\/verdeamarelo\/wp-json\/wp\/v2\/users\/1"}],"replies":[{"embeddable":true,"href":"https:\/\/verde-amarelo.net\/verdeamarelo\/wp-json\/wp\/v2\/comments?post=78492"}],"version-history":[{"count":0,"href":"https:\/\/verde-amarelo.net\/verdeamarelo\/wp-json\/wp\/v2\/posts\/78492\/revisions"}],"wp:attachment":[{"href":"https:\/\/verde-amarelo.net\/verdeamarelo\/wp-json\/wp\/v2\/media?parent=78492"}],"wp:term":[{"taxonomy":"category","embeddable":true,"href":"https:\/\/verde-amarelo.net\/verdeamarelo\/wp-json\/wp\/v2\/categories?post=78492"},{"taxonomy":"post_tag","embeddable":true,"href":"https:\/\/verde-amarelo.net\/verdeamarelo\/wp-json\/wp\/v2\/tags?post=78492"}],"curies":[{"name":"wp","href":"https:\/\/api.w.org\/{rel}","templated":true}]}}